{"id":190749,"date":"2026-01-08T11:30:00","date_gmt":"2026-01-08T14:30:00","guid":{"rendered":"https:\/\/www.hoymercedes.com.ar\/principal\/?p=190749"},"modified":"2026-01-07T22:31:39","modified_gmt":"2026-01-08T01:31:39","slug":"maria-florencia-valle-asumio-como-auxiliar-letrada-en-mercedes","status":"publish","type":"post","link":"https:\/\/www.hoymercedes.com.ar\/principal\/2026\/01\/08\/maria-florencia-valle-asumio-como-auxiliar-letrada-en-mercedes\/","title":{"rendered":"Mar\u00eda Florencia Valle asumi\u00f3 como auxiliar letrada en Mercedes"},"content":{"rendered":"\n<p><strong>Mar\u00eda Florencia Valle<\/strong> tom\u00f3 posesi\u00f3n de su cargo como <strong>auxiliar letrada en la ciudad de Mercedes<\/strong>, en un acto oficial que se realiz\u00f3 ante autoridades del Poder Judicial y miembros de la comunidad legal local.<\/p>\n\n\n\n<figure class=\"wp-block-image size-full\"><img loading=\"lazy\" decoding=\"async\" width=\"720\" height=\"433\" data-attachment-id=\"190750\" data-permalink=\"https:\/\/www.hoymercedes.com.ar\/principal\/2026\/01\/08\/maria-florencia-valle-asumio-como-auxiliar-letrada-en-mercedes\/whatsapp-image-2026-01-07-at-22-30-45\/#main\" data-orig-file=\"https:\/\/www.hoymercedes.com.ar\/principal\/wp-content\/uploads\/2026\/01\/WhatsApp-Image-2026-01-07-at-22.30.45.jpeg\" data-orig-size=\"720,433\" data-comments-opened=\"0\" data-image-meta=\"{&quot;aperture&quot;:&quot;0&quot;,&quot;credit&quot;:&quot;&quot;,&quot;camera&quot;:&quot;&quot;,&quot;caption&quot;:&quot;&quot;,&quot;created_timestamp&quot;:&quot;0&quot;,&quot;copyright&quot;:&quot;&quot;,&quot;focal_length&quot;:&quot;0&quot;,&quot;iso&quot;:&quot;0&quot;,&quot;shutter_speed&quot;:&quot;0&quot;,&quot;title&quot;:&quot;&quot;,&quot;orientation&quot;:&quot;0&quot;}\" data-image-title=\"WhatsApp Image 2026-01-07 at 22.30.45\" data-image-description=\"\" data-image-caption=\"\" data-large-file=\"https:\/\/www.hoymercedes.com.ar\/principal\/wp-content\/uploads\/2026\/01\/WhatsApp-Image-2026-01-07-at-22.30.45.jpeg\" src=\"https:\/\/www.hoymercedes.com.ar\/principal\/wp-content\/uploads\/2026\/01\/WhatsApp-Image-2026-01-07-at-22.30.45.jpeg\" alt=\"\" class=\"wp-image-190750\" srcset=\"https:\/\/www.hoymercedes.com.ar\/principal\/wp-content\/uploads\/2026\/01\/WhatsApp-Image-2026-01-07-at-22.30.45.jpeg 720w, https:\/\/www.hoymercedes.com.ar\/principal\/wp-content\/uploads\/2026\/01\/WhatsApp-Image-2026-01-07-at-22.30.45-630x379.jpeg 630w, https:\/\/www.hoymercedes.com.ar\/principal\/wp-content\/uploads\/2026\/01\/WhatsApp-Image-2026-01-07-at-22.30.45-150x90.jpeg 150w\" sizes=\"auto, (max-width: 720px) 100vw, 720px\" \/><\/figure>\n\n\n\n<p>La nueva funcionaria fue presentada formalmente y destac\u00f3 su compromiso con el <strong>desarrollo de la justicia en la regi\u00f3n<\/strong>, subrayando la importancia de brindar un servicio <strong>eficaz, transparente y cercano a los vecinos<\/strong>.<\/p>\n\n\n\n<p>Durante la ceremonia de asunci\u00f3n, se subray\u00f3 la trayectoria profesional de Valle y su preparaci\u00f3n para asumir esta responsabilidad, en apoyo al funcionamiento cotidiano de los tribunales y la atenci\u00f3n de los requerimientos judiciales de la zona.<\/p>\n\n\n\n<p>La designaci\u00f3n de Valle se enmarca en las acciones del Poder Judicial por <strong>reforzar el equipo de trabajo en Mercedes<\/strong>, con el objetivo de mejorar la respuesta institucional ante las necesidades de la ciudadan\u00eda.<\/p>\n","protected":false},"excerpt":{"rendered":"<p>Mar\u00eda Florencia Valle tom\u00f3 posesi\u00f3n de su cargo como auxiliar letrada en la ciudad de Mercedes, en un acto oficial &#8230; <a title=\"Mar\u00eda Florencia Valle asumi\u00f3 como auxiliar letrada en Mercedes\" class=\"read-more\" href=\"https:\/\/www.hoymercedes.com.ar\/principal\/2026\/01\/08\/maria-florencia-valle-asumio-como-auxiliar-letrada-en-mercedes\/\" aria-label=\"Leer m\u00e1s sobre Mar\u00eda Florencia Valle asumi\u00f3 como auxiliar letrada en Mercedes\">Leer m\u00e1s<\/a><\/p>\n","protected":false},"author":1,"featured_media":190750,"comment_status":"closed","ping_status":"open","sticky":false,"template":"","format":"standard","meta":{"_monsterinsights_skip_tracking":false,"_monsterinsights_sitenote_active":false,"_monsterinsights_sitenote_note":"","_monsterinsights_sitenote_category":0,"jetpack_post_was_ever_published":false,"_jetpack_newsletter_access":"","_jetpack_dont_email_post_to_subs":false,"_jetpack_newsletter_tier_id":0,"_jetpack_memberships_contains_paywalled_content":false,"_jetpack_memberships_contains_paid_content":false,"footnotes":"","jetpack_publicize_message":"","jetpack_publicize_feature_enabled":true,"jetpack_social_post_already_shared":true,"jetpack_social_options":{"image_generator_settings":{"template":"highway","default_image_id":0,"font":"","enabled":false},"version":2},"_wpas_customize_per_network":false},"categories":[8],"tags":[],"class_list":["post-190749","post","type-post","status-publish","format-standard","has-post-thumbnail","hentry","category-sociedad","generate-columns","tablet-grid-50","mobile-grid-100","grid-parent","grid-50"],"jetpack_publicize_connections":[],"jetpack_featured_media_url":"https:\/\/www.hoymercedes.com.ar\/principal\/wp-content\/uploads\/2026\/01\/WhatsApp-Image-2026-01-07-at-22.30.45.jpeg","wps_subtitle":"","jetpack_sharing_enabled":true,"_links":{"self":[{"href":"https:\/\/www.hoymercedes.com.ar\/principal\/wp-json\/wp\/v2\/posts\/190749","targetHints":{"allow":["GET"]}}],"collection":[{"href":"https:\/\/www.hoymercedes.com.ar\/principal\/wp-json\/wp\/v2\/posts"}],"about":[{"href":"https:\/\/www.hoymercedes.com.ar\/principal\/wp-json\/wp\/v2\/types\/post"}],"author":[{"embeddable":true,"href":"https:\/\/www.hoymercedes.com.ar\/principal\/wp-json\/wp\/v2\/users\/1"}],"replies":[{"embeddable":true,"href":"https:\/\/www.hoymercedes.com.ar\/principal\/wp-json\/wp\/v2\/comments?post=190749"}],"version-history":[{"count":1,"href":"https:\/\/www.hoymercedes.com.ar\/principal\/wp-json\/wp\/v2\/posts\/190749\/revisions"}],"predecessor-version":[{"id":190751,"href":"https:\/\/www.hoymercedes.com.ar\/principal\/wp-json\/wp\/v2\/posts\/190749\/revisions\/190751"}],"wp:featuredmedia":[{"embeddable":true,"href":"https:\/\/www.hoymercedes.com.ar\/principal\/wp-json\/wp\/v2\/media\/190750"}],"wp:attachment":[{"href":"https:\/\/www.hoymercedes.com.ar\/principal\/wp-json\/wp\/v2\/media?parent=190749"}],"wp:term":[{"taxonomy":"category","embeddable":true,"href":"https:\/\/www.hoymercedes.com.ar\/principal\/wp-json\/wp\/v2\/categories?post=190749"},{"taxonomy":"post_tag","embeddable":true,"href":"https:\/\/www.hoymercedes.com.ar\/principal\/wp-json\/wp\/v2\/tags?post=190749"}],"curies":[{"name":"wp","href":"https:\/\/api.w.org\/{rel}","templated":true}]}}