{"id":19075,"date":"2012-12-28T01:23:24","date_gmt":"2012-12-28T01:23:24","guid":{"rendered":"http:\/\/www.hoymercedes.com.ar\/principal\/?p=19075"},"modified":"2012-12-28T01:23:57","modified_gmt":"2012-12-28T01:23:57","slug":"selva-tenemos-una-forma-distinta-de-hacer-politica-con-identidad-y-respeto","status":"publish","type":"post","link":"https:\/\/www.hoymercedes.com.ar\/principal\/2012\/12\/28\/selva-tenemos-una-forma-distinta-de-hacer-politica-con-identidad-y-respeto\/","title":{"rendered":"Selva: \u00abTenemos una forma distinta de hacer pol\u00edtica, con identidad y respeto\u00bb"},"content":{"rendered":"<p><a href=\"https:\/\/www.hoymercedes.com.ar\/principal\/wp-content\/uploads\/2012\/12\/Agrupacion-17deOctubre.jpg\"><img loading=\"lazy\" decoding=\"async\" data-attachment-id=\"19077\" data-permalink=\"https:\/\/www.hoymercedes.com.ar\/principal\/2012\/12\/28\/selva-tenemos-una-forma-distinta-de-hacer-politica-con-identidad-y-respeto\/agrupacion-17deoctubre\/#main\" data-orig-file=\"https:\/\/www.hoymercedes.com.ar\/principal\/wp-content\/uploads\/2012\/12\/Agrupacion-17deOctubre.jpg\" data-orig-size=\"618,348\" data-comments-opened=\"1\" data-image-meta=\"{&quot;aperture&quot;:&quot;2.2&quot;,&quot;credit&quot;:&quot;&quot;,&quot;camera&quot;:&quot;N9&quot;,&quot;caption&quot;:&quot;&quot;,&quot;created_timestamp&quot;:&quot;0&quot;,&quot;copyright&quot;:&quot;&quot;,&quot;focal_length&quot;:&quot;28&quot;,&quot;iso&quot;:&quot;606&quot;,&quot;shutter_speed&quot;:&quot;0.044&quot;,&quot;title&quot;:&quot;&quot;}\" data-image-title=\"Agrupacion-17deOctubre\" data-image-description=\"&lt;p&gt;Agrupaci\u00f3n 17 de octubre&lt;\/p&gt;\n\" data-image-caption=\"\" data-large-file=\"https:\/\/www.hoymercedes.com.ar\/principal\/wp-content\/uploads\/2012\/12\/Agrupacion-17deOctubre.jpg\" class=\"aligncenter size-full wp-image-19077\" alt=\"Agrupacion-17deOctubre\" src=\"https:\/\/www.hoymercedes.com.ar\/principal\/wp-content\/uploads\/2012\/12\/Agrupacion-17deOctubre.jpg\" width=\"618\" height=\"348\" \/><\/a>agrupaci<\/p>\n<p>\u00abTenemos una forma distinta de hacer\u00a0pol\u00edtica, con identidad y respeto\u00bb, fueron las palabras del intendente Carlos Selva en la despedida del a\u00f1o que llevaron adelante en la sede partidaria de calle 29 entre 20 y 22 con un importante marco de p\u00fablico que particip\u00f3 del brindes con miras al 2013.<\/p>\n<p>Carlos Selva, presidente del parido jusiticialista de nuestra ciudad, tuvo un momento de di\u00e1logo y reflaxi\u00f3n ante la militancia y vecinos que participaron del encuentro. Tambi\u00e9n tomaron la palabra\u00a0Denapole, Badano y\u00a0Milhomme. Sabrina Selva lo hizo por parte de la juventud partidaria.<\/p>\n<p><strong>La palabra de los protagonistas:<\/strong><\/p>\n<p>\u00abCuando los vientos soplan en contra, los varriletes vuelan mas alto\u00bb\u00a0expreso el presidente del HCD y congresal del PJ Mercedes.\u00a0\u00abEs emocionante ver las caras de los compa\u00f1eros, felices y unidos\u00bb\u00a0se\u00f1alo el secretario del PJ, Alfredo Badano.<\/p>\n<p>\u00abEsta demostrado que cuando la sociedad tiene el objetivo de crecer se\u00a0puede, al militante muchas gracias \u00bb manifesto Carlos Milhomme.<\/p>\n<p>\u00abLa juventud esta consolidada, y es en base al trabajo y la\u00a0solidaridad\u00bb marco Sabrina Selva.<\/p>\n<p>\u00abEn esta casa ademas de compa\u00f1eros de militancia hay amigos\u00bb remarco\u00a0Carlos Selva y sostuvo que \u00abtenemos una forma distinta de hacer\u00a0politica, con identidad y respeto \u00ab.<\/p>\n<p>\u00abComo dirigentes tenemos que representar los pensamientos de la gente,\u00a0pero hace falta que todos los vecinos hagan un esfuerzo\u00bb expreso\u00a0Selva.<\/p>\n","protected":false},"excerpt":{"rendered":"<p>agrupaci \u00abTenemos una forma distinta de hacer\u00a0pol\u00edtica, con identidad y respeto\u00bb, fueron las palabras del intendente Carlos Selva en la &#8230; <a title=\"Selva: \u00abTenemos una forma distinta de hacer pol\u00edtica, con identidad y respeto\u00bb\" class=\"read-more\" href=\"https:\/\/www.hoymercedes.com.ar\/principal\/2012\/12\/28\/selva-tenemos-una-forma-distinta-de-hacer-politica-con-identidad-y-respeto\/\" aria-label=\"Leer m\u00e1s sobre Selva: \u00abTenemos una forma distinta de hacer pol\u00edtica, con identidad y respeto\u00bb\">Leer m\u00e1s<\/a><\/p>\n","protected":false},"author":1,"featured_media":0,"comment_status":"open","ping_status":"open","sticky":false,"template":"","format":"standard","meta":{"_monsterinsights_skip_tracking":false,"_monsterinsights_sitenote_active":false,"_monsterinsights_sitenote_note":"","_monsterinsights_sitenote_category":0,"jetpack_post_was_ever_published":false,"_jetpack_newsletter_access":"","_jetpack_dont_email_post_to_subs":false,"_jetpack_newsletter_tier_id":0,"_jetpack_memberships_contains_paywalled_content":false,"_jetpack_memberships_contains_paid_content":false,"footnotes":"","jetpack_publicize_message":"","jetpack_publicize_feature_enabled":true,"jetpack_social_post_already_shared":false,"jetpack_social_options":{"image_generator_settings":{"template":"highway","default_image_id":0,"font":"","enabled":false},"version":2},"_wpas_customize_per_network":false},"categories":[5],"tags":[552,39],"class_list":["post-19075","post","type-post","status-publish","format-standard","hentry","category-politica","tag-agrupacion-17-de-octubre","tag-carlos-selva","generate-columns","tablet-grid-50","mobile-grid-100","grid-parent","grid-50"],"jetpack_publicize_connections":[],"jetpack_featured_media_url":"","wps_subtitle":"","jetpack_sharing_enabled":true,"_links":{"self":[{"href":"https:\/\/www.hoymercedes.com.ar\/principal\/wp-json\/wp\/v2\/posts\/19075","targetHints":{"allow":["GET"]}}],"collection":[{"href":"https:\/\/www.hoymercedes.com.ar\/principal\/wp-json\/wp\/v2\/posts"}],"about":[{"href":"https:\/\/www.hoymercedes.com.ar\/principal\/wp-json\/wp\/v2\/types\/post"}],"author":[{"embeddable":true,"href":"https:\/\/www.hoymercedes.com.ar\/principal\/wp-json\/wp\/v2\/users\/1"}],"replies":[{"embeddable":true,"href":"https:\/\/www.hoymercedes.com.ar\/principal\/wp-json\/wp\/v2\/comments?post=19075"}],"version-history":[{"count":0,"href":"https:\/\/www.hoymercedes.com.ar\/principal\/wp-json\/wp\/v2\/posts\/19075\/revisions"}],"wp:attachment":[{"href":"https:\/\/www.hoymercedes.com.ar\/principal\/wp-json\/wp\/v2\/media?parent=19075"}],"wp:term":[{"taxonomy":"category","embeddable":true,"href":"https:\/\/www.hoymercedes.com.ar\/principal\/wp-json\/wp\/v2\/categories?post=19075"},{"taxonomy":"post_tag","embeddable":true,"href":"https:\/\/www.hoymercedes.com.ar\/principal\/wp-json\/wp\/v2\/tags?post=19075"}],"curies":[{"name":"wp","href":"https:\/\/api.w.org\/{rel}","templated":true}]}}