{"id":190785,"date":"2026-01-09T00:12:57","date_gmt":"2026-01-09T03:12:57","guid":{"rendered":"https:\/\/www.hoymercedes.com.ar\/principal\/?p=190785"},"modified":"2026-01-09T00:13:07","modified_gmt":"2026-01-09T03:13:07","slug":"cortes-de-luz-para-este-viernes-9","status":"publish","type":"post","link":"https:\/\/www.hoymercedes.com.ar\/principal\/2026\/01\/09\/cortes-de-luz-para-este-viernes-9\/","title":{"rendered":"Cortes de luz para este viernes 9"},"content":{"rendered":"\n<p>La empresa EDEN inform\u00f3 una serie de obras que llevar\u00e1n adelante el viernes 9 de enero y que implicar\u00e1n cortes en el servicio de energ\u00eda el\u00e9ctrica. <\/p>\n\n\n\n<p>\u00abEstaremos trabajando en las redes de los siguientes lugares y horarios:<\/p>\n\n\n\n<p>Viernes 9 de enero<\/p>\n\n\n\n<p>De 8 a 11:30 horas \u2013 De 16 a 24 y de 7 a 1<\/p>\n\n\n\n<p>De 7:30 a 10:30 horas \u2013 De 10 a 12 y de 17 a 7<\/p>\n\n\n\n<p>De 11 a 14 horas \u2013 De 31 a 25 y de 42 a 48<\/p>\n\n\n\n<p>Los trabajos pueden implicar la interrupci\u00f3n del servicio para que el personal trabaje en condiciones seguras y ser\u00e1n reprogramados en caso de producirse condiciones clim\u00e1ticas adversas\u00bb.<\/p>\n\n\n\n<p><\/p>\n","protected":false},"excerpt":{"rendered":"<p>La empresa EDEN inform\u00f3 una serie de obras que llevar\u00e1n adelante el viernes 9 de enero y que implicar\u00e1n cortes &#8230; <a title=\"Cortes de luz para este viernes 9\" class=\"read-more\" href=\"https:\/\/www.hoymercedes.com.ar\/principal\/2026\/01\/09\/cortes-de-luz-para-este-viernes-9\/\" aria-label=\"Leer m\u00e1s sobre Cortes de luz para este viernes 9\">Leer m\u00e1s<\/a><\/p>\n","protected":false},"author":1,"featured_media":189921,"comment_status":"closed","ping_status":"open","sticky":false,"template":"","format":"standard","meta":{"_monsterinsights_skip_tracking":false,"_monsterinsights_sitenote_active":false,"_monsterinsights_sitenote_note":"","_monsterinsights_sitenote_category":0,"jetpack_post_was_ever_published":false,"_jetpack_newsletter_access":"","_jetpack_dont_email_post_to_subs":false,"_jetpack_newsletter_tier_id":0,"_jetpack_memberships_contains_paywalled_content":false,"_jetpack_memberships_contains_paid_content":false,"footnotes":"","jetpack_publicize_message":"","jetpack_publicize_feature_enabled":true,"jetpack_social_post_already_shared":true,"jetpack_social_options":{"image_generator_settings":{"template":"highway","default_image_id":0,"font":"","enabled":false},"version":2},"_wpas_customize_per_network":false},"categories":[8],"tags":[],"class_list":["post-190785","post","type-post","status-publish","format-standard","has-post-thumbnail","hentry","category-sociedad","generate-columns","tablet-grid-50","mobile-grid-100","grid-parent","grid-50"],"jetpack_publicize_connections":[],"jetpack_featured_media_url":"https:\/\/www.hoymercedes.com.ar\/principal\/wp-content\/uploads\/2025\/12\/logo-eden-nuev.jpeg","wps_subtitle":"","jetpack_sharing_enabled":true,"_links":{"self":[{"href":"https:\/\/www.hoymercedes.com.ar\/principal\/wp-json\/wp\/v2\/posts\/190785","targetHints":{"allow":["GET"]}}],"collection":[{"href":"https:\/\/www.hoymercedes.com.ar\/principal\/wp-json\/wp\/v2\/posts"}],"about":[{"href":"https:\/\/www.hoymercedes.com.ar\/principal\/wp-json\/wp\/v2\/types\/post"}],"author":[{"embeddable":true,"href":"https:\/\/www.hoymercedes.com.ar\/principal\/wp-json\/wp\/v2\/users\/1"}],"replies":[{"embeddable":true,"href":"https:\/\/www.hoymercedes.com.ar\/principal\/wp-json\/wp\/v2\/comments?post=190785"}],"version-history":[{"count":1,"href":"https:\/\/www.hoymercedes.com.ar\/principal\/wp-json\/wp\/v2\/posts\/190785\/revisions"}],"predecessor-version":[{"id":190786,"href":"https:\/\/www.hoymercedes.com.ar\/principal\/wp-json\/wp\/v2\/posts\/190785\/revisions\/190786"}],"wp:featuredmedia":[{"embeddable":true,"href":"https:\/\/www.hoymercedes.com.ar\/principal\/wp-json\/wp\/v2\/media\/189921"}],"wp:attachment":[{"href":"https:\/\/www.hoymercedes.com.ar\/principal\/wp-json\/wp\/v2\/media?parent=190785"}],"wp:term":[{"taxonomy":"category","embeddable":true,"href":"https:\/\/www.hoymercedes.com.ar\/principal\/wp-json\/wp\/v2\/categories?post=190785"},{"taxonomy":"post_tag","embeddable":true,"href":"https:\/\/www.hoymercedes.com.ar\/principal\/wp-json\/wp\/v2\/tags?post=190785"}],"curies":[{"name":"wp","href":"https:\/\/api.w.org\/{rel}","templated":true}]}}