{"id":19080,"date":"2012-12-28T01:39:35","date_gmt":"2012-12-28T01:39:35","guid":{"rendered":"http:\/\/www.hoymercedes.com.ar\/principal\/?p=19080"},"modified":"2012-12-28T01:39:58","modified_gmt":"2012-12-28T01:39:58","slug":"asamblea-de-mayores-contribuyentes-con-polemica","status":"publish","type":"post","link":"https:\/\/www.hoymercedes.com.ar\/principal\/2012\/12\/28\/asamblea-de-mayores-contribuyentes-con-polemica\/","title":{"rendered":"Asamblea de Mayores Contribuyentes con pol\u00e9mica"},"content":{"rendered":"<p>Durante la ma\u00f1ana del jueves se llev\u00f3 a cabo la tan anunciada Asamblea de Mayores Contribuyentes donde se evaluaban las modificaciones a las tasas impositivas locales con miras al 2013. Es importante recordar que ellas son parte sustancial del presupuesto comunal.<\/p>\n<p>Hubo pol\u00e9mica y no necesariamente una puesta en com\u00fan, como todos esper\u00e1rabamos, tras un debate que llev\u00f3 a la necesidad de tomar un cuarto intermedio que deriv\u00f3 en un posterior abandono del recinto por parte del Frente Mercedino para la Victoria primero y del resto \u00a0de la oposici\u00f3n despu\u00e9s. A partir de all\u00ed s\u00f3lo qued\u00f3 el bloque oficialista en la asamblea.<\/p>\n<p>La situaci\u00f3n deriv\u00f3 en que se \u00a0considere inv\u00e1lida la asamblea dado que se cre\u00f3 un \u00a0vac\u00edo que conllev\u00f3 a \u00a0la falta de qu\u00f3rum, tal como sostienen desde la oposici\u00f3n.<\/p>\n<p>Este viernes a las 9.00hs se llevar\u00eda a cabo un nuevo intento. Minutos antes, el Frente Mercedino para la Victoria expresar\u00e1 su opini\u00f3n a la prensa para hacerle llegar a la comunidad su visi\u00f3n de los acontecimientos.<\/p>\n<p>&nbsp;<\/p>\n<p>&nbsp;<\/p>\n","protected":false},"excerpt":{"rendered":"<p>Durante la ma\u00f1ana del jueves se llev\u00f3 a cabo la tan anunciada Asamblea de Mayores Contribuyentes donde se evaluaban las &#8230; <a title=\"Asamblea de Mayores Contribuyentes con pol\u00e9mica\" class=\"read-more\" href=\"https:\/\/www.hoymercedes.com.ar\/principal\/2012\/12\/28\/asamblea-de-mayores-contribuyentes-con-polemica\/\" aria-label=\"Leer m\u00e1s sobre Asamblea de Mayores Contribuyentes con pol\u00e9mica\">Leer m\u00e1s<\/a><\/p>\n","protected":false},"author":1,"featured_media":0,"comment_status":"open","ping_status":"open","sticky":false,"template":"","format":"standard","meta":{"_monsterinsights_skip_tracking":false,"_monsterinsights_sitenote_active":false,"_monsterinsights_sitenote_note":"","_monsterinsights_sitenote_category":0,"jetpack_post_was_ever_published":false,"_jetpack_newsletter_access":"","_jetpack_dont_email_post_to_subs":false,"_jetpack_newsletter_tier_id":0,"_jetpack_memberships_contains_paywalled_content":false,"_jetpack_memberships_contains_paid_content":false,"footnotes":"","jetpack_publicize_message":"","jetpack_publicize_feature_enabled":true,"jetpack_social_post_already_shared":false,"jetpack_social_options":{"image_generator_settings":{"template":"highway","default_image_id":0,"font":"","enabled":false},"version":2},"_wpas_customize_per_network":false},"categories":[5],"tags":[3105,39,379,321],"class_list":["post-19080","post","type-post","status-publish","format-standard","hentry","category-politica","tag-asamblea-de-mayores-contribuyentes","tag-carlos-selva","tag-frente-mercedino-para-la-victoria","tag-jose-cestari","generate-columns","tablet-grid-50","mobile-grid-100","grid-parent","grid-50"],"jetpack_publicize_connections":[],"jetpack_featured_media_url":"","wps_subtitle":"","jetpack_sharing_enabled":true,"_links":{"self":[{"href":"https:\/\/www.hoymercedes.com.ar\/principal\/wp-json\/wp\/v2\/posts\/19080","targetHints":{"allow":["GET"]}}],"collection":[{"href":"https:\/\/www.hoymercedes.com.ar\/principal\/wp-json\/wp\/v2\/posts"}],"about":[{"href":"https:\/\/www.hoymercedes.com.ar\/principal\/wp-json\/wp\/v2\/types\/post"}],"author":[{"embeddable":true,"href":"https:\/\/www.hoymercedes.com.ar\/principal\/wp-json\/wp\/v2\/users\/1"}],"replies":[{"embeddable":true,"href":"https:\/\/www.hoymercedes.com.ar\/principal\/wp-json\/wp\/v2\/comments?post=19080"}],"version-history":[{"count":0,"href":"https:\/\/www.hoymercedes.com.ar\/principal\/wp-json\/wp\/v2\/posts\/19080\/revisions"}],"wp:attachment":[{"href":"https:\/\/www.hoymercedes.com.ar\/principal\/wp-json\/wp\/v2\/media?parent=19080"}],"wp:term":[{"taxonomy":"category","embeddable":true,"href":"https:\/\/www.hoymercedes.com.ar\/principal\/wp-json\/wp\/v2\/categories?post=19080"},{"taxonomy":"post_tag","embeddable":true,"href":"https:\/\/www.hoymercedes.com.ar\/principal\/wp-json\/wp\/v2\/tags?post=19080"}],"curies":[{"name":"wp","href":"https:\/\/api.w.org\/{rel}","templated":true}]}}