{"id":190800,"date":"2026-01-09T17:09:56","date_gmt":"2026-01-09T20:09:56","guid":{"rendered":"https:\/\/www.hoymercedes.com.ar\/principal\/?p=190800"},"modified":"2026-01-09T17:09:58","modified_gmt":"2026-01-09T20:09:58","slug":"tres-propuestas-en-la-pantalla-del-cine-mercedes","status":"publish","type":"post","link":"https:\/\/www.hoymercedes.com.ar\/principal\/2026\/01\/09\/tres-propuestas-en-la-pantalla-del-cine-mercedes\/","title":{"rendered":"Tres propuestas en la pantalla del Cine Mercedes"},"content":{"rendered":"\n<p>Desde el viernes 9 al martes 13 de enero, el Cine Mercedes propone tres pel\u00edculas para la gran pantalla local. Primate es el estreno de la semana. En tanto, vuelven al cine local Avatar 3 y Bob Esponja. <\/p>\n\n\n<div class=\"wp-block-image\">\n<figure class=\"aligncenter size-large\"><img loading=\"lazy\" decoding=\"async\" width=\"682\" height=\"1024\" data-attachment-id=\"190801\" data-permalink=\"https:\/\/www.hoymercedes.com.ar\/principal\/2026\/01\/09\/tres-propuestas-en-la-pantalla-del-cine-mercedes\/gacetilla-cine-mercedes-41-3\/#main\" data-orig-file=\"https:\/\/www.hoymercedes.com.ar\/principal\/wp-content\/uploads\/2026\/01\/Gacetilla-Cine-Mercedes-41.png\" data-orig-size=\"827,1242\" data-comments-opened=\"0\" data-image-meta=\"{&quot;aperture&quot;:&quot;0&quot;,&quot;credit&quot;:&quot;&quot;,&quot;camera&quot;:&quot;&quot;,&quot;caption&quot;:&quot;&quot;,&quot;created_timestamp&quot;:&quot;0&quot;,&quot;copyright&quot;:&quot;&quot;,&quot;focal_length&quot;:&quot;0&quot;,&quot;iso&quot;:&quot;0&quot;,&quot;shutter_speed&quot;:&quot;0&quot;,&quot;title&quot;:&quot;&quot;,&quot;orientation&quot;:&quot;0&quot;}\" data-image-title=\"Gacetilla Cine Mercedes (41)\" data-image-description=\"\" data-image-caption=\"\" data-large-file=\"https:\/\/www.hoymercedes.com.ar\/principal\/wp-content\/uploads\/2026\/01\/Gacetilla-Cine-Mercedes-41-682x1024.png\" src=\"https:\/\/www.hoymercedes.com.ar\/principal\/wp-content\/uploads\/2026\/01\/Gacetilla-Cine-Mercedes-41-682x1024.png\" alt=\"\" class=\"wp-image-190801\" srcset=\"https:\/\/www.hoymercedes.com.ar\/principal\/wp-content\/uploads\/2026\/01\/Gacetilla-Cine-Mercedes-41-682x1024.png 682w, https:\/\/www.hoymercedes.com.ar\/principal\/wp-content\/uploads\/2026\/01\/Gacetilla-Cine-Mercedes-41-413x620.png 413w, https:\/\/www.hoymercedes.com.ar\/principal\/wp-content\/uploads\/2026\/01\/Gacetilla-Cine-Mercedes-41-100x150.png 100w, https:\/\/www.hoymercedes.com.ar\/principal\/wp-content\/uploads\/2026\/01\/Gacetilla-Cine-Mercedes-41.png 827w\" sizes=\"auto, (max-width: 682px) 100vw, 682px\" \/><\/figure>\n<\/div>\n\n\n<p>Sinopsis \u00abPrimate\u00bb: Tras regresar de la universidad, Lucy se re\u00fane con su familia, incluido el chimpanc\u00e9 Ben. Ben contrae la rabia durante una fiesta en la piscina y se vuelve muy agresivo. Lucy y sus amigos se atrincheran en la piscina e idean formas de sobrevivir al feroz chimpanc\u00e9.<\/p>\n\n\n\n<p>Sinopsis \u00abBob Esponja\u00bb: Desesperado por demostrar que es un t\u00edo grande, Bob Esponja decide demostrar su valent\u00eda ante el se\u00f1or Cangrejo siguiendo al Holand\u00e9s Errante, el misterioso legendario pirata fantasma. As\u00ed comienza una aventura mar\u00edtima que lo lleva a las profundidades m\u00e1s remotas del oc\u00e9ano, donde ninguna esponja ha llegado jam\u00e1s.<\/p>\n\n\n\n<p>Sinopsis Avatar 3: Tercera entrega de la saga \u00abAvatar\u00bb. Presenta al Pueblo de las Cenizas, un clan Na&#8217;vi no tan pac\u00edfico que utilizar\u00e1 la violencia si lo necesita para conseguir sus objetivos, aunque sea contra otros clanes. (FILMAFFINITY)<\/p>\n","protected":false},"excerpt":{"rendered":"<p>Desde el viernes 9 al martes 13 de enero, el Cine Mercedes propone tres pel\u00edculas para la gran pantalla local. &#8230; <a title=\"Tres propuestas en la pantalla del Cine Mercedes\" class=\"read-more\" href=\"https:\/\/www.hoymercedes.com.ar\/principal\/2026\/01\/09\/tres-propuestas-en-la-pantalla-del-cine-mercedes\/\" aria-label=\"Leer m\u00e1s sobre Tres propuestas en la pantalla del Cine Mercedes\">Leer m\u00e1s<\/a><\/p>\n","protected":false},"author":1,"featured_media":190802,"comment_status":"closed","ping_status":"open","sticky":false,"template":"","format":"standard","meta":{"_monsterinsights_skip_tracking":false,"_monsterinsights_sitenote_active":false,"_monsterinsights_sitenote_note":"","_monsterinsights_sitenote_category":0,"jetpack_post_was_ever_published":false,"_jetpack_newsletter_access":"","_jetpack_dont_email_post_to_subs":false,"_jetpack_newsletter_tier_id":0,"_jetpack_memberships_contains_paywalled_content":false,"_jetpack_memberships_contains_paid_content":false,"footnotes":"","jetpack_publicize_message":"","jetpack_publicize_feature_enabled":true,"jetpack_social_post_already_shared":true,"jetpack_social_options":{"image_generator_settings":{"template":"highway","default_image_id":0,"font":"","enabled":false},"version":2},"_wpas_customize_per_network":false},"categories":[8],"tags":[],"class_list":["post-190800","post","type-post","status-publish","format-standard","has-post-thumbnail","hentry","category-sociedad","generate-columns","tablet-grid-50","mobile-grid-100","grid-parent","grid-50"],"jetpack_publicize_connections":[],"jetpack_featured_media_url":"https:\/\/www.hoymercedes.com.ar\/principal\/wp-content\/uploads\/2026\/01\/UIP-PRIMATE-819x1024-1.jpg","wps_subtitle":"","jetpack_sharing_enabled":true,"_links":{"self":[{"href":"https:\/\/www.hoymercedes.com.ar\/principal\/wp-json\/wp\/v2\/posts\/190800","targetHints":{"allow":["GET"]}}],"collection":[{"href":"https:\/\/www.hoymercedes.com.ar\/principal\/wp-json\/wp\/v2\/posts"}],"about":[{"href":"https:\/\/www.hoymercedes.com.ar\/principal\/wp-json\/wp\/v2\/types\/post"}],"author":[{"embeddable":true,"href":"https:\/\/www.hoymercedes.com.ar\/principal\/wp-json\/wp\/v2\/users\/1"}],"replies":[{"embeddable":true,"href":"https:\/\/www.hoymercedes.com.ar\/principal\/wp-json\/wp\/v2\/comments?post=190800"}],"version-history":[{"count":1,"href":"https:\/\/www.hoymercedes.com.ar\/principal\/wp-json\/wp\/v2\/posts\/190800\/revisions"}],"predecessor-version":[{"id":190803,"href":"https:\/\/www.hoymercedes.com.ar\/principal\/wp-json\/wp\/v2\/posts\/190800\/revisions\/190803"}],"wp:featuredmedia":[{"embeddable":true,"href":"https:\/\/www.hoymercedes.com.ar\/principal\/wp-json\/wp\/v2\/media\/190802"}],"wp:attachment":[{"href":"https:\/\/www.hoymercedes.com.ar\/principal\/wp-json\/wp\/v2\/media?parent=190800"}],"wp:term":[{"taxonomy":"category","embeddable":true,"href":"https:\/\/www.hoymercedes.com.ar\/principal\/wp-json\/wp\/v2\/categories?post=190800"},{"taxonomy":"post_tag","embeddable":true,"href":"https:\/\/www.hoymercedes.com.ar\/principal\/wp-json\/wp\/v2\/tags?post=190800"}],"curies":[{"name":"wp","href":"https:\/\/api.w.org\/{rel}","templated":true}]}}