{"id":190808,"date":"2026-01-10T09:02:00","date_gmt":"2026-01-10T12:02:00","guid":{"rendered":"https:\/\/www.hoymercedes.com.ar\/principal\/?p=190808"},"modified":"2026-01-09T22:04:19","modified_gmt":"2026-01-10T01:04:19","slug":"provincia-licito-obras-para-expandir-la-red-de-agua-potable-en-el-oeste-de-mercedes","status":"publish","type":"post","link":"https:\/\/www.hoymercedes.com.ar\/principal\/2026\/01\/10\/provincia-licito-obras-para-expandir-la-red-de-agua-potable-en-el-oeste-de-mercedes\/","title":{"rendered":"Provincia licit\u00f3 obras para expandir la red de agua potable en el oeste de Mercedes"},"content":{"rendered":"\n<p>El Gobierno de la Provincia de Buenos Aires avanz\u00f3 en la <strong>licitaci\u00f3n de una nueva obra que ampliar\u00e1 el acceso al agua potable en la zona oeste de la ciudad de Mercedes<\/strong>, en el marco de un plan de infraestructura h\u00eddrica que tambi\u00e9n incluye trabajos similares en otros distritos bonaerenses.<\/p>\n\n\n\n<figure class=\"wp-block-image size-full\"><img loading=\"lazy\" decoding=\"async\" width=\"650\" height=\"433\" data-attachment-id=\"190809\" data-permalink=\"https:\/\/www.hoymercedes.com.ar\/principal\/2026\/01\/10\/provincia-licito-obras-para-expandir-la-red-de-agua-potable-en-el-oeste-de-mercedes\/whatsapp-image-2026-01-09-at-22-03-33\/#main\" data-orig-file=\"https:\/\/www.hoymercedes.com.ar\/principal\/wp-content\/uploads\/2026\/01\/WhatsApp-Image-2026-01-09-at-22.03.33.jpeg\" data-orig-size=\"650,433\" data-comments-opened=\"0\" data-image-meta=\"{&quot;aperture&quot;:&quot;0&quot;,&quot;credit&quot;:&quot;&quot;,&quot;camera&quot;:&quot;&quot;,&quot;caption&quot;:&quot;&quot;,&quot;created_timestamp&quot;:&quot;0&quot;,&quot;copyright&quot;:&quot;&quot;,&quot;focal_length&quot;:&quot;0&quot;,&quot;iso&quot;:&quot;0&quot;,&quot;shutter_speed&quot;:&quot;0&quot;,&quot;title&quot;:&quot;&quot;,&quot;orientation&quot;:&quot;0&quot;}\" data-image-title=\"WhatsApp Image 2026-01-09 at 22.03.33\" data-image-description=\"\" data-image-caption=\"\" data-large-file=\"https:\/\/www.hoymercedes.com.ar\/principal\/wp-content\/uploads\/2026\/01\/WhatsApp-Image-2026-01-09-at-22.03.33.jpeg\" src=\"https:\/\/www.hoymercedes.com.ar\/principal\/wp-content\/uploads\/2026\/01\/WhatsApp-Image-2026-01-09-at-22.03.33.jpeg\" alt=\"\" class=\"wp-image-190809\" srcset=\"https:\/\/www.hoymercedes.com.ar\/principal\/wp-content\/uploads\/2026\/01\/WhatsApp-Image-2026-01-09-at-22.03.33.jpeg 650w, https:\/\/www.hoymercedes.com.ar\/principal\/wp-content\/uploads\/2026\/01\/WhatsApp-Image-2026-01-09-at-22.03.33-630x420.jpeg 630w, https:\/\/www.hoymercedes.com.ar\/principal\/wp-content\/uploads\/2026\/01\/WhatsApp-Image-2026-01-09-at-22.03.33-150x100.jpeg 150w\" sizes=\"auto, (max-width: 650px) 100vw, 650px\" \/><\/figure>\n\n\n\n<p>La intervenci\u00f3n consiste en la <strong>ejecuci\u00f3n de una nueva red de distribuci\u00f3n de agua potable<\/strong> que permitir\u00e1 abastecer especialmente al <strong>barrio CIMES<\/strong>, mediante la instalaci\u00f3n de una <strong>ca\u00f1er\u00eda principal de PVC de gran di\u00e1metro<\/strong>. Adem\u00e1s, est\u00e1 prevista la construcci\u00f3n de un <strong>pozo de agua adicional<\/strong> en un espacio verde ubicado en la intersecci\u00f3n de <strong>calles 10 y 85 bis<\/strong>, junto con la instalaci\u00f3n de <strong>conexiones domiciliarias que beneficiar\u00e1n a cientos de hogares<\/strong>.<\/p>\n\n\n\n<p>Se estima que la obra <strong>mejorar\u00e1 el servicio de suministro en el sector oeste de la ciudad<\/strong>, dando respuesta a las necesidades de crecimiento urbano y consolidando la infraestructura b\u00e1sica en esa \u00e1rea. Adem\u00e1s, el proyecto contempla una <strong>base para futuras ampliaciones que puedan cubrir nuevos espacios residenciales<\/strong>.<\/p>\n\n\n\n<p>Desde la Provincia destacaron que este tipo de iniciativas forman parte de un <strong>compromiso sostenido con obras p\u00fablicas que impactan directamente en la calidad de vida de los vecinos<\/strong>, especialmente en aspectos esenciales como el acceso al agua potable.<\/p>\n","protected":false},"excerpt":{"rendered":"<p>El Gobierno de la Provincia de Buenos Aires avanz\u00f3 en la licitaci\u00f3n de una nueva obra que ampliar\u00e1 el acceso &#8230; <a title=\"Provincia licit\u00f3 obras para expandir la red de agua potable en el oeste de Mercedes\" class=\"read-more\" href=\"https:\/\/www.hoymercedes.com.ar\/principal\/2026\/01\/10\/provincia-licito-obras-para-expandir-la-red-de-agua-potable-en-el-oeste-de-mercedes\/\" aria-label=\"Leer m\u00e1s sobre Provincia licit\u00f3 obras para expandir la red de agua potable en el oeste de Mercedes\">Leer m\u00e1s<\/a><\/p>\n","protected":false},"author":1,"featured_media":190809,"comment_status":"closed","ping_status":"open","sticky":false,"template":"","format":"standard","meta":{"_monsterinsights_skip_tracking":false,"_monsterinsights_sitenote_active":false,"_monsterinsights_sitenote_note":"","_monsterinsights_sitenote_category":0,"jetpack_post_was_ever_published":false,"_jetpack_newsletter_access":"","_jetpack_dont_email_post_to_subs":false,"_jetpack_newsletter_tier_id":0,"_jetpack_memberships_contains_paywalled_content":false,"_jetpack_memberships_contains_paid_content":false,"footnotes":"","jetpack_publicize_message":"","jetpack_publicize_feature_enabled":true,"jetpack_social_post_already_shared":true,"jetpack_social_options":{"image_generator_settings":{"template":"highway","default_image_id":0,"font":"","enabled":false},"version":2},"_wpas_customize_per_network":false},"categories":[8],"tags":[],"class_list":["post-190808","post","type-post","status-publish","format-standard","has-post-thumbnail","hentry","category-sociedad","generate-columns","tablet-grid-50","mobile-grid-100","grid-parent","grid-50"],"jetpack_publicize_connections":[],"jetpack_featured_media_url":"https:\/\/www.hoymercedes.com.ar\/principal\/wp-content\/uploads\/2026\/01\/WhatsApp-Image-2026-01-09-at-22.03.33.jpeg","wps_subtitle":"","jetpack_sharing_enabled":true,"_links":{"self":[{"href":"https:\/\/www.hoymercedes.com.ar\/principal\/wp-json\/wp\/v2\/posts\/190808","targetHints":{"allow":["GET"]}}],"collection":[{"href":"https:\/\/www.hoymercedes.com.ar\/principal\/wp-json\/wp\/v2\/posts"}],"about":[{"href":"https:\/\/www.hoymercedes.com.ar\/principal\/wp-json\/wp\/v2\/types\/post"}],"author":[{"embeddable":true,"href":"https:\/\/www.hoymercedes.com.ar\/principal\/wp-json\/wp\/v2\/users\/1"}],"replies":[{"embeddable":true,"href":"https:\/\/www.hoymercedes.com.ar\/principal\/wp-json\/wp\/v2\/comments?post=190808"}],"version-history":[{"count":1,"href":"https:\/\/www.hoymercedes.com.ar\/principal\/wp-json\/wp\/v2\/posts\/190808\/revisions"}],"predecessor-version":[{"id":190810,"href":"https:\/\/www.hoymercedes.com.ar\/principal\/wp-json\/wp\/v2\/posts\/190808\/revisions\/190810"}],"wp:featuredmedia":[{"embeddable":true,"href":"https:\/\/www.hoymercedes.com.ar\/principal\/wp-json\/wp\/v2\/media\/190809"}],"wp:attachment":[{"href":"https:\/\/www.hoymercedes.com.ar\/principal\/wp-json\/wp\/v2\/media?parent=190808"}],"wp:term":[{"taxonomy":"category","embeddable":true,"href":"https:\/\/www.hoymercedes.com.ar\/principal\/wp-json\/wp\/v2\/categories?post=190808"},{"taxonomy":"post_tag","embeddable":true,"href":"https:\/\/www.hoymercedes.com.ar\/principal\/wp-json\/wp\/v2\/tags?post=190808"}],"curies":[{"name":"wp","href":"https:\/\/api.w.org\/{rel}","templated":true}]}}