{"id":190811,"date":"2026-01-10T10:30:00","date_gmt":"2026-01-10T13:30:00","guid":{"rendered":"https:\/\/www.hoymercedes.com.ar\/principal\/?p=190811"},"modified":"2026-01-09T22:08:43","modified_gmt":"2026-01-10T01:08:43","slug":"comenzo-en-mercedes-la-vacunacion-obligatoria-contra-el-virus-sincicial-respiratorio","status":"publish","type":"post","link":"https:\/\/www.hoymercedes.com.ar\/principal\/2026\/01\/10\/comenzo-en-mercedes-la-vacunacion-obligatoria-contra-el-virus-sincicial-respiratorio\/","title":{"rendered":"Comenz\u00f3 en Mercedes la vacunaci\u00f3n obligatoria contra el Virus Sincicial Respiratorio"},"content":{"rendered":"\n<p>El Ministerio de Salud de la Provincia de Buenos Aires puso en marcha la <strong>campa\u00f1a de vacunaci\u00f3n obligatoria y gratuita contra el Virus Sincicial Respiratorio (VSR)<\/strong>, con el objetivo de <strong>proteger a los reci\u00e9n nacidos frente a infecciones respiratorias graves<\/strong>, entre ellas la bronquiolitis.<\/p>\n\n\n\n<figure class=\"wp-block-image size-large\"><img loading=\"lazy\" decoding=\"async\" width=\"1024\" height=\"576\" data-attachment-id=\"122754\" data-permalink=\"https:\/\/www.hoymercedes.com.ar\/principal\/2021\/01\/01\/nacio-alma-la-primera-mercedina-del-ano\/hospital-blas-l-dubarry-2021\/#main\" data-orig-file=\"https:\/\/www.hoymercedes.com.ar\/principal\/wp-content\/uploads\/2021\/01\/Hospital.Blas_.L.Dubarry.2021.jpg\" data-orig-size=\"1113,626\" data-comments-opened=\"0\" data-image-meta=\"{&quot;aperture&quot;:&quot;0&quot;,&quot;credit&quot;:&quot;&quot;,&quot;camera&quot;:&quot;&quot;,&quot;caption&quot;:&quot;&quot;,&quot;created_timestamp&quot;:&quot;0&quot;,&quot;copyright&quot;:&quot;&quot;,&quot;focal_length&quot;:&quot;0&quot;,&quot;iso&quot;:&quot;0&quot;,&quot;shutter_speed&quot;:&quot;0&quot;,&quot;title&quot;:&quot;&quot;,&quot;orientation&quot;:&quot;0&quot;}\" data-image-title=\"Hospital.Blas.L.Dubarry.2021\" data-image-description=\"&lt;p&gt;Hospital Dubarry Mercedes&lt;\/p&gt;\n\" data-image-caption=\"&lt;p&gt;Hospital Dubarry Mercedes&lt;\/p&gt;\n\" data-large-file=\"https:\/\/www.hoymercedes.com.ar\/principal\/wp-content\/uploads\/2021\/01\/Hospital.Blas_.L.Dubarry.2021-1024x576.jpg\" src=\"https:\/\/www.hoymercedes.com.ar\/principal\/wp-content\/uploads\/2021\/01\/Hospital.Blas_.L.Dubarry.2021-1024x576.jpg\" alt=\"Hospital Dubarry Mercedes\" class=\"wp-image-122754\" srcset=\"https:\/\/www.hoymercedes.com.ar\/principal\/wp-content\/uploads\/2021\/01\/Hospital.Blas_.L.Dubarry.2021-1024x576.jpg 1024w, https:\/\/www.hoymercedes.com.ar\/principal\/wp-content\/uploads\/2021\/01\/Hospital.Blas_.L.Dubarry.2021-630x354.jpg 630w, https:\/\/www.hoymercedes.com.ar\/principal\/wp-content\/uploads\/2021\/01\/Hospital.Blas_.L.Dubarry.2021-150x84.jpg 150w, https:\/\/www.hoymercedes.com.ar\/principal\/wp-content\/uploads\/2021\/01\/Hospital.Blas_.L.Dubarry.2021.jpg 1113w\" sizes=\"auto, (max-width: 1024px) 100vw, 1024px\" \/><figcaption class=\"wp-element-caption\">Hospital Dubarry Mercedes<\/figcaption><\/figure>\n\n\n\n<p>En el \u00e1mbito local, se confirm\u00f3 que <strong>las dosis estar\u00e1n disponibles a partir del lunes 12 de enero en el Hospital Blas L. Dubarry y en todos los vacunatorios oficiales del distrito<\/strong>, donde podr\u00e1n acceder las personas gestantes.<\/p>\n\n\n\n<p>La inmunizaci\u00f3n est\u00e1 especialmente indicada para <strong>personas embarazadas que se encuentren entre las semanas 32 y 36 de gestaci\u00f3n<\/strong>, periodo en el que la vacunaci\u00f3n permite <strong>transferir anticuerpos al beb\u00e9 antes del nacimiento<\/strong> y brindar as\u00ed una protecci\u00f3n temprana durante los meses de mayor riesgo de circulaci\u00f3n del virus. <\/p>\n\n\n\n<p>Al tratarse de una vacuna incorporada al <strong>Calendario Nacional de Vacunaci\u00f3n<\/strong>, su aplicaci\u00f3n es <strong>obligatoria y no requiere orden m\u00e9dica previa<\/strong>, lo que facilita el acceso para todas las mujeres embarazadas que cumplan con las semanas de gestaci\u00f3n establecidas. <\/p>\n\n\n\n<p>Las autoridades sanitarias locales tambi\u00e9n informaron que, adem\u00e1s de esta campa\u00f1a, <strong>el servicio de Laboratorio del Hospital Dubarry contin\u00faa funcionando con normalidad<\/strong>, garantizando la atenci\u00f3n habitual para quienes requieran an\u00e1lisis cl\u00ednicos.<\/p>\n","protected":false},"excerpt":{"rendered":"<p>El Ministerio de Salud de la Provincia de Buenos Aires puso en marcha la campa\u00f1a de vacunaci\u00f3n obligatoria y gratuita &#8230; <a title=\"Comenz\u00f3 en Mercedes la vacunaci\u00f3n obligatoria contra el Virus Sincicial Respiratorio\" class=\"read-more\" href=\"https:\/\/www.hoymercedes.com.ar\/principal\/2026\/01\/10\/comenzo-en-mercedes-la-vacunacion-obligatoria-contra-el-virus-sincicial-respiratorio\/\" aria-label=\"Leer m\u00e1s sobre Comenz\u00f3 en Mercedes la vacunaci\u00f3n obligatoria contra el Virus Sincicial Respiratorio\">Leer m\u00e1s<\/a><\/p>\n","protected":false},"author":1,"featured_media":122754,"comment_status":"closed","ping_status":"open","sticky":false,"template":"","format":"standard","meta":{"_monsterinsights_skip_tracking":false,"_monsterinsights_sitenote_active":false,"_monsterinsights_sitenote_note":"","_monsterinsights_sitenote_category":0,"jetpack_post_was_ever_published":false,"_jetpack_newsletter_access":"","_jetpack_dont_email_post_to_subs":false,"_jetpack_newsletter_tier_id":0,"_jetpack_memberships_contains_paywalled_content":false,"_jetpack_memberships_contains_paid_content":false,"footnotes":"","jetpack_publicize_message":"","jetpack_publicize_feature_enabled":true,"jetpack_social_post_already_shared":true,"jetpack_social_options":{"image_generator_settings":{"template":"highway","default_image_id":0,"font":"","enabled":false},"version":2},"_wpas_customize_per_network":false},"categories":[8],"tags":[],"class_list":["post-190811","post","type-post","status-publish","format-standard","has-post-thumbnail","hentry","category-sociedad","generate-columns","tablet-grid-50","mobile-grid-100","grid-parent","grid-50"],"jetpack_publicize_connections":[],"jetpack_featured_media_url":"https:\/\/www.hoymercedes.com.ar\/principal\/wp-content\/uploads\/2021\/01\/Hospital.Blas_.L.Dubarry.2021.jpg","wps_subtitle":"","jetpack_sharing_enabled":true,"_links":{"self":[{"href":"https:\/\/www.hoymercedes.com.ar\/principal\/wp-json\/wp\/v2\/posts\/190811","targetHints":{"allow":["GET"]}}],"collection":[{"href":"https:\/\/www.hoymercedes.com.ar\/principal\/wp-json\/wp\/v2\/posts"}],"about":[{"href":"https:\/\/www.hoymercedes.com.ar\/principal\/wp-json\/wp\/v2\/types\/post"}],"author":[{"embeddable":true,"href":"https:\/\/www.hoymercedes.com.ar\/principal\/wp-json\/wp\/v2\/users\/1"}],"replies":[{"embeddable":true,"href":"https:\/\/www.hoymercedes.com.ar\/principal\/wp-json\/wp\/v2\/comments?post=190811"}],"version-history":[{"count":1,"href":"https:\/\/www.hoymercedes.com.ar\/principal\/wp-json\/wp\/v2\/posts\/190811\/revisions"}],"predecessor-version":[{"id":190812,"href":"https:\/\/www.hoymercedes.com.ar\/principal\/wp-json\/wp\/v2\/posts\/190811\/revisions\/190812"}],"wp:featuredmedia":[{"embeddable":true,"href":"https:\/\/www.hoymercedes.com.ar\/principal\/wp-json\/wp\/v2\/media\/122754"}],"wp:attachment":[{"href":"https:\/\/www.hoymercedes.com.ar\/principal\/wp-json\/wp\/v2\/media?parent=190811"}],"wp:term":[{"taxonomy":"category","embeddable":true,"href":"https:\/\/www.hoymercedes.com.ar\/principal\/wp-json\/wp\/v2\/categories?post=190811"},{"taxonomy":"post_tag","embeddable":true,"href":"https:\/\/www.hoymercedes.com.ar\/principal\/wp-json\/wp\/v2\/tags?post=190811"}],"curies":[{"name":"wp","href":"https:\/\/api.w.org\/{rel}","templated":true}]}}