{"id":190813,"date":"2026-01-10T11:30:00","date_gmt":"2026-01-10T14:30:00","guid":{"rendered":"https:\/\/www.hoymercedes.com.ar\/principal\/?p=190813"},"modified":"2026-01-09T22:10:05","modified_gmt":"2026-01-10T01:10:05","slug":"verano-de-encuentro-la-propuesta-de-la-municipalidad-para-disfrutar","status":"publish","type":"post","link":"https:\/\/www.hoymercedes.com.ar\/principal\/2026\/01\/10\/verano-de-encuentro-la-propuesta-de-la-municipalidad-para-disfrutar\/","title":{"rendered":"Verano de encuentro, la propuesta de la municipalidad para disfrutar"},"content":{"rendered":"\n<p>Con el objetivo de disfrutar en familia de las vacaciones de verano y \u201cencontrarnos sin pantallas\u201d la municipalidad impulsa distintas actividades, ponderando el espacio verde, p\u00fablico y compartido. \u201c<\/p>\n\n\n\n<figure class=\"wp-block-image size-large\"><img loading=\"lazy\" decoding=\"async\" width=\"1024\" height=\"682\" data-attachment-id=\"190814\" data-permalink=\"https:\/\/www.hoymercedes.com.ar\/principal\/2026\/01\/10\/verano-de-encuentro-la-propuesta-de-la-municipalidad-para-disfrutar\/whatsapp-image-2026-01-07-at-14-32-59\/#main\" data-orig-file=\"https:\/\/www.hoymercedes.com.ar\/principal\/wp-content\/uploads\/2026\/01\/WhatsApp-Image-2026-01-07-at-14.32.59.jpeg\" data-orig-size=\"1319,879\" data-comments-opened=\"0\" data-image-meta=\"{&quot;aperture&quot;:&quot;0&quot;,&quot;credit&quot;:&quot;&quot;,&quot;camera&quot;:&quot;&quot;,&quot;caption&quot;:&quot;&quot;,&quot;created_timestamp&quot;:&quot;0&quot;,&quot;copyright&quot;:&quot;&quot;,&quot;focal_length&quot;:&quot;0&quot;,&quot;iso&quot;:&quot;0&quot;,&quot;shutter_speed&quot;:&quot;0&quot;,&quot;title&quot;:&quot;&quot;,&quot;orientation&quot;:&quot;0&quot;}\" data-image-title=\"WhatsApp Image 2026-01-07 at 14.32.59\" data-image-description=\"\" data-image-caption=\"\" data-large-file=\"https:\/\/www.hoymercedes.com.ar\/principal\/wp-content\/uploads\/2026\/01\/WhatsApp-Image-2026-01-07-at-14.32.59-1024x682.jpeg\" src=\"https:\/\/www.hoymercedes.com.ar\/principal\/wp-content\/uploads\/2026\/01\/WhatsApp-Image-2026-01-07-at-14.32.59-1024x682.jpeg\" alt=\"\" class=\"wp-image-190814\" srcset=\"https:\/\/www.hoymercedes.com.ar\/principal\/wp-content\/uploads\/2026\/01\/WhatsApp-Image-2026-01-07-at-14.32.59-1024x682.jpeg 1024w, https:\/\/www.hoymercedes.com.ar\/principal\/wp-content\/uploads\/2026\/01\/WhatsApp-Image-2026-01-07-at-14.32.59-630x420.jpeg 630w, https:\/\/www.hoymercedes.com.ar\/principal\/wp-content\/uploads\/2026\/01\/WhatsApp-Image-2026-01-07-at-14.32.59-150x100.jpeg 150w, https:\/\/www.hoymercedes.com.ar\/principal\/wp-content\/uploads\/2026\/01\/WhatsApp-Image-2026-01-07-at-14.32.59.jpeg 1319w\" sizes=\"auto, (max-width: 1024px) 100vw, 1024px\" \/><\/figure>\n\n\n\n<p><strong>Apertura<\/strong><\/p>\n\n\n\n<p><strong>Jimena Rivas<\/strong>, directora de cultura, coment\u00f3 que \u201cen el marco de la celebraci\u00f3n y la llegada de los Reyes Magos ac\u00e1 en Estaci\u00f3n Juego, damos apertura de las actividades que se van a desarrollar desde la Municipalidad de Mercedes, en conjunto con diferentes instituciones, comisiones, sociedades de fomento y agrupaciones de nuestra ciudad, para generar espacios de compartir en familia, como son los veranos en las plazas, el paseo trocha, actividades deportivas, bicicleta nocturna y tambi\u00e9n nuestros carnavales tan queridos que forman parte de nuestra identidad y que van a vestir en el mes de febrero\u201d cont\u00f3.<\/p>\n\n\n\n<p>Remarc\u00f3 que \u201cen tiempos tan dif\u00edciles es tan importante que el arte, la cultura y el deporte nos abrace y nos pueda encontrar como comunidad\u201d.<\/p>\n\n\n\n<p>El intendente&nbsp;<strong>Juan I. Ustarroz<\/strong>, por su parte, cont\u00f3 que \u201cya iniciamos las piletas, arrancaron actividades deportivas, educativas, en la naturaleza, pasaron los Reyes Magos con una enorme participaci\u00f3n en Estaci\u00f3n Juego y hay un amplio abanico de propuestas para encontrarnos, disfrutar, pasarla bien, sin pantallas, sin tel\u00e9fonos m\u00f3viles, con m\u00e1s socializaci\u00f3n\u201d narr\u00f3 el jefe comunal.<\/p>\n\n\n\n<p>Tambi\u00e9n agradeci\u00f3 \u201ca las y los trabajadores municipales por el constante compromiso, a cada instituci\u00f3n y siempre a quienes se suman a las diferentes propuestas, dando viva a la ciudad\u201d.<\/p>\n\n\n\n<figure class=\"wp-block-image size-large\"><img loading=\"lazy\" decoding=\"async\" width=\"1024\" height=\"682\" data-attachment-id=\"190815\" data-permalink=\"https:\/\/www.hoymercedes.com.ar\/principal\/2026\/01\/10\/verano-de-encuentro-la-propuesta-de-la-municipalidad-para-disfrutar\/whatsapp-image-2026-01-07-at-14-32-591\/#main\" data-orig-file=\"https:\/\/www.hoymercedes.com.ar\/principal\/wp-content\/uploads\/2026\/01\/WhatsApp-Image-2026-01-07-at-14.32.591.jpeg\" data-orig-size=\"1319,879\" data-comments-opened=\"0\" data-image-meta=\"{&quot;aperture&quot;:&quot;0&quot;,&quot;credit&quot;:&quot;&quot;,&quot;camera&quot;:&quot;&quot;,&quot;caption&quot;:&quot;&quot;,&quot;created_timestamp&quot;:&quot;0&quot;,&quot;copyright&quot;:&quot;&quot;,&quot;focal_length&quot;:&quot;0&quot;,&quot;iso&quot;:&quot;0&quot;,&quot;shutter_speed&quot;:&quot;0&quot;,&quot;title&quot;:&quot;&quot;,&quot;orientation&quot;:&quot;0&quot;}\" data-image-title=\"WhatsApp Image 2026-01-07 at 14.32.59(1)\" data-image-description=\"\" data-image-caption=\"\" data-large-file=\"https:\/\/www.hoymercedes.com.ar\/principal\/wp-content\/uploads\/2026\/01\/WhatsApp-Image-2026-01-07-at-14.32.591-1024x682.jpeg\" src=\"https:\/\/www.hoymercedes.com.ar\/principal\/wp-content\/uploads\/2026\/01\/WhatsApp-Image-2026-01-07-at-14.32.591-1024x682.jpeg\" alt=\"\" class=\"wp-image-190815\" srcset=\"https:\/\/www.hoymercedes.com.ar\/principal\/wp-content\/uploads\/2026\/01\/WhatsApp-Image-2026-01-07-at-14.32.591-1024x682.jpeg 1024w, https:\/\/www.hoymercedes.com.ar\/principal\/wp-content\/uploads\/2026\/01\/WhatsApp-Image-2026-01-07-at-14.32.591-630x420.jpeg 630w, https:\/\/www.hoymercedes.com.ar\/principal\/wp-content\/uploads\/2026\/01\/WhatsApp-Image-2026-01-07-at-14.32.591-150x100.jpeg 150w, https:\/\/www.hoymercedes.com.ar\/principal\/wp-content\/uploads\/2026\/01\/WhatsApp-Image-2026-01-07-at-14.32.591.jpeg 1319w\" sizes=\"auto, (max-width: 1024px) 100vw, 1024px\" \/><\/figure>\n\n\n\n<p><strong>Propuestas<\/strong><\/p>\n\n\n\n<p>Hay piletas, deporte, m\u00fasica, peatonal, ciencia, donde se ofrece a las familias la posibilidad de realizar actividades libres, p\u00fablicas y gratuitas, aprovechando los distintos espacios verdes y comunitarios de la ciudad.<\/p>\n\n\n\n<p>Para seguir las iniciativas se invita a visitar las redes sociales oficiales de la Municipalidad y la Direcci\u00f3n de Cultura, donde se va informando constantemente qu\u00e9 hay para disfrutar: @munimercedes en todas las paltaformas.&nbsp;<\/p>\n","protected":false},"excerpt":{"rendered":"<p>Con el objetivo de disfrutar en familia de las vacaciones de verano y \u201cencontrarnos sin pantallas\u201d la municipalidad impulsa distintas &#8230; <a title=\"Verano de encuentro, la propuesta de la municipalidad para disfrutar\" class=\"read-more\" href=\"https:\/\/www.hoymercedes.com.ar\/principal\/2026\/01\/10\/verano-de-encuentro-la-propuesta-de-la-municipalidad-para-disfrutar\/\" aria-label=\"Leer m\u00e1s sobre Verano de encuentro, la propuesta de la municipalidad para disfrutar\">Leer m\u00e1s<\/a><\/p>\n","protected":false},"author":1,"featured_media":190814,"comment_status":"closed","ping_status":"open","sticky":false,"template":"","format":"standard","meta":{"_monsterinsights_skip_tracking":false,"_monsterinsights_sitenote_active":false,"_monsterinsights_sitenote_note":"","_monsterinsights_sitenote_category":0,"jetpack_post_was_ever_published":false,"_jetpack_newsletter_access":"","_jetpack_dont_email_post_to_subs":false,"_jetpack_newsletter_tier_id":0,"_jetpack_memberships_contains_paywalled_content":false,"_jetpack_memberships_contains_paid_content":false,"footnotes":"","jetpack_publicize_message":"","jetpack_publicize_feature_enabled":true,"jetpack_social_post_already_shared":true,"jetpack_social_options":{"image_generator_settings":{"template":"highway","default_image_id":0,"font":"","enabled":false},"version":2},"_wpas_customize_per_network":false},"categories":[8],"tags":[],"class_list":["post-190813","post","type-post","status-publish","format-standard","has-post-thumbnail","hentry","category-sociedad","generate-columns","tablet-grid-50","mobile-grid-100","grid-parent","grid-50"],"jetpack_publicize_connections":[],"jetpack_featured_media_url":"https:\/\/www.hoymercedes.com.ar\/principal\/wp-content\/uploads\/2026\/01\/WhatsApp-Image-2026-01-07-at-14.32.59.jpeg","wps_subtitle":"","jetpack_sharing_enabled":true,"_links":{"self":[{"href":"https:\/\/www.hoymercedes.com.ar\/principal\/wp-json\/wp\/v2\/posts\/190813","targetHints":{"allow":["GET"]}}],"collection":[{"href":"https:\/\/www.hoymercedes.com.ar\/principal\/wp-json\/wp\/v2\/posts"}],"about":[{"href":"https:\/\/www.hoymercedes.com.ar\/principal\/wp-json\/wp\/v2\/types\/post"}],"author":[{"embeddable":true,"href":"https:\/\/www.hoymercedes.com.ar\/principal\/wp-json\/wp\/v2\/users\/1"}],"replies":[{"embeddable":true,"href":"https:\/\/www.hoymercedes.com.ar\/principal\/wp-json\/wp\/v2\/comments?post=190813"}],"version-history":[{"count":1,"href":"https:\/\/www.hoymercedes.com.ar\/principal\/wp-json\/wp\/v2\/posts\/190813\/revisions"}],"predecessor-version":[{"id":190816,"href":"https:\/\/www.hoymercedes.com.ar\/principal\/wp-json\/wp\/v2\/posts\/190813\/revisions\/190816"}],"wp:featuredmedia":[{"embeddable":true,"href":"https:\/\/www.hoymercedes.com.ar\/principal\/wp-json\/wp\/v2\/media\/190814"}],"wp:attachment":[{"href":"https:\/\/www.hoymercedes.com.ar\/principal\/wp-json\/wp\/v2\/media?parent=190813"}],"wp:term":[{"taxonomy":"category","embeddable":true,"href":"https:\/\/www.hoymercedes.com.ar\/principal\/wp-json\/wp\/v2\/categories?post=190813"},{"taxonomy":"post_tag","embeddable":true,"href":"https:\/\/www.hoymercedes.com.ar\/principal\/wp-json\/wp\/v2\/tags?post=190813"}],"curies":[{"name":"wp","href":"https:\/\/api.w.org\/{rel}","templated":true}]}}