{"id":19085,"date":"2012-12-28T03:29:38","date_gmt":"2012-12-28T03:29:38","guid":{"rendered":"http:\/\/www.hoymercedes.com.ar\/principal\/?p=19085"},"modified":"2012-12-28T03:29:52","modified_gmt":"2012-12-28T03:29:52","slug":"cestari-cuestiona-asamblea-y-nueva-convocatoria-afirmando-el-bloque-mic-no-quiere-hacer-un-planteo-demagogico","status":"publish","type":"post","link":"https:\/\/www.hoymercedes.com.ar\/principal\/2012\/12\/28\/cestari-cuestiona-asamblea-y-nueva-convocatoria-afirmando-el-bloque-mic-no-quiere-hacer-un-planteo-demagogico\/","title":{"rendered":"Cestari cuestiona Asamblea y nueva convocatoria afirmando: \u00abEl Bloque MIC no quiere hacer un planteo demag\u00f3gico\u00bb"},"content":{"rendered":"<p><a href=\"https:\/\/www.hoymercedes.com.ar\/principal\/wp-content\/uploads\/2012\/12\/JoseCestari.MIC-Mercedes.jpg\"><img loading=\"lazy\" decoding=\"async\" data-attachment-id=\"19088\" data-permalink=\"https:\/\/www.hoymercedes.com.ar\/principal\/2012\/12\/28\/cestari-cuestiona-asamblea-y-nueva-convocatoria-afirmando-el-bloque-mic-no-quiere-hacer-un-planteo-demagogico\/josecestari-mic-mercedes\/#main\" data-orig-file=\"https:\/\/www.hoymercedes.com.ar\/principal\/wp-content\/uploads\/2012\/12\/JoseCestari.MIC-Mercedes.jpg\" data-orig-size=\"618,412\" data-comments-opened=\"1\" data-image-meta=\"{&quot;aperture&quot;:&quot;4.5&quot;,&quot;credit&quot;:&quot;&quot;,&quot;camera&quot;:&quot;NIKON D90&quot;,&quot;caption&quot;:&quot;&quot;,&quot;created_timestamp&quot;:&quot;1289562676&quot;,&quot;copyright&quot;:&quot;Paula Soruco Fotograf\\u00eda&quot;,&quot;focal_length&quot;:&quot;35&quot;,&quot;iso&quot;:&quot;200&quot;,&quot;shutter_speed&quot;:&quot;0.033333333333333&quot;,&quot;title&quot;:&quot;&quot;}\" data-image-title=\"Jos\u00e9 Cestari\" data-image-description=\"&lt;p&gt;Jos\u00e9 Cestari&lt;\/p&gt;\n\" data-image-caption=\"\" data-large-file=\"https:\/\/www.hoymercedes.com.ar\/principal\/wp-content\/uploads\/2012\/12\/JoseCestari.MIC-Mercedes.jpg\" class=\"aligncenter size-full wp-image-19088\" alt=\"Jos\u00e9 Cestari\" src=\"https:\/\/www.hoymercedes.com.ar\/principal\/wp-content\/uploads\/2012\/12\/JoseCestari.MIC-Mercedes.jpg\" width=\"618\" height=\"412\" \/><\/a><\/p>\n<p><em><strong>El Concejal del MIC Mercedes, Jos\u00e9 Cestari, cuestion\u00f3 la validez de la Asamblea de Mayores Contribuyentes dado que entiende la misma no cont\u00f3 con el quorum necesario luego de que la oposici\u00f3n se retirara del recinto del Honorable Concejo Deliberante, \u00e1mbito en el que se desarrollaba la misma. Tambi\u00e9n sostuvo la nueva convocatoria no es v\u00e1lida.\u00a0<\/strong><\/em><\/p>\n<p>Al respecto, Cestari, en dos comunicados de prensa, afirm\u00f3: <em>\u00abcuando los concejales y los mayores contribuyentes de la oposici\u00f3n nos retiramos no hab\u00eda quorum, por lo tanto la parte impositiva no es v\u00e1lida. Fue aprobada por mayor\u00eda la parte general y la especial.\u00a0Quieren llamar a asamblea de concejales y mayores contribuyentes ma\u00f1ana. No corresponde porque la Asamblea vot\u00f3 la parte general y especial. Hay que hacer una nueva sesi\u00f3n preparatoria y luego otra Asamblea.\u00bb afirm\u00f3 el edil a la prensa.\u00a0<\/em><\/p>\n<p>Previamente, Jos\u00e9 Cestari, hab\u00eda declarado, antes de conocerse la evaluaci\u00f3n fina expuesta m\u00e1s arriba respecto a la validez de la asamblea y su nueva convocatoria que:<\/p>\n<p><em>\u00abSse llev\u00f3 a cabo la Sesi\u00f3n Extraordinaria- Asamblea de concejales y mayores contribuyentes. Para tratar la Ordenanza General, Fiscal e Impositiva. El bloque del Partido Justicialista para La Victoria (Selvismo), aprovechando la mayor\u00eda aprob\u00f3, entre otros los siguientes aumentos de tasas y derechos municipales para el per\u00edodo 2013.<\/em><\/p>\n<p><em>Servicio de Alumbrado P\u00fablico en calles pavimentadas y de tierra 34 %.<\/em><\/p>\n<p><em>Tasa por servicios sanitarios ( agua corriente y cloacas) 47 %.<\/em><\/p>\n<p><em>El Bloque MIC no quiere hacer un planteo demag\u00f3gico, sabemos que la inflaci\u00f3n no es una sensaci\u00f3n, a pesar de que para el INDEC es de menos del 10 % anual (mentiras). Creemos que la inflaci\u00f3n que registran otros organismos p\u00fablicos y privados estiman un 25 % anual.<\/em><\/p>\n<p><em>Debe darse un aumento de tasas y derechos, pero que no supere el 20 %.<\/em><\/p>\n<p><em>El aumento de tasas y servicios no garantiza una mejor cobrabilidad, ya que muchos sectores asalariados no recibieron un aumento en consonancia con la inflaci\u00f3n, otros servicios tambi\u00e9n aumentaron gas natural, energ\u00eda el\u00e9ctrica, transporte p\u00fablico, seguros, prepagas, colegios privados, etc. Otro factor es que el servicio de agua corriente se ve interrumpido en ocasiones por cortes de energ\u00eda el\u00e9ctrica, por falta de presi\u00f3n, por proliferaci\u00f3n de p\u00e9rdidas de agua corriente por rotura de ca\u00f1er\u00edas, etc. Entonces el vecino no recibe un servicio acorde a lo que paga.<\/em><\/p>\n<p><em>El Bloque MIC se retir\u00f3 de la Sesi\u00f3n, junto a los otros bloques opositores, para no dar quorun y para tratar de que el Departamento Ejecutivo recapacite en no encapricharse con aumentar lo que quiere sin medir las consecuencias que traer\u00e1 fundamentalmente a los vecinos de Mercedes y en segundo t\u00e9rmino a la econom\u00eda fiscal municipal. El pedido de informe de la compra de pan dulce no fue respondido.\u00bb<\/em><\/p>\n","protected":false},"excerpt":{"rendered":"<p>El Concejal del MIC Mercedes, Jos\u00e9 Cestari, cuestion\u00f3 la validez de la Asamblea de Mayores Contribuyentes dado que entiende la &#8230; <a title=\"Cestari cuestiona Asamblea y nueva convocatoria afirmando: \u00abEl Bloque MIC no quiere hacer un planteo demag\u00f3gico\u00bb\" class=\"read-more\" href=\"https:\/\/www.hoymercedes.com.ar\/principal\/2012\/12\/28\/cestari-cuestiona-asamblea-y-nueva-convocatoria-afirmando-el-bloque-mic-no-quiere-hacer-un-planteo-demagogico\/\" aria-label=\"Leer m\u00e1s sobre Cestari cuestiona Asamblea y nueva convocatoria afirmando: \u00abEl Bloque MIC no quiere hacer un planteo demag\u00f3gico\u00bb\">Leer m\u00e1s<\/a><\/p>\n","protected":false},"author":1,"featured_media":0,"comment_status":"open","ping_status":"open","sticky":false,"template":"","format":"standard","meta":{"_monsterinsights_skip_tracking":false,"_monsterinsights_sitenote_active":false,"_monsterinsights_sitenote_note":"","_monsterinsights_sitenote_category":0,"jetpack_post_was_ever_published":false,"_jetpack_newsletter_access":"","_jetpack_dont_email_post_to_subs":false,"_jetpack_newsletter_tier_id":0,"_jetpack_memberships_contains_paywalled_content":false,"_jetpack_memberships_contains_paid_content":false,"footnotes":"","jetpack_publicize_message":"","jetpack_publicize_feature_enabled":true,"jetpack_social_post_already_shared":false,"jetpack_social_options":{"image_generator_settings":{"template":"highway","default_image_id":0,"font":"","enabled":false},"version":2},"_wpas_customize_per_network":false},"categories":[5],"tags":[3106,321],"class_list":["post-19085","post","type-post","status-publish","format-standard","hentry","category-politica","tag-asamblea-mayores-contribuyentes","tag-jose-cestari","generate-columns","tablet-grid-50","mobile-grid-100","grid-parent","grid-50"],"jetpack_publicize_connections":[],"jetpack_featured_media_url":"","wps_subtitle":"","jetpack_sharing_enabled":true,"_links":{"self":[{"href":"https:\/\/www.hoymercedes.com.ar\/principal\/wp-json\/wp\/v2\/posts\/19085","targetHints":{"allow":["GET"]}}],"collection":[{"href":"https:\/\/www.hoymercedes.com.ar\/principal\/wp-json\/wp\/v2\/posts"}],"about":[{"href":"https:\/\/www.hoymercedes.com.ar\/principal\/wp-json\/wp\/v2\/types\/post"}],"author":[{"embeddable":true,"href":"https:\/\/www.hoymercedes.com.ar\/principal\/wp-json\/wp\/v2\/users\/1"}],"replies":[{"embeddable":true,"href":"https:\/\/www.hoymercedes.com.ar\/principal\/wp-json\/wp\/v2\/comments?post=19085"}],"version-history":[{"count":0,"href":"https:\/\/www.hoymercedes.com.ar\/principal\/wp-json\/wp\/v2\/posts\/19085\/revisions"}],"wp:attachment":[{"href":"https:\/\/www.hoymercedes.com.ar\/principal\/wp-json\/wp\/v2\/media?parent=19085"}],"wp:term":[{"taxonomy":"category","embeddable":true,"href":"https:\/\/www.hoymercedes.com.ar\/principal\/wp-json\/wp\/v2\/categories?post=19085"},{"taxonomy":"post_tag","embeddable":true,"href":"https:\/\/www.hoymercedes.com.ar\/principal\/wp-json\/wp\/v2\/tags?post=19085"}],"curies":[{"name":"wp","href":"https:\/\/api.w.org\/{rel}","templated":true}]}}