{"id":190880,"date":"2026-01-12T10:11:41","date_gmt":"2026-01-12T13:11:41","guid":{"rendered":"https:\/\/www.hoymercedes.com.ar\/principal\/?p=190880"},"modified":"2026-01-12T10:11:43","modified_gmt":"2026-01-12T13:11:43","slug":"camaras-detienen-a-5-colombianos-que-ingresan-a-mercedes-con-antecedentes","status":"publish","type":"post","link":"https:\/\/www.hoymercedes.com.ar\/principal\/2026\/01\/12\/camaras-detienen-a-5-colombianos-que-ingresan-a-mercedes-con-antecedentes\/","title":{"rendered":"C\u00e1maras: detienen a 5 colombianos que ingresan a Mercedes con antecedentes"},"content":{"rendered":"\n<figure class=\"wp-block-image size-large is-resized\"><img loading=\"lazy\" decoding=\"async\" width=\"1024\" height=\"426\" data-attachment-id=\"190881\" data-permalink=\"https:\/\/www.hoymercedes.com.ar\/principal\/2026\/01\/12\/camaras-detienen-a-5-colombianos-que-ingresan-a-mercedes-con-antecedentes\/sin-titulo-37\/#main\" data-orig-file=\"https:\/\/www.hoymercedes.com.ar\/principal\/wp-content\/uploads\/2026\/01\/Sin-titulo-3.jpg\" data-orig-size=\"1200,499\" data-comments-opened=\"0\" data-image-meta=\"{&quot;aperture&quot;:&quot;0&quot;,&quot;credit&quot;:&quot;&quot;,&quot;camera&quot;:&quot;&quot;,&quot;caption&quot;:&quot;&quot;,&quot;created_timestamp&quot;:&quot;0&quot;,&quot;copyright&quot;:&quot;&quot;,&quot;focal_length&quot;:&quot;0&quot;,&quot;iso&quot;:&quot;0&quot;,&quot;shutter_speed&quot;:&quot;0&quot;,&quot;title&quot;:&quot;&quot;,&quot;orientation&quot;:&quot;0&quot;}\" data-image-title=\"Detienen a 5 colombianos que ingresan a Mercedes con antecedentes delictivos\" data-image-description=\"&lt;p&gt;Detienen a 5 colombianos que ingresan a Mercedes con antecedentes delictivos&lt;\/p&gt;\n\" data-image-caption=\"&lt;p&gt;Detienen a 5 colombianos que ingresan a Mercedes con antecedentes delictivos&lt;\/p&gt;\n\" data-large-file=\"https:\/\/www.hoymercedes.com.ar\/principal\/wp-content\/uploads\/2026\/01\/Sin-titulo-3-1024x426.jpg\" src=\"https:\/\/www.hoymercedes.com.ar\/principal\/wp-content\/uploads\/2026\/01\/Sin-titulo-3-1024x426.jpg\" alt=\"\" class=\"wp-image-190881\" style=\"width:1211px;height:auto\" srcset=\"https:\/\/www.hoymercedes.com.ar\/principal\/wp-content\/uploads\/2026\/01\/Sin-titulo-3-1024x426.jpg 1024w, https:\/\/www.hoymercedes.com.ar\/principal\/wp-content\/uploads\/2026\/01\/Sin-titulo-3-630x262.jpg 630w, https:\/\/www.hoymercedes.com.ar\/principal\/wp-content\/uploads\/2026\/01\/Sin-titulo-3-150x62.jpg 150w, https:\/\/www.hoymercedes.com.ar\/principal\/wp-content\/uploads\/2026\/01\/Sin-titulo-3.jpg 1200w\" sizes=\"auto, (max-width: 1024px) 100vw, 1024px\" \/><\/figure>\n\n\n\n<p>Gracias a la detecci\u00f3n de los lectores de patentes y operadores del Centro de Monitoreo en los accesos de la ciudad se logr\u00f3 prevenir una situaci\u00f3n cargada de sospecha. Se trat\u00f3 de 5 colombianos que hab\u00edan sido detenidos hace 8 d\u00edas en La Plata y liberados por la justicia, acusados de un escruche. Al ingresar a la ciudad se inici\u00f3 un operativo con la Polic\u00eda Comunal.<\/p>\n\n\n\n<p>Sospecha<br>En noviembre pasado, tras una alerta vecinal, la Secretar\u00eda de Seguridad carg\u00f3 la patente de un veh\u00edculo que sospechosamente merodeaba la ciudad y era vigilado. Tambi\u00e9n se emiti\u00f3 aviso a la Polic\u00eda Comunal.<\/p>\n\n\n\n<p>Detenci\u00f3n<br>Hace casi una semana hab\u00edan sido detenidos en La Plata por un robo bajo modalidad escruche, algo que incluso se puede ver en medios de comunicaci\u00f3n de la capital bonaerense, pero por motivos que se desconocen fueron puestos en libertad r\u00e1pidamente.<\/p>\n\n\n\n<p>Ingreso<br>Este viernes quisieron ingresar a Mercedes, pero desde el Centro de Monitoreo de la Secretar\u00eda de Seguridad detectaron la patente del veh\u00edculo estaba bajo sospecha. Es as\u00ed como iniciaron un movimiento de efectivos de la Polic\u00eda Comunal que iniciaron el seguimiento del veh\u00edculo.<\/p>\n\n\n\n<p>Vigilancia<br>Por b\u00fasqueda y prevenci\u00f3n fueron en Mercedes detenidos y trasladados a la comisar\u00eda, donde se efectuaron las indagaciones de antecedentes y detect\u00f3 que el auto utilizado es el mismo con el que fueron detenidos y acusados de robo en La Plata.<\/p>\n\n\n\n<p>Prevenci\u00f3n<br>La r\u00e1pida detecci\u00f3n e intervenci\u00f3n de los agentes policiales y los de la secretar\u00eda de seguridad logr\u00f3 evitar pase a otra instancia, posiblemente delictiva, esta intervenci\u00f3n m\u00e1s que sospechosa de cinco colombianos ingresando a Mercedes, tras el antecedente inmediato de robo en La Plata de d\u00edas atr\u00e1s.<\/p>\n\n\n\n<p>Ahora se dio lugar al trabajo de la justicia quien deber\u00e1 determinar los pasos a seguir con estos sujetos, domiciliados en La Matanza, Moreno y tres en Capital Federal.<\/p>\n","protected":false},"excerpt":{"rendered":"<p>Gracias a la detecci\u00f3n de los lectores de patentes y operadores del Centro de Monitoreo en los accesos de la &#8230; <a title=\"C\u00e1maras: detienen a 5 colombianos que ingresan a Mercedes con antecedentes\" class=\"read-more\" href=\"https:\/\/www.hoymercedes.com.ar\/principal\/2026\/01\/12\/camaras-detienen-a-5-colombianos-que-ingresan-a-mercedes-con-antecedentes\/\" aria-label=\"Leer m\u00e1s sobre C\u00e1maras: detienen a 5 colombianos que ingresan a Mercedes con antecedentes\">Leer m\u00e1s<\/a><\/p>\n","protected":false},"author":1,"featured_media":190881,"comment_status":"closed","ping_status":"open","sticky":false,"template":"","format":"standard","meta":{"_monsterinsights_skip_tracking":false,"_monsterinsights_sitenote_active":false,"_monsterinsights_sitenote_note":"","_monsterinsights_sitenote_category":0,"jetpack_post_was_ever_published":false,"_jetpack_newsletter_access":"","_jetpack_dont_email_post_to_subs":false,"_jetpack_newsletter_tier_id":0,"_jetpack_memberships_contains_paywalled_content":false,"_jetpack_memberships_contains_paid_content":false,"footnotes":"","jetpack_publicize_message":"","jetpack_publicize_feature_enabled":true,"jetpack_social_post_already_shared":true,"jetpack_social_options":{"image_generator_settings":{"template":"highway","default_image_id":0,"font":"","enabled":false},"version":2},"_wpas_customize_per_network":false},"categories":[85],"tags":[20940,26],"class_list":["post-190880","post","type-post","status-publish","format-standard","has-post-thumbnail","hentry","category-policial","tag-centro-de-monitoreo-4","tag-detenidos","generate-columns","tablet-grid-50","mobile-grid-100","grid-parent","grid-50"],"jetpack_publicize_connections":[],"jetpack_featured_media_url":"https:\/\/www.hoymercedes.com.ar\/principal\/wp-content\/uploads\/2026\/01\/Sin-titulo-3.jpg","wps_subtitle":"","jetpack_sharing_enabled":true,"_links":{"self":[{"href":"https:\/\/www.hoymercedes.com.ar\/principal\/wp-json\/wp\/v2\/posts\/190880","targetHints":{"allow":["GET"]}}],"collection":[{"href":"https:\/\/www.hoymercedes.com.ar\/principal\/wp-json\/wp\/v2\/posts"}],"about":[{"href":"https:\/\/www.hoymercedes.com.ar\/principal\/wp-json\/wp\/v2\/types\/post"}],"author":[{"embeddable":true,"href":"https:\/\/www.hoymercedes.com.ar\/principal\/wp-json\/wp\/v2\/users\/1"}],"replies":[{"embeddable":true,"href":"https:\/\/www.hoymercedes.com.ar\/principal\/wp-json\/wp\/v2\/comments?post=190880"}],"version-history":[{"count":1,"href":"https:\/\/www.hoymercedes.com.ar\/principal\/wp-json\/wp\/v2\/posts\/190880\/revisions"}],"predecessor-version":[{"id":190882,"href":"https:\/\/www.hoymercedes.com.ar\/principal\/wp-json\/wp\/v2\/posts\/190880\/revisions\/190882"}],"wp:featuredmedia":[{"embeddable":true,"href":"https:\/\/www.hoymercedes.com.ar\/principal\/wp-json\/wp\/v2\/media\/190881"}],"wp:attachment":[{"href":"https:\/\/www.hoymercedes.com.ar\/principal\/wp-json\/wp\/v2\/media?parent=190880"}],"wp:term":[{"taxonomy":"category","embeddable":true,"href":"https:\/\/www.hoymercedes.com.ar\/principal\/wp-json\/wp\/v2\/categories?post=190880"},{"taxonomy":"post_tag","embeddable":true,"href":"https:\/\/www.hoymercedes.com.ar\/principal\/wp-json\/wp\/v2\/tags?post=190880"}],"curies":[{"name":"wp","href":"https:\/\/api.w.org\/{rel}","templated":true}]}}