{"id":190895,"date":"2026-01-12T21:03:09","date_gmt":"2026-01-13T00:03:09","guid":{"rendered":"https:\/\/www.hoymercedes.com.ar\/principal\/?p=190895"},"modified":"2026-01-12T21:03:12","modified_gmt":"2026-01-13T00:03:12","slug":"yo-no-me-quiero-casar-cuantos-matrimonios-hubo-en-mercedes-en-2025","status":"publish","type":"post","link":"https:\/\/www.hoymercedes.com.ar\/principal\/2026\/01\/12\/yo-no-me-quiero-casar-cuantos-matrimonios-hubo-en-mercedes-en-2025\/","title":{"rendered":"Yo no me quiero casar: \u00bfCu\u00e1ntos matrimonios hubo en Mercedes en 2025?"},"content":{"rendered":"\n<p>Se conocieron los datos de casamientos del Registro Civil de Mercedes correspondientes al a\u00f1o pasado. En comparaci\u00f3n con el periodo anterior, la cantidad de <strong>parejas<\/strong> que oficializaron su v\u00ednculo fue notablemente menor: <strong>en 2025 se casaron 193 parejas.<\/strong><\/p>\n\n\n\n<p>Seg\u00fan datos oficiales de la Provincia de Buenos Aires, en un relevamiento <strong>desagregado<\/strong> del territorio bonaerense, se observa que en nuestra ciudad menos parejas eligieron formalizar su uni\u00f3n. Es as\u00ed que, comparando el 2025 con el 2024, hubo un <strong>19% menos<\/strong> de matrimonios.<\/p>\n\n\n\n<p>Las cifras indican que el a\u00f1o pasado se celebraron 193 bodas, mientras que en 2024 hab\u00edan sido 244 y en 2023, 226. Al igual que sucede con la natalidad, que cay\u00f3 de manera abrupta en nuestra ciudad, los casamientos tambi\u00e9n est\u00e1n siendo cada vez m\u00e1s \u00abpensados\u00bb.<\/p>\n\n\n\n<style>\n.panel-matrimonios{\n  max-width:900px;\n  margin:auto;\n  display:flex;\n  flex-direction:column;\n  gap:28px;\n  padding:20px;\n  background:#fff;\n  font-family:system-ui, sans-serif;\n}\n\n.card{\n  background:#fff;\n  border-radius:18px;\n  box-shadow:0 4px 14px rgba(0,0,0,.10);\n  padding:26px;\n}\n\n.card h3{\n  color:#009bb3;\n  text-align:center;\n  font-size:20px;\n  margin-bottom:24px;\n}\n\n\/* ===== GRAFICO BARRAS ===== *\/\n.grafico{\n  display:grid;\n  grid-template-columns:repeat(7,1fr);\n  align-items:end;\n  gap:14px;\n  height:280px;\n  border-left:2px solid #ddd;\n  border-bottom:2px solid #ddd;\n  padding:10px;\n}\n\n.col{\n  display:flex;\n  flex-direction:column;\n  align-items:center;\n  justify-content:flex-end;\n  height:100%;\n}\n\n.barra-base{\n  width:100%;\n  height:100%;\n  background:#f1f1f1;\n  border-radius:10px;\n  position:relative;\n  overflow:hidden;\n}\n\n.barra{\n  position:absolute;\n  bottom:0;\n  width:100%;\n  background:linear-gradient(#00b8cc,#009bb3);\n  border-radius:10px 10px 0 0;\n}\n\n.valor{\n  position:absolute;\n  top:6px;\n  width:100%;\n  text-align:center;\n  font-size:14px;\n  font-weight:700;\n  color:#333;\n}\n\n.anio{\n  margin-top:8px;\n  font-size:14px;\n}\n\n\/* ===== TORTAS ===== *\/\n.pie{\n  display:flex;\n  flex-direction:column;\n  align-items:center;\n}\n\n.pie-chart{\n  width:190px;\n  height:190px;\n  border-radius:50%;\n  background:\n    conic-gradient(#cf2c7c 0 85%, #009bb3 85% 97.2%, #f7b500 97.2% 100%);\n  margin-bottom:18px;\n}\n\n.pie-chart.genero{\n  background:conic-gradient(#cf2c7c 0 99%, #009bb3 99% 100%);\n}\n\n.pie ul{list-style:none;padding:0;margin:0}\n.pie li{margin-bottom:8px;font-size:15px}\n.pie span{display:inline-block;width:13px;height:13px;margin-right:8px;border-radius:3px}\n.c1{background:#cf2c7c}\n.c2{background:#009bb3}\n.c3{background:#f7b500}\n.c4{background:#cf2c7c}\n.c5{background:#009bb3}\n<\/style>\n\n<div class=\"panel-matrimonios\">\n\n<div class=\"card\">\n<h3>Matrimonios celebrados por a\u00f1o<\/h3>\n\n<div class=\"grafico\">\n\n<div class=\"col\">\n  <div class=\"barra-base\">\n    <div class=\"barra\" style=\"height:25%\"><\/div>\n    <div class=\"valor\">60<\/div>\n  <\/div>\n  <div class=\"anio\">2020<\/div>\n<\/div>\n\n<div class=\"col\">\n  <div class=\"barra-base\">\n    <div class=\"barra\" style=\"height:86%\"><\/div>\n    <div class=\"valor\">210<\/div>\n  <\/div>\n  <div class=\"anio\">2021<\/div>\n<\/div>\n\n<div class=\"col\">\n  <div class=\"barra-base\">\n    <div class=\"barra\" style=\"height:91%\"><\/div>\n    <div class=\"valor\">223<\/div>\n  <\/div>\n  <div class=\"anio\">2022<\/div>\n<\/div>\n\n<div class=\"col\">\n  <div class=\"barra-base\">\n    <div class=\"barra\" style=\"height:93%\"><\/div>\n    <div class=\"valor\">226<\/div>\n  <\/div>\n  <div class=\"anio\">2023<\/div>\n<\/div>\n\n<div class=\"col\">\n  <div class=\"barra-base\">\n    <div class=\"barra\" style=\"height:100%\"><\/div>\n    <div class=\"valor\">244<\/div>\n  <\/div>\n  <div class=\"anio\">2024<\/div>\n<\/div>\n\n<div class=\"col\">\n  <div class=\"barra-base\">\n    <div class=\"barra\" style=\"height:79%\"><\/div>\n    <div class=\"valor\">193<\/div>\n  <\/div>\n  <div class=\"anio\">2025<\/div>\n<\/div>\n\n<div class=\"col\">\n  <div class=\"barra-base\">\n    <div class=\"barra\" style=\"height:4%\"><\/div>\n    <div class=\"valor\">6<\/div>\n  <\/div>\n  <div class=\"anio\">2026<\/div>\n<\/div>\n\n<\/div>\n<\/div>\n\n<div class=\"card\">\n<h3>Estado civil previo al matrimonio<\/h3>\n<div class=\"pie\">\n<div class=\"pie-chart\"><\/div>\n<ul>\n<li><span class=\"c1\"><\/span> Soltero\/a \u2013 85%<\/li>\n<li><span class=\"c2\"><\/span> Divorciado\/a \u2013 12,2%<\/li>\n<li><span class=\"c3\"><\/span> Viudo\/a \u2013 2,8%<\/li>\n<\/ul>\n<\/div>\n<\/div>\n\n<div class=\"card\">\n<h3>Matrimonio por g\u00e9nero<\/h3>\n<div class=\"pie\">\n<div class=\"pie-chart genero\"><\/div>\n<ul>\n<li><span class=\"c4\"><\/span> Femenino \u2013 Masculino 99%<\/li>\n<li><span class=\"c5\"><\/span> Femenino \u2013 Femenino 1%<\/li>\n<\/ul>\n<\/div>\n<\/div>\n\n<\/div>\n\n","protected":false},"excerpt":{"rendered":"<p>Se conocieron los datos de casamientos del Registro Civil de Mercedes correspondientes al a\u00f1o pasado. En comparaci\u00f3n con el periodo &#8230; <a title=\"Yo no me quiero casar: \u00bfCu\u00e1ntos matrimonios hubo en Mercedes en 2025?\" class=\"read-more\" href=\"https:\/\/www.hoymercedes.com.ar\/principal\/2026\/01\/12\/yo-no-me-quiero-casar-cuantos-matrimonios-hubo-en-mercedes-en-2025\/\" aria-label=\"Leer m\u00e1s sobre Yo no me quiero casar: \u00bfCu\u00e1ntos matrimonios hubo en Mercedes en 2025?\">Leer m\u00e1s<\/a><\/p>\n","protected":false},"author":1,"featured_media":190896,"comment_status":"closed","ping_status":"open","sticky":false,"template":"","format":"standard","meta":{"_monsterinsights_skip_tracking":false,"_monsterinsights_sitenote_active":false,"_monsterinsights_sitenote_note":"","_monsterinsights_sitenote_category":0,"jetpack_post_was_ever_published":false,"_jetpack_newsletter_access":"","_jetpack_dont_email_post_to_subs":false,"_jetpack_newsletter_tier_id":0,"_jetpack_memberships_contains_paywalled_content":false,"_jetpack_memberships_contains_paid_content":false,"footnotes":"","jetpack_publicize_message":"","jetpack_publicize_feature_enabled":true,"jetpack_social_post_already_shared":true,"jetpack_social_options":{"image_generator_settings":{"template":"highway","default_image_id":0,"font":"","enabled":false},"version":2},"_wpas_customize_per_network":false},"categories":[8],"tags":[20941],"class_list":["post-190895","post","type-post","status-publish","format-standard","has-post-thumbnail","hentry","category-sociedad","tag-matrimonios-en-mercedes","generate-columns","tablet-grid-50","mobile-grid-100","grid-parent","grid-50"],"jetpack_publicize_connections":[],"jetpack_featured_media_url":"https:\/\/www.hoymercedes.com.ar\/principal\/wp-content\/uploads\/2026\/01\/Registro-Civil-Mercedes-Google.png","wps_subtitle":"Yo me quiero casar \u00bfY usted? ","jetpack_sharing_enabled":true,"_links":{"self":[{"href":"https:\/\/www.hoymercedes.com.ar\/principal\/wp-json\/wp\/v2\/posts\/190895","targetHints":{"allow":["GET"]}}],"collection":[{"href":"https:\/\/www.hoymercedes.com.ar\/principal\/wp-json\/wp\/v2\/posts"}],"about":[{"href":"https:\/\/www.hoymercedes.com.ar\/principal\/wp-json\/wp\/v2\/types\/post"}],"author":[{"embeddable":true,"href":"https:\/\/www.hoymercedes.com.ar\/principal\/wp-json\/wp\/v2\/users\/1"}],"replies":[{"embeddable":true,"href":"https:\/\/www.hoymercedes.com.ar\/principal\/wp-json\/wp\/v2\/comments?post=190895"}],"version-history":[{"count":2,"href":"https:\/\/www.hoymercedes.com.ar\/principal\/wp-json\/wp\/v2\/posts\/190895\/revisions"}],"predecessor-version":[{"id":190927,"href":"https:\/\/www.hoymercedes.com.ar\/principal\/wp-json\/wp\/v2\/posts\/190895\/revisions\/190927"}],"wp:featuredmedia":[{"embeddable":true,"href":"https:\/\/www.hoymercedes.com.ar\/principal\/wp-json\/wp\/v2\/media\/190896"}],"wp:attachment":[{"href":"https:\/\/www.hoymercedes.com.ar\/principal\/wp-json\/wp\/v2\/media?parent=190895"}],"wp:term":[{"taxonomy":"category","embeddable":true,"href":"https:\/\/www.hoymercedes.com.ar\/principal\/wp-json\/wp\/v2\/categories?post=190895"},{"taxonomy":"post_tag","embeddable":true,"href":"https:\/\/www.hoymercedes.com.ar\/principal\/wp-json\/wp\/v2\/tags?post=190895"}],"curies":[{"name":"wp","href":"https:\/\/api.w.org\/{rel}","templated":true}]}}