{"id":19091,"date":"2012-12-29T21:30:49","date_gmt":"2012-12-29T21:30:49","guid":{"rendered":"http:\/\/www.hoymercedes.com.ar\/principal\/?p=19091"},"modified":"2012-12-29T21:34:38","modified_gmt":"2012-12-29T21:34:38","slug":"juan-pablo-lopez-cuestiones-mas-cercanas-al-capricho-a-la-verticalidad-partidaria-hace-que-hoy-no-tengamos-una-ordenanza-legalmente-votada","status":"publish","type":"post","link":"https:\/\/www.hoymercedes.com.ar\/principal\/2012\/12\/29\/juan-pablo-lopez-cuestiones-mas-cercanas-al-capricho-a-la-verticalidad-partidaria-hace-que-hoy-no-tengamos-una-ordenanza-legalmente-votada\/","title":{"rendered":"Juan Pablo L\u00f3pez: \u00abcuestiones m\u00e1s cercanas al capricho, a la verticalidad partidaria hace que hoy no tengamos una ordenanza legalmente votada\u00bb"},"content":{"rendered":"<p><a href=\"https:\/\/www.hoymercedes.com.ar\/principal\/wp-content\/uploads\/2012\/12\/frentemercedinos-ucr-mic.jpg\"><img loading=\"lazy\" decoding=\"async\" data-attachment-id=\"19093\" data-permalink=\"https:\/\/www.hoymercedes.com.ar\/principal\/2012\/12\/29\/juan-pablo-lopez-cuestiones-mas-cercanas-al-capricho-a-la-verticalidad-partidaria-hace-que-hoy-no-tengamos-una-ordenanza-legalmente-votada\/frentemercedinos-ucr-mic\/#main\" data-orig-file=\"https:\/\/www.hoymercedes.com.ar\/principal\/wp-content\/uploads\/2012\/12\/frentemercedinos-ucr-mic.jpg\" data-orig-size=\"618,286\" data-comments-opened=\"1\" data-image-meta=\"{&quot;aperture&quot;:&quot;3.1&quot;,&quot;credit&quot;:&quot;&quot;,&quot;camera&quot;:&quot;DMC-S1&quot;,&quot;caption&quot;:&quot;&quot;,&quot;created_timestamp&quot;:&quot;1356469471&quot;,&quot;copyright&quot;:&quot;&quot;,&quot;focal_length&quot;:&quot;5&quot;,&quot;iso&quot;:&quot;1000&quot;,&quot;shutter_speed&quot;:&quot;0.016666666666667&quot;,&quot;title&quot;:&quot;&quot;}\" data-image-title=\"frentemercedinos-ucr-mic\" data-image-description=\"\" data-image-caption=\"\" data-large-file=\"https:\/\/www.hoymercedes.com.ar\/principal\/wp-content\/uploads\/2012\/12\/frentemercedinos-ucr-mic.jpg\" class=\"aligncenter size-full wp-image-19093\" alt=\"frentemercedinos-ucr-mic\" src=\"https:\/\/www.hoymercedes.com.ar\/principal\/wp-content\/uploads\/2012\/12\/frentemercedinos-ucr-mic.jpg\" width=\"618\" height=\"286\" \/><\/a><\/p>\n<p>La Asamblea de Mayores Contribuyentes ha dado mucha tela que cortar. Luego de que se aprobara una parte de las propuestas y se quedara sin qu\u00f3rum se volvi\u00f3 a convocar al d\u00eda siguiente (y ahora al lunes), instancia que tampoco tuvo su normal realizaci\u00f3n generando una convocatoria no efectivizada porque la oposici\u00f3n no la reconoci\u00f3, por temas administrativos y legales, como v\u00e1lida.<\/p>\n<p>En conferencia de prensa, el Frente Mercedino para la Victoria, el MIC y la UCR expusieron su opini\u00f3n y visi\u00f3n as\u00ed como los motivos del no acompa\u00f1amiento.<\/p>\n<p>La voz cantante la tuvo Juan Pablo L\u00f3pez. Tambi\u00e9n tuvieron la palabra Jos\u00e9 Cestari e In\u00e9s Ghione.<\/p>\n<p>Juan Pablo L\u00f3pez sostuvo: <em>\u201cno parte de lo pol\u00edtico, ni siquiera de la voluntad de dar o no qu\u00f3rum, sino con un problema de forma, legal, de procedimiento que hace que la sesi\u00f3n convocada para hoy sea manifiesta y claramente nula.\u201d<\/em><\/p>\n<p><em>\u201cPara modificar las tasas municipales tiene que darse un procedimiento especial, no es una ordenanza cualquiera que se vota con los 18 concejales en sesi\u00f3n. Requiere una doble vuelta. Es lo que llamamos la sesi\u00f3n preparatoria donde se debate y queda algo llamado \u201cordenanza preparatoria\u201d q ue sirve de base para posteriormente y con ocho d\u00edas m\u00ednimos y un m\u00e1ximo de quince se cite a mayores contribuyentes que son tambi\u00e9n vecinos de Mercedes que tienen sus impuestos al d\u00eda para tratar con ellos la ordenanza base y finalmente dar por aprobaci\u00f3n la modificaci\u00f3n de las tasas municipales. Hab\u00eda un listado de m\u00e1ximos contribuyentes del Departamento Ejecutivo, se respet\u00f3 el llamado previo de los ocho d\u00edas, se dio la asamblea legalmente constituida, comenz\u00f3 la sesi\u00f3n, dio por aprobada parte general y parte especial de la ordenanza, se debate y se da lo del qu\u00f3rum donde los bloques de la oposici\u00f3n nos levantamos quidando sin qui\u00f3run y sesionando sin \u00e9l adem\u00e1s de incorporar un contribuyente para tenerlo y finalmente sale una ordenanza que no solamente es nula en todo sus sentidos sino que tambi\u00e9n la propia presidencia reconoce que hab\u00eda actuado mal y por eso llama a una nueva\u201d<\/em><\/p>\n<p><em>\u201cNunca se nos cruz\u00f3 por la cabeza dejar sin ordenanza impositiva al municipio, todas las gestiones que hicimos en el cuarto intermedio fueron en ese sentido, pero cuestiones m\u00e1s cercanas al capricho, a la verticalidad partidaria hace que hoy no tengamos una ordenanza legalmente votada porque fue la parte impositiva que define la variaci\u00f3n en el monto de las tasas\u201d<\/em><\/p>\n<p><em>Lo que va a ocurrir ahora no tiene validez con respecto a la legislaci\u00f3n vigente que exige determinada caracter\u00edsticas que no se cumplen.\u201d<\/em><\/p>\n<p><em>\u00a0<\/em><\/p>\n","protected":false},"excerpt":{"rendered":"<p>La Asamblea de Mayores Contribuyentes ha dado mucha tela que cortar. Luego de que se aprobara una parte de las &#8230; <a title=\"Juan Pablo L\u00f3pez: \u00abcuestiones m\u00e1s cercanas al capricho, a la verticalidad partidaria hace que hoy no tengamos una ordenanza legalmente votada\u00bb\" class=\"read-more\" href=\"https:\/\/www.hoymercedes.com.ar\/principal\/2012\/12\/29\/juan-pablo-lopez-cuestiones-mas-cercanas-al-capricho-a-la-verticalidad-partidaria-hace-que-hoy-no-tengamos-una-ordenanza-legalmente-votada\/\" aria-label=\"Leer m\u00e1s sobre Juan Pablo L\u00f3pez: \u00abcuestiones m\u00e1s cercanas al capricho, a la verticalidad partidaria hace que hoy no tengamos una ordenanza legalmente votada\u00bb\">Leer m\u00e1s<\/a><\/p>\n","protected":false},"author":1,"featured_media":0,"comment_status":"open","ping_status":"open","sticky":false,"template":"","format":"standard","meta":{"_monsterinsights_skip_tracking":false,"_monsterinsights_sitenote_active":false,"_monsterinsights_sitenote_note":"","_monsterinsights_sitenote_category":0,"jetpack_post_was_ever_published":false,"_jetpack_newsletter_access":"","_jetpack_dont_email_post_to_subs":false,"_jetpack_newsletter_tier_id":0,"_jetpack_memberships_contains_paywalled_content":false,"_jetpack_memberships_contains_paid_content":false,"footnotes":"","jetpack_publicize_message":"","jetpack_publicize_feature_enabled":true,"jetpack_social_post_already_shared":false,"jetpack_social_options":{"image_generator_settings":{"template":"highway","default_image_id":0,"font":"","enabled":false},"version":2},"_wpas_customize_per_network":false},"categories":[5],"tags":[273],"class_list":["post-19091","post","type-post","status-publish","format-standard","hentry","category-politica","tag-juan-pablo-lopez","generate-columns","tablet-grid-50","mobile-grid-100","grid-parent","grid-50"],"jetpack_publicize_connections":[],"jetpack_featured_media_url":"","wps_subtitle":"","jetpack_sharing_enabled":true,"_links":{"self":[{"href":"https:\/\/www.hoymercedes.com.ar\/principal\/wp-json\/wp\/v2\/posts\/19091","targetHints":{"allow":["GET"]}}],"collection":[{"href":"https:\/\/www.hoymercedes.com.ar\/principal\/wp-json\/wp\/v2\/posts"}],"about":[{"href":"https:\/\/www.hoymercedes.com.ar\/principal\/wp-json\/wp\/v2\/types\/post"}],"author":[{"embeddable":true,"href":"https:\/\/www.hoymercedes.com.ar\/principal\/wp-json\/wp\/v2\/users\/1"}],"replies":[{"embeddable":true,"href":"https:\/\/www.hoymercedes.com.ar\/principal\/wp-json\/wp\/v2\/comments?post=19091"}],"version-history":[{"count":0,"href":"https:\/\/www.hoymercedes.com.ar\/principal\/wp-json\/wp\/v2\/posts\/19091\/revisions"}],"wp:attachment":[{"href":"https:\/\/www.hoymercedes.com.ar\/principal\/wp-json\/wp\/v2\/media?parent=19091"}],"wp:term":[{"taxonomy":"category","embeddable":true,"href":"https:\/\/www.hoymercedes.com.ar\/principal\/wp-json\/wp\/v2\/categories?post=19091"},{"taxonomy":"post_tag","embeddable":true,"href":"https:\/\/www.hoymercedes.com.ar\/principal\/wp-json\/wp\/v2\/tags?post=19091"}],"curies":[{"name":"wp","href":"https:\/\/api.w.org\/{rel}","templated":true}]}}