{"id":190936,"date":"2026-01-13T16:14:00","date_gmt":"2026-01-13T19:14:00","guid":{"rendered":"https:\/\/www.hoymercedes.com.ar\/principal\/?p=190936"},"modified":"2026-01-12T21:16:42","modified_gmt":"2026-01-13T00:16:42","slug":"el-crecimiento-natural-de-mercedes-muestra-mas-muertes-que-nacimientos-en-los-ultimos-anos","status":"publish","type":"post","link":"https:\/\/www.hoymercedes.com.ar\/principal\/2026\/01\/13\/el-crecimiento-natural-de-mercedes-muestra-mas-muertes-que-nacimientos-en-los-ultimos-anos\/","title":{"rendered":"El crecimiento natural de Mercedes muestra m\u00e1s muertes que nacimientos en los \u00faltimos a\u00f1os"},"content":{"rendered":"\n<p>Los datos oficiales m\u00e1s recientes del <strong>Registro de las Personas<\/strong> muestran que en 2025 la provincia de Buenos Aires experiment\u00f3 un cambio profundo en su din\u00e1mica demogr\u00e1fica: <strong>la cantidad de defunciones fue mayor que la de nacimientos<\/strong>, marcando un <strong>saldo vegetativo negativo<\/strong> que se mantiene en la ciudad de <strong>Mercedes desde hace al menos cinco a\u00f1os.<\/strong><\/p>\n\n\n\n<figure class=\"wp-block-image size-full\"><img loading=\"lazy\" decoding=\"async\" width=\"750\" height=\"500\" data-attachment-id=\"190937\" data-permalink=\"https:\/\/www.hoymercedes.com.ar\/principal\/2026\/01\/13\/el-crecimiento-natural-de-mercedes-muestra-mas-muertes-que-nacimientos-en-los-ultimos-anos\/cementerio-mercedes\/#main\" data-orig-file=\"https:\/\/www.hoymercedes.com.ar\/principal\/wp-content\/uploads\/2026\/01\/Cementerio-mercedes.jpeg\" data-orig-size=\"750,500\" data-comments-opened=\"0\" data-image-meta=\"{&quot;aperture&quot;:&quot;0&quot;,&quot;credit&quot;:&quot;&quot;,&quot;camera&quot;:&quot;&quot;,&quot;caption&quot;:&quot;&quot;,&quot;created_timestamp&quot;:&quot;0&quot;,&quot;copyright&quot;:&quot;&quot;,&quot;focal_length&quot;:&quot;0&quot;,&quot;iso&quot;:&quot;0&quot;,&quot;shutter_speed&quot;:&quot;0&quot;,&quot;title&quot;:&quot;&quot;,&quot;orientation&quot;:&quot;0&quot;}\" data-image-title=\"Cementerio mercedes\" data-image-description=\"\" data-image-caption=\"\" data-large-file=\"https:\/\/www.hoymercedes.com.ar\/principal\/wp-content\/uploads\/2026\/01\/Cementerio-mercedes.jpeg\" src=\"https:\/\/www.hoymercedes.com.ar\/principal\/wp-content\/uploads\/2026\/01\/Cementerio-mercedes.jpeg\" alt=\"\" class=\"wp-image-190937\" srcset=\"https:\/\/www.hoymercedes.com.ar\/principal\/wp-content\/uploads\/2026\/01\/Cementerio-mercedes.jpeg 750w, https:\/\/www.hoymercedes.com.ar\/principal\/wp-content\/uploads\/2026\/01\/Cementerio-mercedes-630x420.jpeg 630w, https:\/\/www.hoymercedes.com.ar\/principal\/wp-content\/uploads\/2026\/01\/Cementerio-mercedes-150x100.jpeg 150w\" sizes=\"auto, (max-width: 750px) 100vw, 750px\" \/><\/figure>\n\n\n\n<p>Seg\u00fan ese informe estad\u00edstico, en la provincia se registraron <strong>134.131 fallecimientos frente a 121.303 nacimientos en 2025<\/strong>, lo que evidencia c\u00f3mo la natalidad ha seguido descendiendo mientras que la mortalidad se estabiliza en niveles altos tras los picos de la pandemia.<\/p>\n\n\n\n<p>Este fen\u00f3meno \u2014que se da cuando mueren m\u00e1s personas de las que nacen en un mismo per\u00edodo\u2014 indica una <strong>disminuci\u00f3n natural de la poblaci\u00f3n<\/strong> y suele asociarse con el <strong>envejecimiento demogr\u00e1fico<\/strong> y una menor fecundidad.<\/p>\n\n\n\n<p>Aunque la ciudad ha continuado creciendo gracias a la llegada de nuevos residentes, que eligen Mercedes por su calidad de vida, <strong>la baja en nacimientos es significativa<\/strong>: por ejemplo, en 2025 se contabilizaron <strong>207 nacimientos<\/strong>, frente a <strong>329 en 2020<\/strong>, una ca\u00edda cercana al 13% en apenas cinco a\u00f1os.<\/p>\n\n\n\n<p>Este cambio en la estructura demogr\u00e1fica plantea desaf\u00edos para pol\u00edticas p\u00fablicas en \u00e1reas como salud, educaci\u00f3n y servicios sociales, ya que el <strong>envejecimiento poblacional<\/strong> y la menor tasa de reemplazo natural exigen medidas espec\u00edficas para sostener el desarrollo local<\/p>\n","protected":false},"excerpt":{"rendered":"<p>Los datos oficiales m\u00e1s recientes del Registro de las Personas muestran que en 2025 la provincia de Buenos Aires experiment\u00f3 &#8230; <a title=\"El crecimiento natural de Mercedes muestra m\u00e1s muertes que nacimientos en los \u00faltimos a\u00f1os\" class=\"read-more\" href=\"https:\/\/www.hoymercedes.com.ar\/principal\/2026\/01\/13\/el-crecimiento-natural-de-mercedes-muestra-mas-muertes-que-nacimientos-en-los-ultimos-anos\/\" aria-label=\"Leer m\u00e1s sobre El crecimiento natural de Mercedes muestra m\u00e1s muertes que nacimientos en los \u00faltimos a\u00f1os\">Leer m\u00e1s<\/a><\/p>\n","protected":false},"author":1,"featured_media":190937,"comment_status":"closed","ping_status":"open","sticky":false,"template":"","format":"standard","meta":{"_monsterinsights_skip_tracking":false,"_monsterinsights_sitenote_active":false,"_monsterinsights_sitenote_note":"","_monsterinsights_sitenote_category":0,"jetpack_post_was_ever_published":false,"_jetpack_newsletter_access":"","_jetpack_dont_email_post_to_subs":false,"_jetpack_newsletter_tier_id":0,"_jetpack_memberships_contains_paywalled_content":false,"_jetpack_memberships_contains_paid_content":false,"footnotes":"","jetpack_publicize_message":"","jetpack_publicize_feature_enabled":true,"jetpack_social_post_already_shared":true,"jetpack_social_options":{"image_generator_settings":{"template":"highway","default_image_id":0,"font":"","enabled":false},"version":2},"_wpas_customize_per_network":false},"categories":[8],"tags":[],"class_list":["post-190936","post","type-post","status-publish","format-standard","has-post-thumbnail","hentry","category-sociedad","generate-columns","tablet-grid-50","mobile-grid-100","grid-parent","grid-50"],"jetpack_publicize_connections":[],"jetpack_featured_media_url":"https:\/\/www.hoymercedes.com.ar\/principal\/wp-content\/uploads\/2026\/01\/Cementerio-mercedes.jpeg","wps_subtitle":"","jetpack_sharing_enabled":true,"_links":{"self":[{"href":"https:\/\/www.hoymercedes.com.ar\/principal\/wp-json\/wp\/v2\/posts\/190936","targetHints":{"allow":["GET"]}}],"collection":[{"href":"https:\/\/www.hoymercedes.com.ar\/principal\/wp-json\/wp\/v2\/posts"}],"about":[{"href":"https:\/\/www.hoymercedes.com.ar\/principal\/wp-json\/wp\/v2\/types\/post"}],"author":[{"embeddable":true,"href":"https:\/\/www.hoymercedes.com.ar\/principal\/wp-json\/wp\/v2\/users\/1"}],"replies":[{"embeddable":true,"href":"https:\/\/www.hoymercedes.com.ar\/principal\/wp-json\/wp\/v2\/comments?post=190936"}],"version-history":[{"count":1,"href":"https:\/\/www.hoymercedes.com.ar\/principal\/wp-json\/wp\/v2\/posts\/190936\/revisions"}],"predecessor-version":[{"id":190938,"href":"https:\/\/www.hoymercedes.com.ar\/principal\/wp-json\/wp\/v2\/posts\/190936\/revisions\/190938"}],"wp:featuredmedia":[{"embeddable":true,"href":"https:\/\/www.hoymercedes.com.ar\/principal\/wp-json\/wp\/v2\/media\/190937"}],"wp:attachment":[{"href":"https:\/\/www.hoymercedes.com.ar\/principal\/wp-json\/wp\/v2\/media?parent=190936"}],"wp:term":[{"taxonomy":"category","embeddable":true,"href":"https:\/\/www.hoymercedes.com.ar\/principal\/wp-json\/wp\/v2\/categories?post=190936"},{"taxonomy":"post_tag","embeddable":true,"href":"https:\/\/www.hoymercedes.com.ar\/principal\/wp-json\/wp\/v2\/tags?post=190936"}],"curies":[{"name":"wp","href":"https:\/\/api.w.org\/{rel}","templated":true}]}}