{"id":190939,"date":"2026-01-13T17:17:00","date_gmt":"2026-01-13T20:17:00","guid":{"rendered":"https:\/\/www.hoymercedes.com.ar\/principal\/?p=190939"},"modified":"2026-01-12T21:30:09","modified_gmt":"2026-01-13T00:30:09","slug":"all-boys-solidario-se-moviliza-para-ayudar-a-quienes-perdieron-todo-en-los-incendios-de-la-patagonia","status":"publish","type":"post","link":"https:\/\/www.hoymercedes.com.ar\/principal\/2026\/01\/13\/all-boys-solidario-se-moviliza-para-ayudar-a-quienes-perdieron-todo-en-los-incendios-de-la-patagonia\/","title":{"rendered":"All Boys Solidario se moviliza para ayudar a quienes perdieron todo en los incendios de la Patagonia"},"content":{"rendered":"\n<p>Diversas instituciones de f\u00fatbol de nuestro pa\u00eds lanzaron una campa\u00f1a solidaria con el objetivo de <strong>brindar asistencia a quienes sufrieron las consecuencias de los recientes incendios forestales en la Patagonia<\/strong>. La iniciativa re\u00fane a varias organizaciones deportivas que buscan colaborar con insumos y apoyo log\u00edstico.<\/p>\n\n\n\n<figure class=\"wp-block-image size-full\"><img loading=\"lazy\" decoding=\"async\" width=\"750\" height=\"500\" data-attachment-id=\"93145\" data-permalink=\"https:\/\/www.hoymercedes.com.ar\/principal\/2019\/05\/17\/gonzalez-no-trabajaba-comodo-videos\/17-pelusa-gonzalez\/#main\" data-orig-file=\"https:\/\/www.hoymercedes.com.ar\/principal\/wp-content\/uploads\/2019\/05\/17-pelusa-gonzalez.jpg\" data-orig-size=\"750,500\" data-comments-opened=\"0\" data-image-meta=\"{&quot;aperture&quot;:&quot;2&quot;,&quot;credit&quot;:&quot;&quot;,&quot;camera&quot;:&quot;Moto G (5S) Plus&quot;,&quot;caption&quot;:&quot;&quot;,&quot;created_timestamp&quot;:&quot;1558088047&quot;,&quot;copyright&quot;:&quot;&quot;,&quot;focal_length&quot;:&quot;3.59&quot;,&quot;iso&quot;:&quot;100&quot;,&quot;shutter_speed&quot;:&quot;0.0010660980810235&quot;,&quot;title&quot;:&quot;&quot;,&quot;orientation&quot;:&quot;1&quot;}\" data-image-title=\"17 pelusa gonzalez\" data-image-description=\"\" data-image-caption=\"\" data-large-file=\"https:\/\/www.hoymercedes.com.ar\/principal\/wp-content\/uploads\/2019\/05\/17-pelusa-gonzalez.jpg\" src=\"https:\/\/www.hoymercedes.com.ar\/principal\/wp-content\/uploads\/2019\/05\/17-pelusa-gonzalez.jpg\" alt=\"\" class=\"wp-image-93145\" srcset=\"https:\/\/www.hoymercedes.com.ar\/principal\/wp-content\/uploads\/2019\/05\/17-pelusa-gonzalez.jpg 750w, https:\/\/www.hoymercedes.com.ar\/principal\/wp-content\/uploads\/2019\/05\/17-pelusa-gonzalez-150x100.jpg 150w, https:\/\/www.hoymercedes.com.ar\/principal\/wp-content\/uploads\/2019\/05\/17-pelusa-gonzalez-630x420.jpg 630w, https:\/\/www.hoymercedes.com.ar\/principal\/wp-content\/uploads\/2019\/05\/17-pelusa-gonzalez-720x480.jpg 720w, https:\/\/www.hoymercedes.com.ar\/principal\/wp-content\/uploads\/2019\/05\/17-pelusa-gonzalez-360x240.jpg 360w\" sizes=\"auto, (max-width: 750px) 100vw, 750px\" \/><\/figure>\n\n\n\n<p>Las entidades que encabezan esta acci\u00f3n son <strong>All Boys Solidario, la Fundaci\u00f3n Social de Argentinos Juniors, V\u00e9lez Social y Gimnasia y Esgrima La Plata<\/strong>, que acordaron trabajar en conjunto para reunir y destinar ayuda a las comunidades m\u00e1s golpeadas por los focos \u00edgneos.<\/p>\n\n\n\n<p>El plan de acci\u00f3n contempla la recolecci\u00f3n de <strong>materiales y equipamiento fundamentales<\/strong>, tales como mangueras para combatir el fuego, tanques de agua, alimentos no perecederos, agua mineral, motobombas, alambres y grupos electr\u00f3genos, entre otros elementos que podr\u00edan marcar la diferencia en la asistencia a los damnificados.<\/p>\n\n\n\n<p>Una vez completada la recolecci\u00f3n, todo lo recaudado ser\u00e1 <strong>enviado a la Comarca Andina<\/strong>, donde se realizar\u00e1 la entrega directa a las familias que enfrentan la emergencia y que quedaron sin recursos tras los incendios.<\/p>\n\n\n\n<p>Desde los clubes organizadores invitan a <strong>vecinos, simpatizantes y otras organizaciones<\/strong> a sumarse a este esfuerzo, aportando lo que puedan en los puntos de acopio habilitados, con la idea de consolidar una respuesta comunitaria frente a la situaci\u00f3n cr\u00edtica que atraviesa el sur del pa\u00eds.<\/p>\n","protected":false},"excerpt":{"rendered":"<p>Diversas instituciones de f\u00fatbol de nuestro pa\u00eds lanzaron una campa\u00f1a solidaria con el objetivo de brindar asistencia a quienes sufrieron &#8230; <a title=\"All Boys Solidario se moviliza para ayudar a quienes perdieron todo en los incendios de la Patagonia\" class=\"read-more\" href=\"https:\/\/www.hoymercedes.com.ar\/principal\/2026\/01\/13\/all-boys-solidario-se-moviliza-para-ayudar-a-quienes-perdieron-todo-en-los-incendios-de-la-patagonia\/\" aria-label=\"Leer m\u00e1s sobre All Boys Solidario se moviliza para ayudar a quienes perdieron todo en los incendios de la Patagonia\">Leer m\u00e1s<\/a><\/p>\n","protected":false},"author":1,"featured_media":93145,"comment_status":"closed","ping_status":"open","sticky":false,"template":"","format":"standard","meta":{"_monsterinsights_skip_tracking":false,"_monsterinsights_sitenote_active":false,"_monsterinsights_sitenote_note":"","_monsterinsights_sitenote_category":0,"jetpack_post_was_ever_published":false,"_jetpack_newsletter_access":"","_jetpack_dont_email_post_to_subs":false,"_jetpack_newsletter_tier_id":0,"_jetpack_memberships_contains_paywalled_content":false,"_jetpack_memberships_contains_paid_content":false,"footnotes":"","jetpack_publicize_message":"","jetpack_publicize_feature_enabled":true,"jetpack_social_post_already_shared":true,"jetpack_social_options":{"image_generator_settings":{"template":"highway","default_image_id":0,"font":"","enabled":false},"version":2},"_wpas_customize_per_network":false},"categories":[8],"tags":[],"class_list":["post-190939","post","type-post","status-publish","format-standard","has-post-thumbnail","hentry","category-sociedad","generate-columns","tablet-grid-50","mobile-grid-100","grid-parent","grid-50"],"jetpack_publicize_connections":[],"jetpack_featured_media_url":"https:\/\/www.hoymercedes.com.ar\/principal\/wp-content\/uploads\/2019\/05\/17-pelusa-gonzalez.jpg","wps_subtitle":"","jetpack_sharing_enabled":true,"_links":{"self":[{"href":"https:\/\/www.hoymercedes.com.ar\/principal\/wp-json\/wp\/v2\/posts\/190939","targetHints":{"allow":["GET"]}}],"collection":[{"href":"https:\/\/www.hoymercedes.com.ar\/principal\/wp-json\/wp\/v2\/posts"}],"about":[{"href":"https:\/\/www.hoymercedes.com.ar\/principal\/wp-json\/wp\/v2\/types\/post"}],"author":[{"embeddable":true,"href":"https:\/\/www.hoymercedes.com.ar\/principal\/wp-json\/wp\/v2\/users\/1"}],"replies":[{"embeddable":true,"href":"https:\/\/www.hoymercedes.com.ar\/principal\/wp-json\/wp\/v2\/comments?post=190939"}],"version-history":[{"count":2,"href":"https:\/\/www.hoymercedes.com.ar\/principal\/wp-json\/wp\/v2\/posts\/190939\/revisions"}],"predecessor-version":[{"id":190944,"href":"https:\/\/www.hoymercedes.com.ar\/principal\/wp-json\/wp\/v2\/posts\/190939\/revisions\/190944"}],"wp:featuredmedia":[{"embeddable":true,"href":"https:\/\/www.hoymercedes.com.ar\/principal\/wp-json\/wp\/v2\/media\/93145"}],"wp:attachment":[{"href":"https:\/\/www.hoymercedes.com.ar\/principal\/wp-json\/wp\/v2\/media?parent=190939"}],"wp:term":[{"taxonomy":"category","embeddable":true,"href":"https:\/\/www.hoymercedes.com.ar\/principal\/wp-json\/wp\/v2\/categories?post=190939"},{"taxonomy":"post_tag","embeddable":true,"href":"https:\/\/www.hoymercedes.com.ar\/principal\/wp-json\/wp\/v2\/tags?post=190939"}],"curies":[{"name":"wp","href":"https:\/\/api.w.org\/{rel}","templated":true}]}}