{"id":190945,"date":"2026-01-13T08:31:00","date_gmt":"2026-01-13T11:31:00","guid":{"rendered":"https:\/\/www.hoymercedes.com.ar\/principal\/?p=190945"},"modified":"2026-01-12T21:35:21","modified_gmt":"2026-01-13T00:35:21","slug":"la-autovia-5-entra-en-la-segunda-fase-del-plan-de-concesion-de-rutas-nacionales","status":"publish","type":"post","link":"https:\/\/www.hoymercedes.com.ar\/principal\/2026\/01\/13\/la-autovia-5-entra-en-la-segunda-fase-del-plan-de-concesion-de-rutas-nacionales\/","title":{"rendered":"La Autov\u00eda 5 entra en la segunda fase del plan de concesi\u00f3n de rutas nacionales"},"content":{"rendered":"\n<p>El Gobierno nacional avanz\u00f3 con la segunda etapa del plan de privatizaciones de la Red Federal de Concesiones, en el que se incluy\u00f3 a la Ruta Nacional 5 \u2014una de las arterias m\u00e1s importantes para la conexi\u00f3n entre el oeste bonaerense y La Pampa\u2014 bajo el esquema de concesi\u00f3n a empresas privadas. <\/p>\n\n\n\n<p>Este proyecto impulsa la participaci\u00f3n del sector privado para gestionar, conservar y explotar tramos de las rutas nacionales que hasta ahora estaban bajo administraci\u00f3n estatal, con el objetivo oficial de optimizar la infraestructura vial mediante inversiones externas sin subsidios del Tesoro. <\/p>\n\n\n\n<p>La Ruta 5, que comienza en Luj\u00e1n y se extiende hasta Santa Rosa (La Pampa), fue incluida en este paquete como parte del Tramo Pampa, uno de los corredores que conforman esta segunda fase. El pliego licitatorio comprende toda la traza \u2014aproximadamente 538,65 km de extensi\u00f3n\u2014 y abarca desde su empalme con el Acceso Oeste hasta la capital pampeana. Para el distrito de Luj\u00e1n espec\u00edficamente, el proyecto marca que los primeros kil\u00f3metros del corredor \u2014entre los km 65 y 73\u2014 quedar\u00e1n sujetos a concesi\u00f3n con el sistema de peajes, lo que significa que ser\u00e1n administrados y financiados por la empresa que resulte adjudicataria.<\/p>\n\n\n\n<p><strong>\u00bfQu\u00e9 implica la concesi\u00f3n?<\/strong><\/p>\n\n\n\n<p>Seg\u00fan los pliegos preliminares, la empresa que asuma la Ruta 5 no solo estar\u00e1 encargada del cobro de peajes, sino tambi\u00e9n de:<\/p>\n\n\n\n<p>La administraci\u00f3n y el mantenimiento general de la ruta.<\/p>\n\n\n\n<p>Reparaciones y conservaci\u00f3n de la calzada.<\/p>\n\n\n\n<p>La prestaci\u00f3n de servicios a usuarios.<\/p>\n\n\n\n<p>Eventuales obras adicionales y explotaci\u00f3n de servicios complementarios que aporten ingresos.<\/p>\n\n\n\n<p>La inclusi\u00f3n de este corredor en la nueva etapa forma parte de una convocatoria m\u00e1s amplia, que contempla casi 1.900 km de rutas y autopistas nacionales divididos en varios tramos en todo el pa\u00eds, junto con otros corredores como los de las rutas 3, 205 y 206, as\u00ed como accesos y autopistas en la provincia de Buenos Aires.<\/p>\n","protected":false},"excerpt":{"rendered":"<p>El Gobierno nacional avanz\u00f3 con la segunda etapa del plan de privatizaciones de la Red Federal de Concesiones, en el &#8230; <a title=\"La Autov\u00eda 5 entra en la segunda fase del plan de concesi\u00f3n de rutas nacionales\" class=\"read-more\" href=\"https:\/\/www.hoymercedes.com.ar\/principal\/2026\/01\/13\/la-autovia-5-entra-en-la-segunda-fase-del-plan-de-concesion-de-rutas-nacionales\/\" aria-label=\"Leer m\u00e1s sobre La Autov\u00eda 5 entra en la segunda fase del plan de concesi\u00f3n de rutas nacionales\">Leer m\u00e1s<\/a><\/p>\n","protected":false},"author":1,"featured_media":108347,"comment_status":"closed","ping_status":"open","sticky":false,"template":"","format":"standard","meta":{"_monsterinsights_skip_tracking":false,"_monsterinsights_sitenote_active":false,"_monsterinsights_sitenote_note":"","_monsterinsights_sitenote_category":0,"jetpack_post_was_ever_published":false,"_jetpack_newsletter_access":"","_jetpack_dont_email_post_to_subs":false,"_jetpack_newsletter_tier_id":0,"_jetpack_memberships_contains_paywalled_content":false,"_jetpack_memberships_contains_paid_content":false,"footnotes":"","jetpack_publicize_message":"","jetpack_publicize_feature_enabled":true,"jetpack_social_post_already_shared":true,"jetpack_social_options":{"image_generator_settings":{"template":"highway","default_image_id":0,"font":"","enabled":false},"version":2},"_wpas_customize_per_network":false},"categories":[5608],"tags":[20942,3064],"class_list":["post-190945","post","type-post","status-publish","format-standard","has-post-thumbnail","hentry","category-sin-categoria","tag-licitacion-peaje","tag-peaje-de-olivera","generate-columns","tablet-grid-50","mobile-grid-100","grid-parent","grid-50"],"jetpack_publicize_connections":[],"jetpack_featured_media_url":"https:\/\/www.hoymercedes.com.ar\/principal\/wp-content\/uploads\/2020\/03\/25-ControlesPeajes.jpeg","wps_subtitle":"","jetpack_sharing_enabled":true,"_links":{"self":[{"href":"https:\/\/www.hoymercedes.com.ar\/principal\/wp-json\/wp\/v2\/posts\/190945","targetHints":{"allow":["GET"]}}],"collection":[{"href":"https:\/\/www.hoymercedes.com.ar\/principal\/wp-json\/wp\/v2\/posts"}],"about":[{"href":"https:\/\/www.hoymercedes.com.ar\/principal\/wp-json\/wp\/v2\/types\/post"}],"author":[{"embeddable":true,"href":"https:\/\/www.hoymercedes.com.ar\/principal\/wp-json\/wp\/v2\/users\/1"}],"replies":[{"embeddable":true,"href":"https:\/\/www.hoymercedes.com.ar\/principal\/wp-json\/wp\/v2\/comments?post=190945"}],"version-history":[{"count":1,"href":"https:\/\/www.hoymercedes.com.ar\/principal\/wp-json\/wp\/v2\/posts\/190945\/revisions"}],"predecessor-version":[{"id":190946,"href":"https:\/\/www.hoymercedes.com.ar\/principal\/wp-json\/wp\/v2\/posts\/190945\/revisions\/190946"}],"wp:featuredmedia":[{"embeddable":true,"href":"https:\/\/www.hoymercedes.com.ar\/principal\/wp-json\/wp\/v2\/media\/108347"}],"wp:attachment":[{"href":"https:\/\/www.hoymercedes.com.ar\/principal\/wp-json\/wp\/v2\/media?parent=190945"}],"wp:term":[{"taxonomy":"category","embeddable":true,"href":"https:\/\/www.hoymercedes.com.ar\/principal\/wp-json\/wp\/v2\/categories?post=190945"},{"taxonomy":"post_tag","embeddable":true,"href":"https:\/\/www.hoymercedes.com.ar\/principal\/wp-json\/wp\/v2\/tags?post=190945"}],"curies":[{"name":"wp","href":"https:\/\/api.w.org\/{rel}","templated":true}]}}