{"id":19096,"date":"2012-12-31T02:22:18","date_gmt":"2012-12-31T02:22:18","guid":{"rendered":"http:\/\/www.hoymercedes.com.ar\/principal\/?p=19096"},"modified":"2012-12-31T02:23:00","modified_gmt":"2012-12-31T02:23:00","slug":"pisano-ramos-bonafina-y-colao-dieron-su-vision-sobre-asamblea-de-mayores-contribuyentes","status":"publish","type":"post","link":"https:\/\/www.hoymercedes.com.ar\/principal\/2012\/12\/31\/pisano-ramos-bonafina-y-colao-dieron-su-vision-sobre-asamblea-de-mayores-contribuyentes\/","title":{"rendered":"Pisano, Ramos, Bonafina y Colao dieron su visi\u00f3n sobre Asamblea de Mayores Contribuyentes"},"content":{"rendered":"<figure id=\"attachment_19098\" aria-describedby=\"caption-attachment-19098\" style=\"width: 608px\" class=\"wp-caption aligncenter\"><a href=\"https:\/\/www.hoymercedes.com.ar\/principal\/wp-content\/uploads\/2012\/12\/Pisano-Bonafina-Ramos-Colao.jpg\"><img loading=\"lazy\" decoding=\"async\" data-attachment-id=\"19098\" data-permalink=\"https:\/\/www.hoymercedes.com.ar\/principal\/2012\/12\/31\/pisano-ramos-bonafina-y-colao-dieron-su-vision-sobre-asamblea-de-mayores-contribuyentes\/pisano-bonafina-ramos-colao\/#main\" data-orig-file=\"https:\/\/www.hoymercedes.com.ar\/principal\/wp-content\/uploads\/2012\/12\/Pisano-Bonafina-Ramos-Colao.jpg\" data-orig-size=\"618,261\" data-comments-opened=\"1\" data-image-meta=\"{&quot;aperture&quot;:&quot;3.1&quot;,&quot;credit&quot;:&quot;&quot;,&quot;camera&quot;:&quot;DMC-S1&quot;,&quot;caption&quot;:&quot;&quot;,&quot;created_timestamp&quot;:&quot;1356471808&quot;,&quot;copyright&quot;:&quot;&quot;,&quot;focal_length&quot;:&quot;5&quot;,&quot;iso&quot;:&quot;800&quot;,&quot;shutter_speed&quot;:&quot;0.016666666666667&quot;,&quot;title&quot;:&quot;&quot;}\" data-image-title=\"Bonafina, Colao, Pisano, Ramos\" data-image-description=\"&lt;p&gt;Bonafina, Colao, Pisano, Ramos&lt;\/p&gt;\n\" data-image-caption=\"&lt;p&gt;Bonafina, Colao, Pisano, Ramos&lt;\/p&gt;\n\" data-large-file=\"https:\/\/www.hoymercedes.com.ar\/principal\/wp-content\/uploads\/2012\/12\/Pisano-Bonafina-Ramos-Colao.jpg\" class=\"size-full wp-image-19098\" alt=\"Bonafina, Colao, Pisano, Ramos\" src=\"https:\/\/www.hoymercedes.com.ar\/principal\/wp-content\/uploads\/2012\/12\/Pisano-Bonafina-Ramos-Colao.jpg\" width=\"618\" height=\"261\" \/><\/a><figcaption id=\"caption-attachment-19098\" class=\"wp-caption-text\">Bonafina, Colao, Pisano, Ramos<\/figcaption><\/figure>\n<p>&nbsp;<\/p>\n<p><em><strong>El GEN\/FAP Mercedes tambi\u00e9n cuestion\u00f3 la actualidad de la Asamblea de Mayores Contribuyentes realizada durante la semana pasada. Declar\u00f3 que no es legal y remarc\u00f3 su coherencia luego de no haber votado el presupuesto ni la acci\u00f3n asamblearia entendiendo no se hizo con normalidad.<\/strong><\/em><\/p>\n<figure id=\"attachment_19124\" aria-describedby=\"caption-attachment-19124\" style=\"width: 140px\" class=\"wp-caption alignleft\"><a href=\"https:\/\/www.hoymercedes.com.ar\/principal\/wp-content\/uploads\/2012\/12\/Jos\u00e9Ramos.jpg\"><img loading=\"lazy\" decoding=\"async\" data-attachment-id=\"19124\" data-permalink=\"https:\/\/www.hoymercedes.com.ar\/principal\/2012\/12\/31\/pisano-ramos-bonafina-y-colao-dieron-su-vision-sobre-asamblea-de-mayores-contribuyentes\/joseramos\/#main\" data-orig-file=\"https:\/\/www.hoymercedes.com.ar\/principal\/wp-content\/uploads\/2012\/12\/Jos\u00e9Ramos.jpg\" data-orig-size=\"618,585\" data-comments-opened=\"1\" data-image-meta=\"{&quot;aperture&quot;:&quot;5&quot;,&quot;credit&quot;:&quot;&quot;,&quot;camera&quot;:&quot;DMC-S1&quot;,&quot;caption&quot;:&quot;&quot;,&quot;created_timestamp&quot;:&quot;1356471634&quot;,&quot;copyright&quot;:&quot;&quot;,&quot;focal_length&quot;:&quot;12.5&quot;,&quot;iso&quot;:&quot;800&quot;,&quot;shutter_speed&quot;:&quot;0.033333333333333&quot;,&quot;title&quot;:&quot;&quot;}\" data-image-title=\"Jos\u00e9 Ramos\" data-image-description=\"&lt;p&gt;Jos\u00e9 Ramos&lt;\/p&gt;\n\" data-image-caption=\"&lt;p&gt;Jos\u00e9 Ramos&lt;\/p&gt;\n\" data-large-file=\"https:\/\/www.hoymercedes.com.ar\/principal\/wp-content\/uploads\/2012\/12\/Jos\u00e9Ramos.jpg\" class=\" wp-image-19124  \" alt=\"Jos\u00e9 Ramos\" src=\"https:\/\/www.hoymercedes.com.ar\/principal\/wp-content\/uploads\/2012\/12\/Jos\u00e9Ramos-300x283.jpg\" width=\"150\" height=\"140\" \/><\/a><figcaption id=\"caption-attachment-19124\" class=\"wp-caption-text\">Jos\u00e9 Ramos<\/figcaption><\/figure>\n<p><strong>Jos\u00e9 Ramos<\/strong> estuvo acompa\u00f1ado de Lu\u00eds Colao, Jos\u00e9 Lu\u00eds Pisano y Hugo Bonafina. Ramos sostuvo: \u201cnosotros no estamos en cuanto a lo t\u00e9cnico y lo ideol\u00f3gico en l\u00ednea con esto. Estamos en contra a lo que generalmente recibimos desde el Ejecutivo. Dejamos sentado que en cuanto a la parte que qued\u00f3 sin tratar nosotros no la vamos a aceptar, vamos a votar negativamente porque no queremos que los vecinos sigan pagando los servicios que viene pagando sin recibir los servicios adecuados, con la eficiencia correspondiente. Se propon\u00eda un 35% de aumento a las tasas y eso no lo acompa\u00f1aremos. En la preparatoria en algunos puntos se logr\u00f3 bajar algunos porcentuales, pero, no se condice con lo que el trabajador hoy est\u00e1 recibiendo como aumento de sueldo\u201d<\/p>\n<p>&nbsp;<\/p>\n<figure id=\"attachment_19125\" aria-describedby=\"caption-attachment-19125\" style=\"width: 140px\" class=\"wp-caption alignleft\"><a href=\"https:\/\/www.hoymercedes.com.ar\/principal\/wp-content\/uploads\/2012\/12\/LuisColao.jpg\"><img loading=\"lazy\" decoding=\"async\" data-attachment-id=\"19125\" data-permalink=\"https:\/\/www.hoymercedes.com.ar\/principal\/2012\/12\/31\/pisano-ramos-bonafina-y-colao-dieron-su-vision-sobre-asamblea-de-mayores-contribuyentes\/luiscolao\/#main\" data-orig-file=\"https:\/\/www.hoymercedes.com.ar\/principal\/wp-content\/uploads\/2012\/12\/LuisColao.jpg\" data-orig-size=\"618,606\" data-comments-opened=\"1\" data-image-meta=\"{&quot;aperture&quot;:&quot;4.7&quot;,&quot;credit&quot;:&quot;&quot;,&quot;camera&quot;:&quot;DMC-S1&quot;,&quot;caption&quot;:&quot;&quot;,&quot;created_timestamp&quot;:&quot;1356471798&quot;,&quot;copyright&quot;:&quot;&quot;,&quot;focal_length&quot;:&quot;11.2&quot;,&quot;iso&quot;:&quot;1000&quot;,&quot;shutter_speed&quot;:&quot;0.016666666666667&quot;,&quot;title&quot;:&quot;&quot;}\" data-image-title=\"Luis Colao\" data-image-description=\"&lt;p&gt;Luis Colao&lt;\/p&gt;\n\" data-image-caption=\"&lt;p&gt;Luis Colao&lt;\/p&gt;\n\" data-large-file=\"https:\/\/www.hoymercedes.com.ar\/principal\/wp-content\/uploads\/2012\/12\/LuisColao.jpg\" class=\"size-thumbnail wp-image-19125\" alt=\"Luis Colao\" src=\"https:\/\/www.hoymercedes.com.ar\/principal\/wp-content\/uploads\/2012\/12\/LuisColao-150x150.jpg\" width=\"150\" height=\"150\" \/><\/a><figcaption id=\"caption-attachment-19125\" class=\"wp-caption-text\">Luis Colao<\/figcaption><\/figure>\n<p><strong>Lu\u00eds Colao<\/strong>: \u201cVale aclarar que la preparatoria surge con algunos acuerdos de algunas fuerzas y en algunos aspectos hubo bajas de valores de tasas comparativamente a lo que ped\u00eda el ejecutivo en el inicio y a la hora de votar dentro de la segunda parte el Ejecutivo pretende volver a algunos puntos que hab\u00edan sido acordados a la baja. Por lo tanto si se vuelve a dar esa situaci\u00f3n nuestra votaci\u00f3n es contraria. El oficialismo adem\u00e1s tiene la obligaci\u00f3n de provocar el qu\u00f3rum. Nosotros no estaremos dentro de los acuerdo ni del oficialismo ni de la oposici\u00f3n que se dice como tal y que en realidad forman parte del mismo c\u00edrculo que votaron el presupuesto. Votaron el presupuesto, pero, hoy no quieren votar la financiaci\u00f3n del presupuesto. Nosotros votamos en contra del presupuesto porque entendemos no es la forma adecuada de distribuir los fondos y no estamos de acuerdo con la forma en la cual se cobran las tasas.\u201d<\/p>\n<p>&nbsp;<\/p>\n<figure id=\"attachment_19126\" aria-describedby=\"caption-attachment-19126\" style=\"width: 140px\" class=\"wp-caption alignleft\"><a href=\"https:\/\/www.hoymercedes.com.ar\/principal\/wp-content\/uploads\/2012\/12\/Jos\u00e9LuisPisano.jpg\"><img loading=\"lazy\" decoding=\"async\" data-attachment-id=\"19126\" data-permalink=\"https:\/\/www.hoymercedes.com.ar\/principal\/2012\/12\/31\/pisano-ramos-bonafina-y-colao-dieron-su-vision-sobre-asamblea-de-mayores-contribuyentes\/joseluispisano\/#main\" data-orig-file=\"https:\/\/www.hoymercedes.com.ar\/principal\/wp-content\/uploads\/2012\/12\/Jos\u00e9LuisPisano.jpg\" data-orig-size=\"618,508\" data-comments-opened=\"1\" data-image-meta=\"{&quot;aperture&quot;:&quot;5&quot;,&quot;credit&quot;:&quot;&quot;,&quot;camera&quot;:&quot;DMC-S1&quot;,&quot;caption&quot;:&quot;&quot;,&quot;created_timestamp&quot;:&quot;1356471646&quot;,&quot;copyright&quot;:&quot;&quot;,&quot;focal_length&quot;:&quot;12.5&quot;,&quot;iso&quot;:&quot;800&quot;,&quot;shutter_speed&quot;:&quot;0.066666666666667&quot;,&quot;title&quot;:&quot;&quot;}\" data-image-title=\"Jos\u00e9 Luis Pisano\" data-image-description=\"&lt;p&gt;Jos\u00e9 Luis Pisano&lt;\/p&gt;\n\" data-image-caption=\"&lt;p&gt;Jos\u00e9 Luis Pisano&lt;\/p&gt;\n\" data-large-file=\"https:\/\/www.hoymercedes.com.ar\/principal\/wp-content\/uploads\/2012\/12\/Jos\u00e9LuisPisano.jpg\" class=\"size-thumbnail wp-image-19126\" alt=\"Jos\u00e9 Luis Pisano\" src=\"https:\/\/www.hoymercedes.com.ar\/principal\/wp-content\/uploads\/2012\/12\/Jos\u00e9LuisPisano-150x150.jpg\" width=\"150\" height=\"150\" \/><\/a><figcaption id=\"caption-attachment-19126\" class=\"wp-caption-text\">Jos\u00e9 Luis Pisano<\/figcaption><\/figure>\n<p><strong>Jos\u00e9 Lu\u00eds Pisano,<\/strong> por su parte, manifest\u00f3: \u201cdeseamos resaltar la coherencia t\u00e9cnica y pol\u00edtica que venimos desarrollando en el marco de la concejal\u00eda de Jos\u00e9 donde conceptualmente estamos en contra de c\u00f3mo se arma el presupuesto y consecuentemente con ello no podemos apoyar forma de recaudaci\u00f3n que ese presupuesto viene llevando adelante. T\u00e9cnicamente no podemos presupuestar lo que no sabemos como vamos a recaudar. Es una coherencia t\u00e9cnica y pol\u00edtica. A trav\u00e9s de Jos\u00e9 hemos presentado el presupuesto participativo y que ha sido rechazado por todos los bloques, inclusive aquellos donde su programa de gobierno el a\u00f1o pasado manifestaba la necesidad de contar con este tipo de presupuesto entonces venimos manteniendo esta posici\u00f3n rescatando el consenso que durante todo el a\u00f1o venimos llevando adelante las tres fuerzas.\u201d<\/p>\n<p>De esta manera una fuerza m\u00e1s se manifest\u00f3 al respecto de una sesi\u00f3n, al caer el a\u00f1o, que est\u00e1 dando mucho que hablar.<\/p>\n<p>&nbsp;<\/p>\n<p>&nbsp;<\/p>\n","protected":false},"excerpt":{"rendered":"<p>&nbsp; El GEN\/FAP Mercedes tambi\u00e9n cuestion\u00f3 la actualidad de la Asamblea de Mayores Contribuyentes realizada durante la semana pasada. Declar\u00f3 &#8230; <a title=\"Pisano, Ramos, Bonafina y Colao dieron su visi\u00f3n sobre Asamblea de Mayores Contribuyentes\" class=\"read-more\" href=\"https:\/\/www.hoymercedes.com.ar\/principal\/2012\/12\/31\/pisano-ramos-bonafina-y-colao-dieron-su-vision-sobre-asamblea-de-mayores-contribuyentes\/\" aria-label=\"Leer m\u00e1s sobre Pisano, Ramos, Bonafina y Colao dieron su visi\u00f3n sobre Asamblea de Mayores Contribuyentes\">Leer m\u00e1s<\/a><\/p>\n","protected":false},"author":1,"featured_media":0,"comment_status":"open","ping_status":"open","sticky":false,"template":"","format":"standard","meta":{"_monsterinsights_skip_tracking":false,"_monsterinsights_sitenote_active":false,"_monsterinsights_sitenote_note":"","_monsterinsights_sitenote_category":0,"jetpack_post_was_ever_published":false,"_jetpack_newsletter_access":"","_jetpack_dont_email_post_to_subs":false,"_jetpack_newsletter_tier_id":0,"_jetpack_memberships_contains_paywalled_content":false,"_jetpack_memberships_contains_paid_content":false,"footnotes":"","jetpack_publicize_message":"","jetpack_publicize_feature_enabled":true,"jetpack_social_post_already_shared":false,"jetpack_social_options":{"image_generator_settings":{"template":"highway","default_image_id":0,"font":"","enabled":false},"version":2},"_wpas_customize_per_network":false},"categories":[5],"tags":[],"class_list":["post-19096","post","type-post","status-publish","format-standard","hentry","category-politica","generate-columns","tablet-grid-50","mobile-grid-100","grid-parent","grid-50"],"jetpack_publicize_connections":[],"jetpack_featured_media_url":"","wps_subtitle":"","jetpack_sharing_enabled":true,"_links":{"self":[{"href":"https:\/\/www.hoymercedes.com.ar\/principal\/wp-json\/wp\/v2\/posts\/19096","targetHints":{"allow":["GET"]}}],"collection":[{"href":"https:\/\/www.hoymercedes.com.ar\/principal\/wp-json\/wp\/v2\/posts"}],"about":[{"href":"https:\/\/www.hoymercedes.com.ar\/principal\/wp-json\/wp\/v2\/types\/post"}],"author":[{"embeddable":true,"href":"https:\/\/www.hoymercedes.com.ar\/principal\/wp-json\/wp\/v2\/users\/1"}],"replies":[{"embeddable":true,"href":"https:\/\/www.hoymercedes.com.ar\/principal\/wp-json\/wp\/v2\/comments?post=19096"}],"version-history":[{"count":0,"href":"https:\/\/www.hoymercedes.com.ar\/principal\/wp-json\/wp\/v2\/posts\/19096\/revisions"}],"wp:attachment":[{"href":"https:\/\/www.hoymercedes.com.ar\/principal\/wp-json\/wp\/v2\/media?parent=19096"}],"wp:term":[{"taxonomy":"category","embeddable":true,"href":"https:\/\/www.hoymercedes.com.ar\/principal\/wp-json\/wp\/v2\/categories?post=19096"},{"taxonomy":"post_tag","embeddable":true,"href":"https:\/\/www.hoymercedes.com.ar\/principal\/wp-json\/wp\/v2\/tags?post=19096"}],"curies":[{"name":"wp","href":"https:\/\/api.w.org\/{rel}","templated":true}]}}