{"id":190965,"date":"2026-01-14T10:09:05","date_gmt":"2026-01-14T13:09:05","guid":{"rendered":"https:\/\/www.hoymercedes.com.ar\/principal\/?p=190965"},"modified":"2026-01-14T10:09:08","modified_gmt":"2026-01-14T13:09:08","slug":"mercedes-se-movilizo-y-logro-reunir-los-fondos-necesarios-para-la-operacion-de-chloe","status":"publish","type":"post","link":"https:\/\/www.hoymercedes.com.ar\/principal\/2026\/01\/14\/mercedes-se-movilizo-y-logro-reunir-los-fondos-necesarios-para-la-operacion-de-chloe\/","title":{"rendered":"Mercedes se moviliz\u00f3 y logr\u00f3 reunir los fondos necesarios para la operaci\u00f3n de Chloe"},"content":{"rendered":"\n<p>La comunidad de <strong>Mercedes<\/strong> volvi\u00f3 a demostrar su solidaridad reuniendo la suma de dinero necesaria para que <strong>Chloe<\/strong>, una ni\u00f1a de la ciudad, pueda acceder a la cirug\u00eda que necesita. Tras una intensa campa\u00f1a de recaudaci\u00f3n popular, los fondos recolectados alcanzaron el objetivo propuesto, lo que permitir\u00e1 avanzar con el procedimiento m\u00e9dico que la menor requiere para mejorar su estado de salud.<\/p>\n\n\n\n<figure class=\"wp-block-image size-full\"><img loading=\"lazy\" decoding=\"async\" width=\"640\" height=\"421\" data-attachment-id=\"190966\" data-permalink=\"https:\/\/www.hoymercedes.com.ar\/principal\/2026\/01\/14\/mercedes-se-movilizo-y-logro-reunir-los-fondos-necesarios-para-la-operacion-de-chloe\/chole1\/#main\" data-orig-file=\"https:\/\/www.hoymercedes.com.ar\/principal\/wp-content\/uploads\/2026\/01\/CHOLE1.jpg\" data-orig-size=\"640,421\" data-comments-opened=\"0\" data-image-meta=\"{&quot;aperture&quot;:&quot;0&quot;,&quot;credit&quot;:&quot;&quot;,&quot;camera&quot;:&quot;&quot;,&quot;caption&quot;:&quot;&quot;,&quot;created_timestamp&quot;:&quot;0&quot;,&quot;copyright&quot;:&quot;&quot;,&quot;focal_length&quot;:&quot;0&quot;,&quot;iso&quot;:&quot;0&quot;,&quot;shutter_speed&quot;:&quot;0&quot;,&quot;title&quot;:&quot;&quot;,&quot;orientation&quot;:&quot;0&quot;}\" data-image-title=\"CHOLE1\" data-image-description=\"\" data-image-caption=\"\" data-large-file=\"https:\/\/www.hoymercedes.com.ar\/principal\/wp-content\/uploads\/2026\/01\/CHOLE1.jpg\" src=\"https:\/\/www.hoymercedes.com.ar\/principal\/wp-content\/uploads\/2026\/01\/CHOLE1.jpg\" alt=\"\" class=\"wp-image-190966\" srcset=\"https:\/\/www.hoymercedes.com.ar\/principal\/wp-content\/uploads\/2026\/01\/CHOLE1.jpg 640w, https:\/\/www.hoymercedes.com.ar\/principal\/wp-content\/uploads\/2026\/01\/CHOLE1-630x414.jpg 630w, https:\/\/www.hoymercedes.com.ar\/principal\/wp-content\/uploads\/2026\/01\/CHOLE1-150x99.jpg 150w\" sizes=\"auto, (max-width: 640px) 100vw, 640px\" \/><\/figure>\n\n\n\n<p>La colecta se desarroll\u00f3 a trav\u00e9s de diversas acciones organizadas por grupos solidarios, instituciones locales y vecinos que, con esfuerzo y compromiso, hicieron posible que se alcance la cifra establecida en el menor tiempo previsto. Durante la campa\u00f1a se realizaron actividades, eventos y donaciones particulares que impulsaron el movimiento solidario.<\/p>\n\n\n\n<p>Familiares de Chloe expresaron su gratitud hacia quienes colaboraron con la causa, destacando el apoyo constante de la comunidad y el acompa\u00f1amiento recibido a lo largo de todo el proceso. Asimismo, remarcaron la importancia de la uni\u00f3n vecinal para superar una situaci\u00f3n tan desafiante.<\/p>\n\n\n\n<p>Con los recursos ya asegurados, est\u00e1 prevista la <strong>programaci\u00f3n de la intervenci\u00f3n quir\u00fargica de Chloe en los pr\u00f3ximos d\u00edas<\/strong>, lo que representa un paso crucial para su recuperaci\u00f3n y bienestar. La familia y quienes participaron de la campa\u00f1a se mostraron emocionados por haber logrado la meta solidaria y destacaron que este tipo de acciones reflejan los valores de ayuda mutua presentes en la ciudad.<\/p>\n","protected":false},"excerpt":{"rendered":"<p>La comunidad de Mercedes volvi\u00f3 a demostrar su solidaridad reuniendo la suma de dinero necesaria para que Chloe, una ni\u00f1a &#8230; <a title=\"Mercedes se moviliz\u00f3 y logr\u00f3 reunir los fondos necesarios para la operaci\u00f3n de Chloe\" class=\"read-more\" href=\"https:\/\/www.hoymercedes.com.ar\/principal\/2026\/01\/14\/mercedes-se-movilizo-y-logro-reunir-los-fondos-necesarios-para-la-operacion-de-chloe\/\" aria-label=\"Leer m\u00e1s sobre Mercedes se moviliz\u00f3 y logr\u00f3 reunir los fondos necesarios para la operaci\u00f3n de Chloe\">Leer m\u00e1s<\/a><\/p>\n","protected":false},"author":1,"featured_media":190966,"comment_status":"closed","ping_status":"open","sticky":false,"template":"","format":"standard","meta":{"_monsterinsights_skip_tracking":false,"_monsterinsights_sitenote_active":false,"_monsterinsights_sitenote_note":"","_monsterinsights_sitenote_category":0,"jetpack_post_was_ever_published":false,"_jetpack_newsletter_access":"","_jetpack_dont_email_post_to_subs":false,"_jetpack_newsletter_tier_id":0,"_jetpack_memberships_contains_paywalled_content":false,"_jetpack_memberships_contains_paid_content":false,"footnotes":"","jetpack_publicize_message":"","jetpack_publicize_feature_enabled":true,"jetpack_social_post_already_shared":true,"jetpack_social_options":{"image_generator_settings":{"template":"highway","default_image_id":0,"font":"","enabled":false},"version":2},"_wpas_customize_per_network":false},"categories":[8],"tags":[],"class_list":["post-190965","post","type-post","status-publish","format-standard","has-post-thumbnail","hentry","category-sociedad","generate-columns","tablet-grid-50","mobile-grid-100","grid-parent","grid-50"],"jetpack_publicize_connections":[],"jetpack_featured_media_url":"https:\/\/www.hoymercedes.com.ar\/principal\/wp-content\/uploads\/2026\/01\/CHOLE1.jpg","wps_subtitle":"","jetpack_sharing_enabled":true,"_links":{"self":[{"href":"https:\/\/www.hoymercedes.com.ar\/principal\/wp-json\/wp\/v2\/posts\/190965","targetHints":{"allow":["GET"]}}],"collection":[{"href":"https:\/\/www.hoymercedes.com.ar\/principal\/wp-json\/wp\/v2\/posts"}],"about":[{"href":"https:\/\/www.hoymercedes.com.ar\/principal\/wp-json\/wp\/v2\/types\/post"}],"author":[{"embeddable":true,"href":"https:\/\/www.hoymercedes.com.ar\/principal\/wp-json\/wp\/v2\/users\/1"}],"replies":[{"embeddable":true,"href":"https:\/\/www.hoymercedes.com.ar\/principal\/wp-json\/wp\/v2\/comments?post=190965"}],"version-history":[{"count":1,"href":"https:\/\/www.hoymercedes.com.ar\/principal\/wp-json\/wp\/v2\/posts\/190965\/revisions"}],"predecessor-version":[{"id":190967,"href":"https:\/\/www.hoymercedes.com.ar\/principal\/wp-json\/wp\/v2\/posts\/190965\/revisions\/190967"}],"wp:featuredmedia":[{"embeddable":true,"href":"https:\/\/www.hoymercedes.com.ar\/principal\/wp-json\/wp\/v2\/media\/190966"}],"wp:attachment":[{"href":"https:\/\/www.hoymercedes.com.ar\/principal\/wp-json\/wp\/v2\/media?parent=190965"}],"wp:term":[{"taxonomy":"category","embeddable":true,"href":"https:\/\/www.hoymercedes.com.ar\/principal\/wp-json\/wp\/v2\/categories?post=190965"},{"taxonomy":"post_tag","embeddable":true,"href":"https:\/\/www.hoymercedes.com.ar\/principal\/wp-json\/wp\/v2\/tags?post=190965"}],"curies":[{"name":"wp","href":"https:\/\/api.w.org\/{rel}","templated":true}]}}