{"id":190968,"date":"2026-01-14T11:12:00","date_gmt":"2026-01-14T14:12:00","guid":{"rendered":"https:\/\/www.hoymercedes.com.ar\/principal\/?p=190968"},"modified":"2026-01-14T10:14:36","modified_gmt":"2026-01-14T13:14:36","slug":"en-2025-se-acelero-fuertemente-el-patentamiento-de-autos-en-mercedes","status":"publish","type":"post","link":"https:\/\/www.hoymercedes.com.ar\/principal\/2026\/01\/14\/en-2025-se-acelero-fuertemente-el-patentamiento-de-autos-en-mercedes\/","title":{"rendered":"En 2025 se aceler\u00f3 fuertemente el patentamiento de autos en Mercedes"},"content":{"rendered":"\n<p>Los registros oficiales de patentamientos con domicilio en <strong>Mercedes<\/strong> reflejaron un incremento significativo de inscripciones de veh\u00edculos 0 km durante el a\u00f1o pasado, marcando una tendencia al alza en comparaci\u00f3n con 2024.<\/p>\n\n\n\n<figure class=\"wp-block-image size-large\"><img loading=\"lazy\" decoding=\"async\" width=\"1024\" height=\"631\" data-attachment-id=\"190969\" data-permalink=\"https:\/\/www.hoymercedes.com.ar\/principal\/2026\/01\/14\/en-2025-se-acelero-fuertemente-el-patentamiento-de-autos-en-mercedes\/autos-patentamiento\/#main\" data-orig-file=\"https:\/\/www.hoymercedes.com.ar\/principal\/wp-content\/uploads\/2026\/01\/Autos-Patentamiento.jpg\" data-orig-size=\"1200,740\" data-comments-opened=\"0\" data-image-meta=\"{&quot;aperture&quot;:&quot;0&quot;,&quot;credit&quot;:&quot;&quot;,&quot;camera&quot;:&quot;&quot;,&quot;caption&quot;:&quot;&quot;,&quot;created_timestamp&quot;:&quot;0&quot;,&quot;copyright&quot;:&quot;&quot;,&quot;focal_length&quot;:&quot;0&quot;,&quot;iso&quot;:&quot;0&quot;,&quot;shutter_speed&quot;:&quot;0&quot;,&quot;title&quot;:&quot;&quot;,&quot;orientation&quot;:&quot;0&quot;}\" data-image-title=\"Autos Patentamiento\" data-image-description=\"\" data-image-caption=\"\" data-large-file=\"https:\/\/www.hoymercedes.com.ar\/principal\/wp-content\/uploads\/2026\/01\/Autos-Patentamiento-1024x631.jpg\" src=\"https:\/\/www.hoymercedes.com.ar\/principal\/wp-content\/uploads\/2026\/01\/Autos-Patentamiento-1024x631.jpg\" alt=\"\" class=\"wp-image-190969\" srcset=\"https:\/\/www.hoymercedes.com.ar\/principal\/wp-content\/uploads\/2026\/01\/Autos-Patentamiento-1024x631.jpg 1024w, https:\/\/www.hoymercedes.com.ar\/principal\/wp-content\/uploads\/2026\/01\/Autos-Patentamiento-630x389.jpg 630w, https:\/\/www.hoymercedes.com.ar\/principal\/wp-content\/uploads\/2026\/01\/Autos-Patentamiento-150x93.jpg 150w, https:\/\/www.hoymercedes.com.ar\/principal\/wp-content\/uploads\/2026\/01\/Autos-Patentamiento.jpg 1200w\" sizes=\"auto, (max-width: 1024px) 100vw, 1024px\" \/><\/figure>\n\n\n\n<p>Seg\u00fan los datos difundidos, el n\u00famero de autom\u00f3viles nuevos cuya titularidad fue registrada en la ciudad pas\u00f3 de <strong>593 unidades en 2024<\/strong> a <strong>838 en 2025<\/strong>, lo que representa un <strong>aumento de alrededor del 40 %<\/strong> en el volumen de tr\u00e1mites locales.<\/p>\n\n\n\n<p>Este crecimiento se da en un contexto donde tambi\u00e9n se observ\u00f3 una mejora general del mercado automotor en el pa\u00eds: a nivel nacional, los patentamientos de autos 0 km aumentaron casi un <strong>47,8 % durante 2025<\/strong>, impulsados por una mayor financiaci\u00f3n, competencia entre marcas y se\u00f1ales de recuperaci\u00f3n macroecon\u00f3mica.<\/p>\n\n\n\n<p>En cuanto a las <strong>motocicletas<\/strong>, la ciudad tambi\u00e9n registr\u00f3 un incremento, aunque m\u00e1s moderado: las inscripciones pasaron de <strong>1.488 en 2024<\/strong> a <strong>1.587 en 2025<\/strong>, lo que equivale a una <strong>suba del 6,6 %<\/strong> en comparaci\u00f3n con el a\u00f1o anterior.<\/p>\n\n\n\n<p>A nivel nacional, los n\u00fameros del sector dos ruedas fueron a\u00fan m\u00e1s pronunciados, con <strong>654.531 motos patentadas en 2025<\/strong> \u2014un 33 % m\u00e1s que en 2024\u2014 seg\u00fan estad\u00edsticas de la C\u00e1mara Argentina de Fabricantes de Motoveh\u00edculos (CAFAM).<\/p>\n\n\n\n<p>La menor magnitud del crecimiento local, en comparaci\u00f3n con las cifras nacionales, puede estar influenciada por la <strong>posibilidad de realizar el tr\u00e1mite de patentamiento en una jurisdicci\u00f3n distinta a la de compra del veh\u00edculo<\/strong>, luego de cambios normativos recientes que flexibilizan ese requisito.<\/p>\n","protected":false},"excerpt":{"rendered":"<p>Los registros oficiales de patentamientos con domicilio en Mercedes reflejaron un incremento significativo de inscripciones de veh\u00edculos 0 km durante &#8230; <a title=\"En 2025 se aceler\u00f3 fuertemente el patentamiento de autos en Mercedes\" class=\"read-more\" href=\"https:\/\/www.hoymercedes.com.ar\/principal\/2026\/01\/14\/en-2025-se-acelero-fuertemente-el-patentamiento-de-autos-en-mercedes\/\" aria-label=\"Leer m\u00e1s sobre En 2025 se aceler\u00f3 fuertemente el patentamiento de autos en Mercedes\">Leer m\u00e1s<\/a><\/p>\n","protected":false},"author":1,"featured_media":190969,"comment_status":"closed","ping_status":"open","sticky":false,"template":"","format":"standard","meta":{"_monsterinsights_skip_tracking":false,"_monsterinsights_sitenote_active":false,"_monsterinsights_sitenote_note":"","_monsterinsights_sitenote_category":0,"jetpack_post_was_ever_published":false,"_jetpack_newsletter_access":"","_jetpack_dont_email_post_to_subs":false,"_jetpack_newsletter_tier_id":0,"_jetpack_memberships_contains_paywalled_content":false,"_jetpack_memberships_contains_paid_content":false,"footnotes":"","jetpack_publicize_message":"","jetpack_publicize_feature_enabled":true,"jetpack_social_post_already_shared":true,"jetpack_social_options":{"image_generator_settings":{"template":"highway","default_image_id":0,"font":"","enabled":false},"version":2},"_wpas_customize_per_network":false},"categories":[8],"tags":[],"class_list":["post-190968","post","type-post","status-publish","format-standard","has-post-thumbnail","hentry","category-sociedad","generate-columns","tablet-grid-50","mobile-grid-100","grid-parent","grid-50"],"jetpack_publicize_connections":[],"jetpack_featured_media_url":"https:\/\/www.hoymercedes.com.ar\/principal\/wp-content\/uploads\/2026\/01\/Autos-Patentamiento.jpg","wps_subtitle":"","jetpack_sharing_enabled":true,"_links":{"self":[{"href":"https:\/\/www.hoymercedes.com.ar\/principal\/wp-json\/wp\/v2\/posts\/190968","targetHints":{"allow":["GET"]}}],"collection":[{"href":"https:\/\/www.hoymercedes.com.ar\/principal\/wp-json\/wp\/v2\/posts"}],"about":[{"href":"https:\/\/www.hoymercedes.com.ar\/principal\/wp-json\/wp\/v2\/types\/post"}],"author":[{"embeddable":true,"href":"https:\/\/www.hoymercedes.com.ar\/principal\/wp-json\/wp\/v2\/users\/1"}],"replies":[{"embeddable":true,"href":"https:\/\/www.hoymercedes.com.ar\/principal\/wp-json\/wp\/v2\/comments?post=190968"}],"version-history":[{"count":1,"href":"https:\/\/www.hoymercedes.com.ar\/principal\/wp-json\/wp\/v2\/posts\/190968\/revisions"}],"predecessor-version":[{"id":190970,"href":"https:\/\/www.hoymercedes.com.ar\/principal\/wp-json\/wp\/v2\/posts\/190968\/revisions\/190970"}],"wp:featuredmedia":[{"embeddable":true,"href":"https:\/\/www.hoymercedes.com.ar\/principal\/wp-json\/wp\/v2\/media\/190969"}],"wp:attachment":[{"href":"https:\/\/www.hoymercedes.com.ar\/principal\/wp-json\/wp\/v2\/media?parent=190968"}],"wp:term":[{"taxonomy":"category","embeddable":true,"href":"https:\/\/www.hoymercedes.com.ar\/principal\/wp-json\/wp\/v2\/categories?post=190968"},{"taxonomy":"post_tag","embeddable":true,"href":"https:\/\/www.hoymercedes.com.ar\/principal\/wp-json\/wp\/v2\/tags?post=190968"}],"curies":[{"name":"wp","href":"https:\/\/api.w.org\/{rel}","templated":true}]}}