{"id":190979,"date":"2026-01-14T14:26:00","date_gmt":"2026-01-14T17:26:00","guid":{"rendered":"https:\/\/www.hoymercedes.com.ar\/principal\/?p=190979"},"modified":"2026-01-14T10:30:00","modified_gmt":"2026-01-14T13:30:00","slug":"bomberos-voluntarios-informaron-la-cantidad-de-salidas-de-diciembre","status":"publish","type":"post","link":"https:\/\/www.hoymercedes.com.ar\/principal\/2026\/01\/14\/bomberos-voluntarios-informaron-la-cantidad-de-salidas-de-diciembre\/","title":{"rendered":"Bomberos Voluntarios informaron la cantidad de salidas de diciembre"},"content":{"rendered":"\n<p>El <strong>Cuerpo de Bomberos Voluntarios de Mercedes<\/strong> dio a conocer un <strong>balance de su intensa labor durante 2025<\/strong>, un a\u00f1o marcado por una elevada cantidad de siniestros y una fuerte carga operativa, que motiv\u00f3 el lanzamiento de una <strong>campa\u00f1a de captaci\u00f3n de socios colaboradores<\/strong> ante las restricciones presupuestarias y el aumento de costos operativos.<\/p>\n\n\n\n<figure class=\"wp-block-image size-large\"><img loading=\"lazy\" decoding=\"async\" width=\"1024\" height=\"576\" data-attachment-id=\"177100\" data-permalink=\"https:\/\/www.hoymercedes.com.ar\/principal\/2024\/07\/09\/incendio-de-vivienda-3-dotaciones-de-bomberos-y-proteccion-civil\/incendio-30-47\/#main\" data-orig-file=\"https:\/\/www.hoymercedes.com.ar\/principal\/wp-content\/uploads\/2024\/07\/Incendio.30.47.jpg\" data-orig-size=\"1280,720\" data-comments-opened=\"0\" data-image-meta=\"{&quot;aperture&quot;:&quot;0&quot;,&quot;credit&quot;:&quot;&quot;,&quot;camera&quot;:&quot;&quot;,&quot;caption&quot;:&quot;&quot;,&quot;created_timestamp&quot;:&quot;0&quot;,&quot;copyright&quot;:&quot;&quot;,&quot;focal_length&quot;:&quot;0&quot;,&quot;iso&quot;:&quot;0&quot;,&quot;shutter_speed&quot;:&quot;0&quot;,&quot;title&quot;:&quot;&quot;,&quot;orientation&quot;:&quot;0&quot;}\" data-image-title=\"Incendio de vivienda, 3 dotaciones de bomberos y protecci\u00f3n civil\" data-image-description=\"&lt;p&gt;Incendio de vivienda, 3 dotaciones de bomberos y protecci\u00f3n civil&lt;\/p&gt;\n\" data-image-caption=\"&lt;p&gt;Incendio de vivienda, 3 dotaciones de bomberos y protecci\u00f3n civil&lt;\/p&gt;\n\" data-large-file=\"https:\/\/www.hoymercedes.com.ar\/principal\/wp-content\/uploads\/2024\/07\/Incendio.30.47-1024x576.jpg\" src=\"https:\/\/www.hoymercedes.com.ar\/principal\/wp-content\/uploads\/2024\/07\/Incendio.30.47-1024x576.jpg\" alt=\"Incendio de vivienda, 3 dotaciones de bomberos y protecci\u00f3n civil\" class=\"wp-image-177100\" srcset=\"https:\/\/www.hoymercedes.com.ar\/principal\/wp-content\/uploads\/2024\/07\/Incendio.30.47-1024x576.jpg 1024w, https:\/\/www.hoymercedes.com.ar\/principal\/wp-content\/uploads\/2024\/07\/Incendio.30.47-630x354.jpg 630w, https:\/\/www.hoymercedes.com.ar\/principal\/wp-content\/uploads\/2024\/07\/Incendio.30.47-150x84.jpg 150w, https:\/\/www.hoymercedes.com.ar\/principal\/wp-content\/uploads\/2024\/07\/Incendio.30.47.jpg 1280w\" sizes=\"auto, (max-width: 1024px) 100vw, 1024px\" \/><figcaption class=\"wp-element-caption\">Incendio de vivienda, 3 dotaciones de bomberos y protecci\u00f3n civil<\/figcaption><\/figure>\n\n\n\n<p>Seg\u00fan el resumen difundido por la instituci\u00f3n, los voluntarios respondieron a un total de <strong>358 servicios de emergencia a lo largo del a\u00f1o<\/strong>, entre incendios, accidentes y otros llamados de auxilio. Este volumen refleja la alta demanda que enfrent\u00f3 el cuartel durante los doce meses anteriores. En ese contexto, <strong>diciembre fue uno de los meses con m\u00e1s actividad<\/strong>, ya que se registraron m\u00faltiples salidas para combatir incendios y atender emergencias derivadas del fuego en distintos puntos de la ciudad y alrededores.<\/p>\n\n\n\n<p>El cuerpo activo enfatiz\u00f3 que la temporada estival \u2014con temperaturas m\u00e1s altas y mayor riesgo de siniestros relacionados con pastizales y veh\u00edculos\u2014 potenci\u00f3 la carga de trabajo, lo que se sum\u00f3 a una compleja situaci\u00f3n econ\u00f3mica que repercute en la <strong>disponibilidad de recursos, mantenimiento de unidades y compra de insumos esenciales<\/strong> para seguir operando. Por eso, desde la instituci\u00f3n lanzaron una campa\u00f1a para atraer \u201csocios colaboradores\u201d, cuya contribuci\u00f3n mensual ayudar\u00e1 a sostener la operatividad del cuartel en 2026. Cada aporte, seg\u00fan explicaron, se destinar\u00e1 a gastos cotidianos como <strong>combustible, repuestos y equipamiento b\u00e1sico<\/strong>, todos claves para asegurar una respuesta r\u00e1pida ante nuevas emergencias.<\/p>\n\n\n\n<p>Desde la comisi\u00f3n directiva tambi\u00e9n hicieron hincapi\u00e9 en que este tipo de apoyo comunitario es fundamental para mantener el servicio activo, que funciona <strong>las 24 horas los 365 d\u00edas del a\u00f1o<\/strong>, y agradecieron a quienes ya colaboran con el cuartel por su compromiso con la seguridad de Mercedes.<\/p>\n\n\n\n<p><strong>Estad\u00edsticas de diciembre<\/strong><\/p>\n\n\n\n<ul class=\"wp-block-list\">\n<li>Incendios de viviendas y veh\u00edculos: 27 intervenciones.<\/li>\n\n\n\n<li>Incendios forestales (pastizales y montes): 13 servicios.<\/li>\n\n\n\n<li>Incendios qu\u00edmicos (derrames y escapes de gas): 3 salidas.<\/li>\n\n\n\n<li>Auxilios y rescates en accidentes: 6 asistencias.<\/li>\n<\/ul>\n","protected":false},"excerpt":{"rendered":"<p>El Cuerpo de Bomberos Voluntarios de Mercedes dio a conocer un balance de su intensa labor durante 2025, un a\u00f1o &#8230; <a title=\"Bomberos Voluntarios informaron la cantidad de salidas de diciembre\" class=\"read-more\" href=\"https:\/\/www.hoymercedes.com.ar\/principal\/2026\/01\/14\/bomberos-voluntarios-informaron-la-cantidad-de-salidas-de-diciembre\/\" aria-label=\"Leer m\u00e1s sobre Bomberos Voluntarios informaron la cantidad de salidas de diciembre\">Leer m\u00e1s<\/a><\/p>\n","protected":false},"author":1,"featured_media":177100,"comment_status":"closed","ping_status":"open","sticky":false,"template":"","format":"standard","meta":{"_monsterinsights_skip_tracking":false,"_monsterinsights_sitenote_active":false,"_monsterinsights_sitenote_note":"","_monsterinsights_sitenote_category":0,"jetpack_post_was_ever_published":false,"_jetpack_newsletter_access":"","_jetpack_dont_email_post_to_subs":false,"_jetpack_newsletter_tier_id":0,"_jetpack_memberships_contains_paywalled_content":false,"_jetpack_memberships_contains_paid_content":false,"footnotes":"","jetpack_publicize_message":"","jetpack_publicize_feature_enabled":true,"jetpack_social_post_already_shared":true,"jetpack_social_options":{"image_generator_settings":{"template":"highway","default_image_id":0,"font":"","enabled":false},"version":2},"_wpas_customize_per_network":false},"categories":[8],"tags":[],"class_list":["post-190979","post","type-post","status-publish","format-standard","has-post-thumbnail","hentry","category-sociedad","generate-columns","tablet-grid-50","mobile-grid-100","grid-parent","grid-50"],"jetpack_publicize_connections":[],"jetpack_featured_media_url":"https:\/\/www.hoymercedes.com.ar\/principal\/wp-content\/uploads\/2024\/07\/Incendio.30.47.jpg","wps_subtitle":"","jetpack_sharing_enabled":true,"_links":{"self":[{"href":"https:\/\/www.hoymercedes.com.ar\/principal\/wp-json\/wp\/v2\/posts\/190979","targetHints":{"allow":["GET"]}}],"collection":[{"href":"https:\/\/www.hoymercedes.com.ar\/principal\/wp-json\/wp\/v2\/posts"}],"about":[{"href":"https:\/\/www.hoymercedes.com.ar\/principal\/wp-json\/wp\/v2\/types\/post"}],"author":[{"embeddable":true,"href":"https:\/\/www.hoymercedes.com.ar\/principal\/wp-json\/wp\/v2\/users\/1"}],"replies":[{"embeddable":true,"href":"https:\/\/www.hoymercedes.com.ar\/principal\/wp-json\/wp\/v2\/comments?post=190979"}],"version-history":[{"count":1,"href":"https:\/\/www.hoymercedes.com.ar\/principal\/wp-json\/wp\/v2\/posts\/190979\/revisions"}],"predecessor-version":[{"id":190980,"href":"https:\/\/www.hoymercedes.com.ar\/principal\/wp-json\/wp\/v2\/posts\/190979\/revisions\/190980"}],"wp:featuredmedia":[{"embeddable":true,"href":"https:\/\/www.hoymercedes.com.ar\/principal\/wp-json\/wp\/v2\/media\/177100"}],"wp:attachment":[{"href":"https:\/\/www.hoymercedes.com.ar\/principal\/wp-json\/wp\/v2\/media?parent=190979"}],"wp:term":[{"taxonomy":"category","embeddable":true,"href":"https:\/\/www.hoymercedes.com.ar\/principal\/wp-json\/wp\/v2\/categories?post=190979"},{"taxonomy":"post_tag","embeddable":true,"href":"https:\/\/www.hoymercedes.com.ar\/principal\/wp-json\/wp\/v2\/tags?post=190979"}],"curies":[{"name":"wp","href":"https:\/\/api.w.org\/{rel}","templated":true}]}}