{"id":190998,"date":"2026-01-15T21:48:00","date_gmt":"2026-01-16T00:48:00","guid":{"rendered":"https:\/\/www.hoymercedes.com.ar\/principal\/?p=190998"},"modified":"2026-01-15T00:52:44","modified_gmt":"2026-01-15T03:52:44","slug":"tres-peliculas-para-el-fin-de-semana-3","status":"publish","type":"post","link":"https:\/\/www.hoymercedes.com.ar\/principal\/2026\/01\/15\/tres-peliculas-para-el-fin-de-semana-3\/","title":{"rendered":"Tres pel\u00edculas para el fin de semana"},"content":{"rendered":"\n<p>Desde el viernes 16 al martes 20 de enero, el Cine Mercedes presenta tres opciones en su gran pantalla. Exterminio en las funciones de las 20:45 hs,  mientras que para los m\u00e1s peque\u00f1os, podr\u00e1n optar entre Bob Esponja y Tom y Jerry<\/p>\n\n\n\n<figure class=\"wp-block-image size-large\"><img loading=\"lazy\" decoding=\"async\" width=\"695\" height=\"1024\" data-attachment-id=\"191000\" data-permalink=\"https:\/\/www.hoymercedes.com.ar\/principal\/2026\/01\/15\/tres-peliculas-para-el-fin-de-semana-3\/gacetilla-cine-mercedes-61\/#main\" data-orig-file=\"https:\/\/www.hoymercedes.com.ar\/principal\/wp-content\/uploads\/2026\/01\/Gacetilla-Cine-Mercedes.png\" data-orig-size=\"827,1219\" data-comments-opened=\"0\" data-image-meta=\"{&quot;aperture&quot;:&quot;0&quot;,&quot;credit&quot;:&quot;&quot;,&quot;camera&quot;:&quot;&quot;,&quot;caption&quot;:&quot;&quot;,&quot;created_timestamp&quot;:&quot;0&quot;,&quot;copyright&quot;:&quot;&quot;,&quot;focal_length&quot;:&quot;0&quot;,&quot;iso&quot;:&quot;0&quot;,&quot;shutter_speed&quot;:&quot;0&quot;,&quot;title&quot;:&quot;&quot;,&quot;orientation&quot;:&quot;0&quot;}\" data-image-title=\"Gacetilla Cine Mercedes\" data-image-description=\"\" data-image-caption=\"\" data-large-file=\"https:\/\/www.hoymercedes.com.ar\/principal\/wp-content\/uploads\/2026\/01\/Gacetilla-Cine-Mercedes-695x1024.png\" src=\"https:\/\/www.hoymercedes.com.ar\/principal\/wp-content\/uploads\/2026\/01\/Gacetilla-Cine-Mercedes-695x1024.png\" alt=\"\" class=\"wp-image-191000\" srcset=\"https:\/\/www.hoymercedes.com.ar\/principal\/wp-content\/uploads\/2026\/01\/Gacetilla-Cine-Mercedes-695x1024.png 695w, https:\/\/www.hoymercedes.com.ar\/principal\/wp-content\/uploads\/2026\/01\/Gacetilla-Cine-Mercedes-421x620.png 421w, https:\/\/www.hoymercedes.com.ar\/principal\/wp-content\/uploads\/2026\/01\/Gacetilla-Cine-Mercedes-102x150.png 102w, https:\/\/www.hoymercedes.com.ar\/principal\/wp-content\/uploads\/2026\/01\/Gacetilla-Cine-Mercedes.png 827w\" sizes=\"auto, (max-width: 695px) 100vw, 695px\" \/><\/figure>\n","protected":false},"excerpt":{"rendered":"<p>Desde el viernes 16 al martes 20 de enero, el Cine Mercedes presenta tres opciones en su gran pantalla. Exterminio &#8230; <a title=\"Tres pel\u00edculas para el fin de semana\" class=\"read-more\" href=\"https:\/\/www.hoymercedes.com.ar\/principal\/2026\/01\/15\/tres-peliculas-para-el-fin-de-semana-3\/\" aria-label=\"Leer m\u00e1s sobre Tres pel\u00edculas para el fin de semana\">Leer m\u00e1s<\/a><\/p>\n","protected":false},"author":1,"featured_media":190999,"comment_status":"closed","ping_status":"open","sticky":false,"template":"","format":"standard","meta":{"_monsterinsights_skip_tracking":false,"_monsterinsights_sitenote_active":false,"_monsterinsights_sitenote_note":"","_monsterinsights_sitenote_category":0,"jetpack_post_was_ever_published":false,"_jetpack_newsletter_access":"","_jetpack_dont_email_post_to_subs":false,"_jetpack_newsletter_tier_id":0,"_jetpack_memberships_contains_paywalled_content":false,"_jetpack_memberships_contains_paid_content":false,"footnotes":"","jetpack_publicize_message":"","jetpack_publicize_feature_enabled":true,"jetpack_social_post_already_shared":true,"jetpack_social_options":{"image_generator_settings":{"template":"highway","default_image_id":0,"font":"","enabled":false},"version":2},"_wpas_customize_per_network":false},"categories":[104],"tags":[],"class_list":["post-190998","post","type-post","status-publish","format-standard","has-post-thumbnail","hentry","category-cultura","generate-columns","tablet-grid-50","mobile-grid-100","grid-parent","grid-50"],"jetpack_publicize_connections":[],"jetpack_featured_media_url":"https:\/\/www.hoymercedes.com.ar\/principal\/wp-content\/uploads\/2026\/01\/IMAGEM-TOM-Y-JERRY-Y-LA-BRUJULA-MAGICA-1.jpg","wps_subtitle":"","jetpack_sharing_enabled":true,"_links":{"self":[{"href":"https:\/\/www.hoymercedes.com.ar\/principal\/wp-json\/wp\/v2\/posts\/190998","targetHints":{"allow":["GET"]}}],"collection":[{"href":"https:\/\/www.hoymercedes.com.ar\/principal\/wp-json\/wp\/v2\/posts"}],"about":[{"href":"https:\/\/www.hoymercedes.com.ar\/principal\/wp-json\/wp\/v2\/types\/post"}],"author":[{"embeddable":true,"href":"https:\/\/www.hoymercedes.com.ar\/principal\/wp-json\/wp\/v2\/users\/1"}],"replies":[{"embeddable":true,"href":"https:\/\/www.hoymercedes.com.ar\/principal\/wp-json\/wp\/v2\/comments?post=190998"}],"version-history":[{"count":2,"href":"https:\/\/www.hoymercedes.com.ar\/principal\/wp-json\/wp\/v2\/posts\/190998\/revisions"}],"predecessor-version":[{"id":191002,"href":"https:\/\/www.hoymercedes.com.ar\/principal\/wp-json\/wp\/v2\/posts\/190998\/revisions\/191002"}],"wp:featuredmedia":[{"embeddable":true,"href":"https:\/\/www.hoymercedes.com.ar\/principal\/wp-json\/wp\/v2\/media\/190999"}],"wp:attachment":[{"href":"https:\/\/www.hoymercedes.com.ar\/principal\/wp-json\/wp\/v2\/media?parent=190998"}],"wp:term":[{"taxonomy":"category","embeddable":true,"href":"https:\/\/www.hoymercedes.com.ar\/principal\/wp-json\/wp\/v2\/categories?post=190998"},{"taxonomy":"post_tag","embeddable":true,"href":"https:\/\/www.hoymercedes.com.ar\/principal\/wp-json\/wp\/v2\/tags?post=190998"}],"curies":[{"name":"wp","href":"https:\/\/api.w.org\/{rel}","templated":true}]}}