{"id":191034,"date":"2026-01-19T12:27:53","date_gmt":"2026-01-19T15:27:53","guid":{"rendered":"https:\/\/www.hoymercedes.com.ar\/principal\/?p=191034"},"modified":"2026-01-19T12:27:54","modified_gmt":"2026-01-19T15:27:54","slug":"vuelve-el-programa-de-pre-residencias-de-la-provincia-de-buenos-aires","status":"publish","type":"post","link":"https:\/\/www.hoymercedes.com.ar\/principal\/2026\/01\/19\/vuelve-el-programa-de-pre-residencias-de-la-provincia-de-buenos-aires\/","title":{"rendered":"Vuelve el Programa de Pre-residencias de la Provincia de Buenos Aires"},"content":{"rendered":"\n<p>El Ministerio de Salud de la Provincia de Buenos Aires anuncia la apertura de una nueva edici\u00f3n del Programa de Pre-residencias, una propuesta formativa destinada a fortalecer el ingreso de profesionales al sistema p\u00fablico de salud bonaerense.<\/p>\n\n\n\n<figure class=\"wp-block-image size-large\"><img loading=\"lazy\" decoding=\"async\" width=\"819\" height=\"1024\" data-attachment-id=\"191035\" data-permalink=\"https:\/\/www.hoymercedes.com.ar\/principal\/2026\/01\/19\/vuelve-el-programa-de-pre-residencias-de-la-provincia-de-buenos-aires\/whatsapp-image-2026-01-15-at-10-28-36\/#main\" data-orig-file=\"https:\/\/www.hoymercedes.com.ar\/principal\/wp-content\/uploads\/2026\/01\/WhatsApp-Image-2026-01-15-at-10.28.36.jpeg\" data-orig-size=\"1080,1350\" data-comments-opened=\"0\" data-image-meta=\"{&quot;aperture&quot;:&quot;0&quot;,&quot;credit&quot;:&quot;&quot;,&quot;camera&quot;:&quot;&quot;,&quot;caption&quot;:&quot;&quot;,&quot;created_timestamp&quot;:&quot;0&quot;,&quot;copyright&quot;:&quot;&quot;,&quot;focal_length&quot;:&quot;0&quot;,&quot;iso&quot;:&quot;0&quot;,&quot;shutter_speed&quot;:&quot;0&quot;,&quot;title&quot;:&quot;&quot;,&quot;orientation&quot;:&quot;0&quot;}\" data-image-title=\"WhatsApp Image 2026-01-15 at 10.28.36\" data-image-description=\"\" data-image-caption=\"\" data-large-file=\"https:\/\/www.hoymercedes.com.ar\/principal\/wp-content\/uploads\/2026\/01\/WhatsApp-Image-2026-01-15-at-10.28.36-819x1024.jpeg\" src=\"https:\/\/www.hoymercedes.com.ar\/principal\/wp-content\/uploads\/2026\/01\/WhatsApp-Image-2026-01-15-at-10.28.36-819x1024.jpeg\" alt=\"\" class=\"wp-image-191035\" srcset=\"https:\/\/www.hoymercedes.com.ar\/principal\/wp-content\/uploads\/2026\/01\/WhatsApp-Image-2026-01-15-at-10.28.36-819x1024.jpeg 819w, https:\/\/www.hoymercedes.com.ar\/principal\/wp-content\/uploads\/2026\/01\/WhatsApp-Image-2026-01-15-at-10.28.36-496x620.jpeg 496w, https:\/\/www.hoymercedes.com.ar\/principal\/wp-content\/uploads\/2026\/01\/WhatsApp-Image-2026-01-15-at-10.28.36-120x150.jpeg 120w, https:\/\/www.hoymercedes.com.ar\/principal\/wp-content\/uploads\/2026\/01\/WhatsApp-Image-2026-01-15-at-10.28.36.jpeg 1080w\" sizes=\"auto, (max-width: 819px) 100vw, 819px\" \/><\/figure>\n\n\n\n<p>El programa est\u00e1 orientado a profesionales recientemente graduados\/as, con el objetivo de brindar una primera experiencia de formaci\u00f3n en servicio, acompa\u00f1ada por equipos de salud, promoviendo la inserci\u00f3n laboral y el fortalecimiento de la atenci\u00f3n en hospitales y centros de salud de la provincia.<\/p>\n\n\n\n<p>La inscripci\u00f3n se realizar\u00e1 de manera virtual y estar\u00e1 abierta del 26 de enero al 13 de febrero. All\u00ed se podr\u00e1n consultar los requisitos de ingreso, las disciplinas alcanzadas y el cronograma completo del proceso de selecci\u00f3n.<\/p>\n\n\n\n<p>Toda la informaci\u00f3n detallada sobre el programa, las condiciones de participaci\u00f3n y el procedimiento de inscripci\u00f3n se encuentra disponible en el sitio oficial del Ministerio de Salud:<br>www.ms.gba.gov.ar\/sitios\/residencias\/pre-residencias\/<\/p>\n\n\n\n<p>Desde el Ministerio de Salud se convoca a las y los profesionales interesados a sumarse a esta iniciativa que apuesta al crecimiento, la formaci\u00f3n y el compromiso con el sistema p\u00fablico de salud de la Provincia de Buenos Aires.<\/p>\n\n\n\n<p>El sistema p\u00fablico de salud bonaerense te espera.<\/p>\n","protected":false},"excerpt":{"rendered":"<p>El Ministerio de Salud de la Provincia de Buenos Aires anuncia la apertura de una nueva edici\u00f3n del Programa de &#8230; <a title=\"Vuelve el Programa de Pre-residencias de la Provincia de Buenos Aires\" class=\"read-more\" href=\"https:\/\/www.hoymercedes.com.ar\/principal\/2026\/01\/19\/vuelve-el-programa-de-pre-residencias-de-la-provincia-de-buenos-aires\/\" aria-label=\"Leer m\u00e1s sobre Vuelve el Programa de Pre-residencias de la Provincia de Buenos Aires\">Leer m\u00e1s<\/a><\/p>\n","protected":false},"author":1,"featured_media":191035,"comment_status":"closed","ping_status":"open","sticky":false,"template":"","format":"standard","meta":{"_monsterinsights_skip_tracking":false,"_monsterinsights_sitenote_active":false,"_monsterinsights_sitenote_note":"","_monsterinsights_sitenote_category":0,"jetpack_post_was_ever_published":false,"_jetpack_newsletter_access":"","_jetpack_dont_email_post_to_subs":false,"_jetpack_newsletter_tier_id":0,"_jetpack_memberships_contains_paywalled_content":false,"_jetpack_memberships_contains_paid_content":false,"footnotes":"","jetpack_publicize_message":"","jetpack_publicize_feature_enabled":true,"jetpack_social_post_already_shared":true,"jetpack_social_options":{"image_generator_settings":{"template":"highway","default_image_id":0,"font":"","enabled":false},"version":2},"_wpas_customize_per_network":false},"categories":[8],"tags":[],"class_list":["post-191034","post","type-post","status-publish","format-standard","has-post-thumbnail","hentry","category-sociedad","generate-columns","tablet-grid-50","mobile-grid-100","grid-parent","grid-50"],"jetpack_publicize_connections":[],"jetpack_featured_media_url":"https:\/\/www.hoymercedes.com.ar\/principal\/wp-content\/uploads\/2026\/01\/WhatsApp-Image-2026-01-15-at-10.28.36.jpeg","wps_subtitle":"","jetpack_sharing_enabled":true,"_links":{"self":[{"href":"https:\/\/www.hoymercedes.com.ar\/principal\/wp-json\/wp\/v2\/posts\/191034","targetHints":{"allow":["GET"]}}],"collection":[{"href":"https:\/\/www.hoymercedes.com.ar\/principal\/wp-json\/wp\/v2\/posts"}],"about":[{"href":"https:\/\/www.hoymercedes.com.ar\/principal\/wp-json\/wp\/v2\/types\/post"}],"author":[{"embeddable":true,"href":"https:\/\/www.hoymercedes.com.ar\/principal\/wp-json\/wp\/v2\/users\/1"}],"replies":[{"embeddable":true,"href":"https:\/\/www.hoymercedes.com.ar\/principal\/wp-json\/wp\/v2\/comments?post=191034"}],"version-history":[{"count":1,"href":"https:\/\/www.hoymercedes.com.ar\/principal\/wp-json\/wp\/v2\/posts\/191034\/revisions"}],"predecessor-version":[{"id":191036,"href":"https:\/\/www.hoymercedes.com.ar\/principal\/wp-json\/wp\/v2\/posts\/191034\/revisions\/191036"}],"wp:featuredmedia":[{"embeddable":true,"href":"https:\/\/www.hoymercedes.com.ar\/principal\/wp-json\/wp\/v2\/media\/191035"}],"wp:attachment":[{"href":"https:\/\/www.hoymercedes.com.ar\/principal\/wp-json\/wp\/v2\/media?parent=191034"}],"wp:term":[{"taxonomy":"category","embeddable":true,"href":"https:\/\/www.hoymercedes.com.ar\/principal\/wp-json\/wp\/v2\/categories?post=191034"},{"taxonomy":"post_tag","embeddable":true,"href":"https:\/\/www.hoymercedes.com.ar\/principal\/wp-json\/wp\/v2\/tags?post=191034"}],"curies":[{"name":"wp","href":"https:\/\/api.w.org\/{rel}","templated":true}]}}