{"id":191037,"date":"2026-01-19T12:37:44","date_gmt":"2026-01-19T15:37:44","guid":{"rendered":"https:\/\/www.hoymercedes.com.ar\/principal\/?p=191037"},"modified":"2026-01-19T12:37:47","modified_gmt":"2026-01-19T15:37:47","slug":"la-defensoria-del-pueblo-elaboro-un-informe-sobre-crimenes-del-odio-lgbt","status":"publish","type":"post","link":"https:\/\/www.hoymercedes.com.ar\/principal\/2026\/01\/19\/la-defensoria-del-pueblo-elaboro-un-informe-sobre-crimenes-del-odio-lgbt\/","title":{"rendered":"La Defensor\u00eda del Pueblo elabor\u00f3 un informe sobre \u00abCr\u00edmenes del Odio LGBT+"},"content":{"rendered":"\n<p>Se present\u00f3 una nueva edici\u00f3n del Informe del Observatorio Nacional de Cr\u00edmenes de Odio LGBT+, en el que la Defensor\u00eda del Pueblo aport\u00f3 informaci\u00f3n sobre casu\u00edstica y procesos de intervenci\u00f3n en el marco del convenio celebrado con la Federaci\u00f3n Argentina LGBT.<\/p>\n\n\n\n<figure class=\"wp-block-image size-large\"><img loading=\"lazy\" decoding=\"async\" width=\"1024\" height=\"1024\" data-attachment-id=\"191042\" data-permalink=\"https:\/\/www.hoymercedes.com.ar\/principal\/2026\/01\/19\/la-defensoria-del-pueblo-elaboro-un-informe-sobre-crimenes-del-odio-lgbt\/whatsapp-image-2026-01-19-at-12-35-07\/#main\" data-orig-file=\"https:\/\/www.hoymercedes.com.ar\/principal\/wp-content\/uploads\/2026\/01\/WhatsApp-Image-2026-01-19-at-12.35.07.jpeg\" data-orig-size=\"1600,1600\" data-comments-opened=\"0\" data-image-meta=\"{&quot;aperture&quot;:&quot;0&quot;,&quot;credit&quot;:&quot;&quot;,&quot;camera&quot;:&quot;&quot;,&quot;caption&quot;:&quot;&quot;,&quot;created_timestamp&quot;:&quot;0&quot;,&quot;copyright&quot;:&quot;&quot;,&quot;focal_length&quot;:&quot;0&quot;,&quot;iso&quot;:&quot;0&quot;,&quot;shutter_speed&quot;:&quot;0&quot;,&quot;title&quot;:&quot;&quot;,&quot;orientation&quot;:&quot;0&quot;}\" data-image-title=\"WhatsApp Image 2026-01-19 at 12.35.07\" data-image-description=\"\" data-image-caption=\"\" data-large-file=\"https:\/\/www.hoymercedes.com.ar\/principal\/wp-content\/uploads\/2026\/01\/WhatsApp-Image-2026-01-19-at-12.35.07-1024x1024.jpeg\" src=\"https:\/\/www.hoymercedes.com.ar\/principal\/wp-content\/uploads\/2026\/01\/WhatsApp-Image-2026-01-19-at-12.35.07-1024x1024.jpeg\" alt=\"\" class=\"wp-image-191042\" srcset=\"https:\/\/www.hoymercedes.com.ar\/principal\/wp-content\/uploads\/2026\/01\/WhatsApp-Image-2026-01-19-at-12.35.07-1024x1024.jpeg 1024w, https:\/\/www.hoymercedes.com.ar\/principal\/wp-content\/uploads\/2026\/01\/WhatsApp-Image-2026-01-19-at-12.35.07-620x620.jpeg 620w, https:\/\/www.hoymercedes.com.ar\/principal\/wp-content\/uploads\/2026\/01\/WhatsApp-Image-2026-01-19-at-12.35.07-150x150.jpeg 150w, https:\/\/www.hoymercedes.com.ar\/principal\/wp-content\/uploads\/2026\/01\/WhatsApp-Image-2026-01-19-at-12.35.07-1536x1536.jpeg 1536w, https:\/\/www.hoymercedes.com.ar\/principal\/wp-content\/uploads\/2026\/01\/WhatsApp-Image-2026-01-19-at-12.35.07.jpeg 1600w\" sizes=\"auto, (max-width: 1024px) 100vw, 1024px\" \/><\/figure>\n\n\n\n<p>Este informe se constituye en una herramienta fundamental para visibilizar las violencias que atraviesan en nuestro pais y cotidianamente lesbianas, gays, bisexuales, personas trans (travestis, transexuales y transg\u00e9neros) y personas con identidades y expresiones de g\u00e9nero disidentes.<\/p>\n\n\n\n<p>Su objetivo es el relevamiento sistem\u00e1tico de datos a nivel nacional que permitan identificar, analizar y denunciar los cr\u00edmenes de odio motivados por prejuicios vinculados a la orientaci\u00f3n sexual, la identidad de g\u00e9nero y\/o su expresi\u00f3n, as\u00ed como generar informaci\u00f3n clave para el dise\u00f1o de pol\u00edticas p\u00fablicas eficaces, acciones de prevenci\u00f3n y propuestas legislativas orientadas a la erradicaci\u00f3n de la violencia y la discriminaci\u00f3n.<\/p>\n\n\n\n<p>El Observatorio Nacional de Cr\u00edmenes de Odio LGBT+ fue creado en mayo de 2016 por la Defensor\u00eda LGBT+, dependiente del Instituto contra la Discriminaci\u00f3n de la Defensor\u00eda del Pueblo de la Ciudad de Buenos Aires, en articulaci\u00f3n con la Federaci\u00f3n Argentina LGBT+, la Defensor\u00eda del Pueblo de la Provincia de Buenos Aires y la Defensor\u00eda del Pueblo de la Naci\u00f3n.<\/p>\n","protected":false},"excerpt":{"rendered":"<p>Se present\u00f3 una nueva edici\u00f3n del Informe del Observatorio Nacional de Cr\u00edmenes de Odio LGBT+, en el que la Defensor\u00eda &#8230; <a title=\"La Defensor\u00eda del Pueblo elabor\u00f3 un informe sobre \u00abCr\u00edmenes del Odio LGBT+\" class=\"read-more\" href=\"https:\/\/www.hoymercedes.com.ar\/principal\/2026\/01\/19\/la-defensoria-del-pueblo-elaboro-un-informe-sobre-crimenes-del-odio-lgbt\/\" aria-label=\"Leer m\u00e1s sobre La Defensor\u00eda del Pueblo elabor\u00f3 un informe sobre \u00abCr\u00edmenes del Odio LGBT+\">Leer m\u00e1s<\/a><\/p>\n","protected":false},"author":1,"featured_media":191042,"comment_status":"closed","ping_status":"open","sticky":false,"template":"","format":"standard","meta":{"_monsterinsights_skip_tracking":false,"_monsterinsights_sitenote_active":false,"_monsterinsights_sitenote_note":"","_monsterinsights_sitenote_category":0,"jetpack_post_was_ever_published":false,"_jetpack_newsletter_access":"","_jetpack_dont_email_post_to_subs":false,"_jetpack_newsletter_tier_id":0,"_jetpack_memberships_contains_paywalled_content":false,"_jetpack_memberships_contains_paid_content":false,"footnotes":"","jetpack_publicize_message":"","jetpack_publicize_feature_enabled":true,"jetpack_social_post_already_shared":true,"jetpack_social_options":{"image_generator_settings":{"template":"highway","default_image_id":0,"font":"","enabled":false},"version":2},"_wpas_customize_per_network":false},"categories":[8],"tags":[],"class_list":["post-191037","post","type-post","status-publish","format-standard","has-post-thumbnail","hentry","category-sociedad","generate-columns","tablet-grid-50","mobile-grid-100","grid-parent","grid-50"],"jetpack_publicize_connections":[],"jetpack_featured_media_url":"https:\/\/www.hoymercedes.com.ar\/principal\/wp-content\/uploads\/2026\/01\/WhatsApp-Image-2026-01-19-at-12.35.07.jpeg","wps_subtitle":"","jetpack_sharing_enabled":true,"_links":{"self":[{"href":"https:\/\/www.hoymercedes.com.ar\/principal\/wp-json\/wp\/v2\/posts\/191037","targetHints":{"allow":["GET"]}}],"collection":[{"href":"https:\/\/www.hoymercedes.com.ar\/principal\/wp-json\/wp\/v2\/posts"}],"about":[{"href":"https:\/\/www.hoymercedes.com.ar\/principal\/wp-json\/wp\/v2\/types\/post"}],"author":[{"embeddable":true,"href":"https:\/\/www.hoymercedes.com.ar\/principal\/wp-json\/wp\/v2\/users\/1"}],"replies":[{"embeddable":true,"href":"https:\/\/www.hoymercedes.com.ar\/principal\/wp-json\/wp\/v2\/comments?post=191037"}],"version-history":[{"count":1,"href":"https:\/\/www.hoymercedes.com.ar\/principal\/wp-json\/wp\/v2\/posts\/191037\/revisions"}],"predecessor-version":[{"id":191043,"href":"https:\/\/www.hoymercedes.com.ar\/principal\/wp-json\/wp\/v2\/posts\/191037\/revisions\/191043"}],"wp:featuredmedia":[{"embeddable":true,"href":"https:\/\/www.hoymercedes.com.ar\/principal\/wp-json\/wp\/v2\/media\/191042"}],"wp:attachment":[{"href":"https:\/\/www.hoymercedes.com.ar\/principal\/wp-json\/wp\/v2\/media?parent=191037"}],"wp:term":[{"taxonomy":"category","embeddable":true,"href":"https:\/\/www.hoymercedes.com.ar\/principal\/wp-json\/wp\/v2\/categories?post=191037"},{"taxonomy":"post_tag","embeddable":true,"href":"https:\/\/www.hoymercedes.com.ar\/principal\/wp-json\/wp\/v2\/tags?post=191037"}],"curies":[{"name":"wp","href":"https:\/\/api.w.org\/{rel}","templated":true}]}}