{"id":191052,"date":"2026-01-19T20:08:13","date_gmt":"2026-01-19T23:08:13","guid":{"rendered":"https:\/\/www.hoymercedes.com.ar\/principal\/?p=191052"},"modified":"2026-01-19T20:08:15","modified_gmt":"2026-01-19T23:08:15","slug":"municipio-inaugura-nuevo-pozo-de-extraccion-de-agua","status":"publish","type":"post","link":"https:\/\/www.hoymercedes.com.ar\/principal\/2026\/01\/19\/municipio-inaugura-nuevo-pozo-de-extraccion-de-agua\/","title":{"rendered":"Municipio inaugura nuevo pozo de extracci\u00f3n de agua"},"content":{"rendered":"\n<p>El municipio puso en funcionamiento un nuevo pozo extractor de agua potable. Son 34 los que est\u00e1n en funcionamiento y 4 m\u00e1s en obra. Se duplic\u00f3 la capacidad de extracci\u00f3n durante la gesti\u00f3n actual. Se consumen 45 millones de litros de agua por d\u00eda, siendo casi 2000 litros por hogar. Ustarroz agradeci\u00f3 el esfuerzo y compromiso de las y los trabajadores municipales.<\/p>\n\n\n\n<figure class=\"wp-block-image size-large\"><img loading=\"lazy\" decoding=\"async\" width=\"1024\" height=\"577\" data-attachment-id=\"191053\" data-permalink=\"https:\/\/www.hoymercedes.com.ar\/principal\/2026\/01\/19\/municipio-inaugura-nuevo-pozo-de-extraccion-de-agua\/dsc05749\/#main\" data-orig-file=\"https:\/\/www.hoymercedes.com.ar\/principal\/wp-content\/uploads\/2026\/01\/DSC05749.jpg\" data-orig-size=\"1561,879\" data-comments-opened=\"0\" data-image-meta=\"{&quot;aperture&quot;:&quot;0&quot;,&quot;credit&quot;:&quot;&quot;,&quot;camera&quot;:&quot;&quot;,&quot;caption&quot;:&quot;&quot;,&quot;created_timestamp&quot;:&quot;0&quot;,&quot;copyright&quot;:&quot;&quot;,&quot;focal_length&quot;:&quot;0&quot;,&quot;iso&quot;:&quot;0&quot;,&quot;shutter_speed&quot;:&quot;0&quot;,&quot;title&quot;:&quot;&quot;,&quot;orientation&quot;:&quot;0&quot;}\" data-image-title=\"DSC05749\" data-image-description=\"\" data-image-caption=\"\" data-large-file=\"https:\/\/www.hoymercedes.com.ar\/principal\/wp-content\/uploads\/2026\/01\/DSC05749-1024x577.jpg\" src=\"https:\/\/www.hoymercedes.com.ar\/principal\/wp-content\/uploads\/2026\/01\/DSC05749-1024x577.jpg\" alt=\"\" class=\"wp-image-191053\" srcset=\"https:\/\/www.hoymercedes.com.ar\/principal\/wp-content\/uploads\/2026\/01\/DSC05749-1024x577.jpg 1024w, https:\/\/www.hoymercedes.com.ar\/principal\/wp-content\/uploads\/2026\/01\/DSC05749-630x355.jpg 630w, https:\/\/www.hoymercedes.com.ar\/principal\/wp-content\/uploads\/2026\/01\/DSC05749-150x84.jpg 150w, https:\/\/www.hoymercedes.com.ar\/principal\/wp-content\/uploads\/2026\/01\/DSC05749-1536x865.jpg 1536w, https:\/\/www.hoymercedes.com.ar\/principal\/wp-content\/uploads\/2026\/01\/DSC05749.jpg 1561w\" sizes=\"auto, (max-width: 1024px) 100vw, 1024px\" \/><\/figure>\n\n\n\n<p><strong>Obra<\/strong><\/p>\n\n\n\n<p>El intendente&nbsp;<strong>Juani Ustarroz<\/strong>&nbsp;mencion\u00f3 que \u201cquiero realmente celebrar el enorme trabajo de nuestros trabajadores municipales, en este momento el equipo que conduce Fernando Galardo, finaliz\u00f3 una obra que paraliz\u00f3 el gobierno nacional, una obra que lo que hace es mejorar el suministro de agua de red\u201d narr\u00f3<\/p>\n\n\n\n<p>M\u00e1s adelante dijo que \u201cnosotros a\u00f1o tras a\u00f1o venimos trabajando con una planificaci\u00f3n donde lo que se hace es brindar a la red de agua m\u00e1s presi\u00f3n\u201d y dijo que \u201cvan bajando constantemente los reclamos\u201d.<\/p>\n\n\n\n<p>La obra estuvo paralizada por el cese de obras, incluso las comprometidas, por parte del gobierno nacional y ahora ya est\u00e1 funcionando para las y los vecinos, inyectando en la red un importante caudal de litros.<\/p>\n\n\n\n<p>Ustarroz tambi\u00e9n mencion\u00f3 que la satisfacci\u00f3n es mayor \u201cestos contextos de tanta dificultad econ\u00f3mica\u201d y por eso \u201ces un enorme orgullo poder finalizar una obra, inaugurarla y ponerla al servicio de las y los vecinos de Mercedes\u201d.<\/p>\n\n\n\n<figure class=\"wp-block-image size-large\"><img loading=\"lazy\" decoding=\"async\" width=\"1024\" height=\"577\" data-attachment-id=\"191057\" data-permalink=\"https:\/\/www.hoymercedes.com.ar\/principal\/2026\/01\/19\/municipio-inaugura-nuevo-pozo-de-extraccion-de-agua\/dsc05766\/#main\" data-orig-file=\"https:\/\/www.hoymercedes.com.ar\/principal\/wp-content\/uploads\/2026\/01\/DSC05766.jpg\" data-orig-size=\"1561,879\" data-comments-opened=\"0\" data-image-meta=\"{&quot;aperture&quot;:&quot;0&quot;,&quot;credit&quot;:&quot;&quot;,&quot;camera&quot;:&quot;&quot;,&quot;caption&quot;:&quot;&quot;,&quot;created_timestamp&quot;:&quot;0&quot;,&quot;copyright&quot;:&quot;&quot;,&quot;focal_length&quot;:&quot;0&quot;,&quot;iso&quot;:&quot;0&quot;,&quot;shutter_speed&quot;:&quot;0&quot;,&quot;title&quot;:&quot;&quot;,&quot;orientation&quot;:&quot;0&quot;}\" data-image-title=\"DSC05766\" data-image-description=\"\" data-image-caption=\"\" data-large-file=\"https:\/\/www.hoymercedes.com.ar\/principal\/wp-content\/uploads\/2026\/01\/DSC05766-1024x577.jpg\" src=\"https:\/\/www.hoymercedes.com.ar\/principal\/wp-content\/uploads\/2026\/01\/DSC05766-1024x577.jpg\" alt=\"\" class=\"wp-image-191057\" srcset=\"https:\/\/www.hoymercedes.com.ar\/principal\/wp-content\/uploads\/2026\/01\/DSC05766-1024x577.jpg 1024w, https:\/\/www.hoymercedes.com.ar\/principal\/wp-content\/uploads\/2026\/01\/DSC05766-630x355.jpg 630w, https:\/\/www.hoymercedes.com.ar\/principal\/wp-content\/uploads\/2026\/01\/DSC05766-150x84.jpg 150w, https:\/\/www.hoymercedes.com.ar\/principal\/wp-content\/uploads\/2026\/01\/DSC05766-1536x865.jpg 1536w, https:\/\/www.hoymercedes.com.ar\/principal\/wp-content\/uploads\/2026\/01\/DSC05766.jpg 1561w\" sizes=\"auto, (max-width: 1024px) 100vw, 1024px\" \/><\/figure>\n\n\n\n<p><strong>Potable<\/strong><\/p>\n\n\n\n<p>El jefe comunal reafirm\u00f3 que deseaba \u201caprovechar el momento, para ratificar ante las y los vecinos que nuestra red de agua corriente es potable, segura, en constante an\u00e1lisis de laboratorios y revisi\u00f3n\u201d y \u201ces un orgullo la gran tarea que hacen, en todos los \u00e1mbitos, las y los trabajadores municipales al respecto\u201d.<\/p>\n\n\n\n<p><strong>Pozo<\/strong><\/p>\n\n\n\n<p>El subsecretario de Servicios P\u00fablicos,&nbsp;<strong>Lu\u00eds Ponce<\/strong>, coment\u00f3 que \u201cestamos poniendo en marcha el pozo n\u00famero 34, que va a estar a partir de hoy funcionando en la red de todo Mercedes\u201d sostuvo.<\/p>\n\n\n\n<p>Coment\u00f3 que \u201cestamos inyectando 45 millones de litros de agua diarios, con este pozo vamos a poder inyectar casi un 1 mill\u00f3n m\u00e1s de litros\u201d narro sobre la flamante obra emplazada en 26 y 55.<\/p>\n\n\n\n<p>El funcionario destac\u00f3 que \u201ctenemos un insumo fundamental para la vida humana, que no es infinito, por eso reiteramos a las y los vecinos la importancia de cuidar el agua, haciendo un uso responsable y racional\u201d.<\/p>\n\n\n\n<figure class=\"wp-block-image size-full\"><img loading=\"lazy\" decoding=\"async\" width=\"330\" height=\"330\" data-attachment-id=\"191056\" data-permalink=\"https:\/\/www.hoymercedes.com.ar\/principal\/dsc05759-2\/\" data-orig-file=\"https:\/\/www.hoymercedes.com.ar\/principal\/wp-content\/uploads\/2026\/01\/DSC05759-edited.jpg\" data-orig-size=\"330,330\" data-comments-opened=\"0\" data-image-meta=\"{&quot;aperture&quot;:&quot;0&quot;,&quot;credit&quot;:&quot;&quot;,&quot;camera&quot;:&quot;&quot;,&quot;caption&quot;:&quot;&quot;,&quot;created_timestamp&quot;:&quot;0&quot;,&quot;copyright&quot;:&quot;&quot;,&quot;focal_length&quot;:&quot;0&quot;,&quot;iso&quot;:&quot;0&quot;,&quot;shutter_speed&quot;:&quot;0&quot;,&quot;title&quot;:&quot;&quot;,&quot;orientation&quot;:&quot;0&quot;}\" data-image-title=\"DSC05759\" data-image-description=\"\" data-image-caption=\"\" data-large-file=\"https:\/\/www.hoymercedes.com.ar\/principal\/wp-content\/uploads\/2026\/01\/DSC05759-edited.jpg\" src=\"https:\/\/www.hoymercedes.com.ar\/principal\/wp-content\/uploads\/2026\/01\/DSC05759-edited.jpg\" alt=\"\" class=\"wp-image-191056\" srcset=\"https:\/\/www.hoymercedes.com.ar\/principal\/wp-content\/uploads\/2026\/01\/DSC05759-edited.jpg 330w, https:\/\/www.hoymercedes.com.ar\/principal\/wp-content\/uploads\/2026\/01\/DSC05759-edited-150x150.jpg 150w\" sizes=\"auto, (max-width: 330px) 100vw, 330px\" \/><\/figure>\n\n\n\n<p><strong>Convenio<\/strong><\/p>\n\n\n\n<p>Conto tambi\u00e9n el arquitecto Lucas Pulitti que \u201cestas obras se enmarcan en lo que fueron los convenios con la Secretar\u00eda de Integraci\u00f3n Suburbana, all\u00e1 por el 2021, donde firmamos los convenios con varias proyectadas, para dar m\u00e1s y mejor acceso al agua potable, especialmente en esta zona, donde hace unos a\u00f1os ya hab\u00edamos construido red fina\u201d manifest\u00f3.<\/p>\n\n\n\n<p>Destac\u00f3 que \u201ca partir del 2023, con esta nueva gesti\u00f3n del gobierno nacional, qued\u00f3 todo frenado. En el marco de esos convenios, nosotros ten\u00edamos dos pozos que inclu\u00edan el abastecimiento de agua en el Redes, en el Marquetti, La Franja, Malvinas y Unidad y Progreso. En estos dos a\u00f1os estuvimos trabajando con el esfuerzo del municipio para ponerlo en funcionamiento y poder darle finalmente el acceso al agua potable que tanto esperaron los vecinos en esta zona\u201d<\/p>\n\n\n\n<p><strong>Beneficio<\/strong><\/p>\n\n\n\n<p>Cada nuevo pozo de agua beneficia no s\u00f3lo a la zona directa en que se construye, sino tambi\u00e9n a toda la red, dado que permite que cada lugar de extracci\u00f3n se concentre m\u00e1s donde est\u00e1 emplazado.<\/p>\n","protected":false},"excerpt":{"rendered":"<p>El municipio puso en funcionamiento un nuevo pozo extractor de agua potable. Son 34 los que est\u00e1n en funcionamiento y &#8230; <a title=\"Municipio inaugura nuevo pozo de extracci\u00f3n de agua\" class=\"read-more\" href=\"https:\/\/www.hoymercedes.com.ar\/principal\/2026\/01\/19\/municipio-inaugura-nuevo-pozo-de-extraccion-de-agua\/\" aria-label=\"Leer m\u00e1s sobre Municipio inaugura nuevo pozo de extracci\u00f3n de agua\">Leer m\u00e1s<\/a><\/p>\n","protected":false},"author":1,"featured_media":191053,"comment_status":"closed","ping_status":"open","sticky":false,"template":"","format":"standard","meta":{"_monsterinsights_skip_tracking":false,"_monsterinsights_sitenote_active":false,"_monsterinsights_sitenote_note":"","_monsterinsights_sitenote_category":0,"jetpack_post_was_ever_published":false,"_jetpack_newsletter_access":"","_jetpack_dont_email_post_to_subs":false,"_jetpack_newsletter_tier_id":0,"_jetpack_memberships_contains_paywalled_content":false,"_jetpack_memberships_contains_paid_content":false,"footnotes":"","jetpack_publicize_message":"","jetpack_publicize_feature_enabled":true,"jetpack_social_post_already_shared":true,"jetpack_social_options":{"image_generator_settings":{"template":"highway","default_image_id":0,"font":"","enabled":false},"version":2},"_wpas_customize_per_network":false},"categories":[8],"tags":[],"class_list":["post-191052","post","type-post","status-publish","format-standard","has-post-thumbnail","hentry","category-sociedad","generate-columns","tablet-grid-50","mobile-grid-100","grid-parent","grid-50"],"jetpack_publicize_connections":[],"jetpack_featured_media_url":"https:\/\/www.hoymercedes.com.ar\/principal\/wp-content\/uploads\/2026\/01\/DSC05749.jpg","wps_subtitle":"","jetpack_sharing_enabled":true,"_links":{"self":[{"href":"https:\/\/www.hoymercedes.com.ar\/principal\/wp-json\/wp\/v2\/posts\/191052","targetHints":{"allow":["GET"]}}],"collection":[{"href":"https:\/\/www.hoymercedes.com.ar\/principal\/wp-json\/wp\/v2\/posts"}],"about":[{"href":"https:\/\/www.hoymercedes.com.ar\/principal\/wp-json\/wp\/v2\/types\/post"}],"author":[{"embeddable":true,"href":"https:\/\/www.hoymercedes.com.ar\/principal\/wp-json\/wp\/v2\/users\/1"}],"replies":[{"embeddable":true,"href":"https:\/\/www.hoymercedes.com.ar\/principal\/wp-json\/wp\/v2\/comments?post=191052"}],"version-history":[{"count":1,"href":"https:\/\/www.hoymercedes.com.ar\/principal\/wp-json\/wp\/v2\/posts\/191052\/revisions"}],"predecessor-version":[{"id":191058,"href":"https:\/\/www.hoymercedes.com.ar\/principal\/wp-json\/wp\/v2\/posts\/191052\/revisions\/191058"}],"wp:featuredmedia":[{"embeddable":true,"href":"https:\/\/www.hoymercedes.com.ar\/principal\/wp-json\/wp\/v2\/media\/191053"}],"wp:attachment":[{"href":"https:\/\/www.hoymercedes.com.ar\/principal\/wp-json\/wp\/v2\/media?parent=191052"}],"wp:term":[{"taxonomy":"category","embeddable":true,"href":"https:\/\/www.hoymercedes.com.ar\/principal\/wp-json\/wp\/v2\/categories?post=191052"},{"taxonomy":"post_tag","embeddable":true,"href":"https:\/\/www.hoymercedes.com.ar\/principal\/wp-json\/wp\/v2\/tags?post=191052"}],"curies":[{"name":"wp","href":"https:\/\/api.w.org\/{rel}","templated":true}]}}