{"id":191059,"date":"2026-01-20T09:09:58","date_gmt":"2026-01-20T12:09:58","guid":{"rendered":"https:\/\/www.hoymercedes.com.ar\/principal\/?p=191059"},"modified":"2026-01-19T20:10:06","modified_gmt":"2026-01-19T23:10:06","slug":"tras-eleccion-de-los-vecinos-el-municipio-sumo-una-4x4-para-gowland-y-agote","status":"publish","type":"post","link":"https:\/\/www.hoymercedes.com.ar\/principal\/2026\/01\/20\/tras-eleccion-de-los-vecinos-el-municipio-sumo-una-4x4-para-gowland-y-agote\/","title":{"rendered":"Tras elecci\u00f3n de los vecinos, el municipio sum\u00f3 una 4&#215;4 para Gowland y Agote"},"content":{"rendered":"\n<p>La subdelegaci\u00f3n de Servicios P\u00fablicos de Gowland y Agote sum\u00f3 una camioneta 4&#215;4 para cumplir con diferentes demandas de los vecinos, que fueron quienes impulsaron la adquisici\u00f3n del veh\u00edculo a trav\u00e9s del Presupuesto Participativo.<\/p>\n\n\n\n<figure class=\"wp-block-image size-full\"><img loading=\"lazy\" decoding=\"async\" width=\"911\" height=\"607\" data-attachment-id=\"191060\" data-permalink=\"https:\/\/www.hoymercedes.com.ar\/principal\/2026\/01\/20\/tras-eleccion-de-los-vecinos-el-municipio-sumo-una-4x4-para-gowland-y-agote\/4x4uno\/#main\" data-orig-file=\"https:\/\/www.hoymercedes.com.ar\/principal\/wp-content\/uploads\/2026\/01\/4x4uno.jpg\" data-orig-size=\"911,607\" data-comments-opened=\"0\" data-image-meta=\"{&quot;aperture&quot;:&quot;0&quot;,&quot;credit&quot;:&quot;&quot;,&quot;camera&quot;:&quot;&quot;,&quot;caption&quot;:&quot;&quot;,&quot;created_timestamp&quot;:&quot;0&quot;,&quot;copyright&quot;:&quot;&quot;,&quot;focal_length&quot;:&quot;0&quot;,&quot;iso&quot;:&quot;0&quot;,&quot;shutter_speed&quot;:&quot;0&quot;,&quot;title&quot;:&quot;&quot;,&quot;orientation&quot;:&quot;0&quot;}\" data-image-title=\"4x4uno\" data-image-description=\"\" data-image-caption=\"\" data-large-file=\"https:\/\/www.hoymercedes.com.ar\/principal\/wp-content\/uploads\/2026\/01\/4x4uno.jpg\" src=\"https:\/\/www.hoymercedes.com.ar\/principal\/wp-content\/uploads\/2026\/01\/4x4uno.jpg\" alt=\"\" class=\"wp-image-191060\" srcset=\"https:\/\/www.hoymercedes.com.ar\/principal\/wp-content\/uploads\/2026\/01\/4x4uno.jpg 911w, https:\/\/www.hoymercedes.com.ar\/principal\/wp-content\/uploads\/2026\/01\/4x4uno-630x420.jpg 630w, https:\/\/www.hoymercedes.com.ar\/principal\/wp-content\/uploads\/2026\/01\/4x4uno-150x100.jpg 150w\" sizes=\"auto, (max-width: 911px) 100vw, 911px\" \/><\/figure>\n\n\n\n<p>\u201cLa llegada de esta nueva camioneta expresa todo lo que nosotros queremos para nuestra comunidad. Primero, porque viene a resolver diferentes cuestiones para los vecinos de Gowland y Agote; y segundo, porque es el resultado de un trabajo en conjunto entre la gente y el Estado municipal, en el que todos tiran para el mismo lado para llegar a un objetivo\u201d, dijo el intendente, Juani Ustarroz.<\/p>\n\n\n\n<p>En efecto, fueron los vecinos quienes decidieron la compra del veh\u00edculo a trav\u00e9s del Presupuesto Participativo, programa que el a\u00f1o pasado condujo Santiago Altube, hoy concejal y entonces responsable de Relaciones con la Comunidad.<\/p>\n\n\n\n<p>La entrega de la camioneta se hizo este viernes ante el conjunto de los trabajadores de la subdelegaci\u00f3n, diferentes funcionarios municipales y vecinos de la zona, entre ellos Iris Luna, una hist\u00f3rica referente barrial.<\/p>\n\n\n\n<p>\u201cEsto es un sue\u00f1o -expres\u00f3 emocionada Iris-. Cuando el a\u00f1o pasado se nos ocurri\u00f3 la idea de tener un veh\u00edculo no nos imagin\u00e1bamos esto. El trabajo que ha hecho Juani nunca lo vi, no solamente en Gowland y Agote, donde vivo hace 64 a\u00f1os, sino en toda la ciudad. Nunca nadie hizo tanto. Y el esfuerzo que hacen los trabajadores municipales tambi\u00e9n es para elogiar. Estamos felices\u201d.<\/p>\n\n\n\n<figure class=\"wp-block-image size-large\"><img loading=\"lazy\" decoding=\"async\" width=\"1024\" height=\"682\" data-attachment-id=\"191061\" data-permalink=\"https:\/\/www.hoymercedes.com.ar\/principal\/2026\/01\/20\/tras-eleccion-de-los-vecinos-el-municipio-sumo-una-4x4-para-gowland-y-agote\/whatsapp-image-2026-01-16-at-13-51-53\/#main\" data-orig-file=\"https:\/\/www.hoymercedes.com.ar\/principal\/wp-content\/uploads\/2026\/01\/WhatsApp-Image-2026-01-16-at-13.51.53.jpeg\" data-orig-size=\"1600,1066\" data-comments-opened=\"0\" data-image-meta=\"{&quot;aperture&quot;:&quot;0&quot;,&quot;credit&quot;:&quot;&quot;,&quot;camera&quot;:&quot;&quot;,&quot;caption&quot;:&quot;&quot;,&quot;created_timestamp&quot;:&quot;0&quot;,&quot;copyright&quot;:&quot;&quot;,&quot;focal_length&quot;:&quot;0&quot;,&quot;iso&quot;:&quot;0&quot;,&quot;shutter_speed&quot;:&quot;0&quot;,&quot;title&quot;:&quot;&quot;,&quot;orientation&quot;:&quot;0&quot;}\" data-image-title=\"WhatsApp Image 2026-01-16 at 13.51.53\" data-image-description=\"\" data-image-caption=\"\" data-large-file=\"https:\/\/www.hoymercedes.com.ar\/principal\/wp-content\/uploads\/2026\/01\/WhatsApp-Image-2026-01-16-at-13.51.53-1024x682.jpeg\" src=\"https:\/\/www.hoymercedes.com.ar\/principal\/wp-content\/uploads\/2026\/01\/WhatsApp-Image-2026-01-16-at-13.51.53-1024x682.jpeg\" alt=\"\" class=\"wp-image-191061\" srcset=\"https:\/\/www.hoymercedes.com.ar\/principal\/wp-content\/uploads\/2026\/01\/WhatsApp-Image-2026-01-16-at-13.51.53-1024x682.jpeg 1024w, https:\/\/www.hoymercedes.com.ar\/principal\/wp-content\/uploads\/2026\/01\/WhatsApp-Image-2026-01-16-at-13.51.53-630x420.jpeg 630w, https:\/\/www.hoymercedes.com.ar\/principal\/wp-content\/uploads\/2026\/01\/WhatsApp-Image-2026-01-16-at-13.51.53-150x100.jpeg 150w, https:\/\/www.hoymercedes.com.ar\/principal\/wp-content\/uploads\/2026\/01\/WhatsApp-Image-2026-01-16-at-13.51.53-1536x1023.jpeg 1536w, https:\/\/www.hoymercedes.com.ar\/principal\/wp-content\/uploads\/2026\/01\/WhatsApp-Image-2026-01-16-at-13.51.53.jpeg 1600w\" sizes=\"auto, (max-width: 1024px) 100vw, 1024px\" \/><\/figure>\n\n\n\n<p>El intendente agradeci\u00f3 \u201cal pueblo de Gowland y Agote y a los trabajadores del municipio por el esfuerzo compartido\u201d y celebr\u00f3 \u201cpoder seguir haciendo obras para la ciudad en un contexto tan dif\u00edcil. Empezamos el a\u00f1o con una nueva cancha de p\u00e1del en el Parque, avanzamos en obras de agua y cloacas, seguimos trabajando en las escuelas\u2026 A pesar de las dificultades seguimos avanzando\u201d.<\/p>\n\n\n\n<p>\u201cY esta delegaci\u00f3n tambi\u00e9n es un buen ejemplo porque crece a\u00f1o a a\u00f1o. Toda esta<\/p>\n\n\n\n<p>zona tambi\u00e9n viene creciendo y por eso es tan importante la participaci\u00f3n de los vecinos a trav\u00e9s de la sociedad de fomento, de los clubes, de los centros de jubilados. Ac\u00e1 se mantiene el esp\u00edritu solidario, la idea del trabajo en conjunto, la unidad de los vecinos y para nosotros eso es muy importante\u201d, a\u00f1adi\u00f3.<\/p>\n\n\n\n<p>A su turno, el concejal Santiago Altube agreg\u00f3: \u201cEl a\u00f1o pasado llevamos adelante el presupuesto participativo, tuvimos dos reuniones con los vecinos de la zona rural y aqu\u00ed se decidi\u00f3 la compra de un veh\u00edculo de estas caracter\u00edsticas\u201d, explic\u00f3.<\/p>\n\n\n\n<p>\u201cHoy finalmente cumplimos con la elecci\u00f3n de los vecinos y esto demuestra la importancia de haber generado una instancia de escucha, de participaci\u00f3n y de toma de decisiones, lo que nos pone muy contentos\u201d, se\u00f1al\u00f3.<\/p>\n\n\n\n<p>Finalmente, el subsecretario de Servicios P\u00fablicos, Luis Ponce, dijo: \u201cSumamos nuestra primera camioneta 4&#215;4, que era muy necesaria por el gran crecimiento<\/p>\n\n\n\n<p>que tuvo toda esta zona, y lo m\u00e1s importante es que fue por una elecci\u00f3n de los vecinos de Gowland y Agote a trav\u00e9s del presupuesto participativo\u201d.<\/p>\n\n\n\n<p>\u201cEsta camioneta se suma a la maquinaria que fuimos incorporando, como los camiones, las compactadoras de residuos, las retropalas, las motoniveladoras\u2026 As\u00ed que estamos muy contentos por el crecimiento tambi\u00e9n de esta subdelegaci\u00f3n, lo que confirma el acierto de haberla abierto en su momento\u201d.<\/p>\n","protected":false},"excerpt":{"rendered":"<p>La subdelegaci\u00f3n de Servicios P\u00fablicos de Gowland y Agote sum\u00f3 una camioneta 4&#215;4 para cumplir con diferentes demandas de los &#8230; <a title=\"Tras elecci\u00f3n de los vecinos, el municipio sum\u00f3 una 4&#215;4 para Gowland y Agote\" class=\"read-more\" href=\"https:\/\/www.hoymercedes.com.ar\/principal\/2026\/01\/20\/tras-eleccion-de-los-vecinos-el-municipio-sumo-una-4x4-para-gowland-y-agote\/\" aria-label=\"Leer m\u00e1s sobre Tras elecci\u00f3n de los vecinos, el municipio sum\u00f3 una 4&#215;4 para Gowland y Agote\">Leer m\u00e1s<\/a><\/p>\n","protected":false},"author":1,"featured_media":191060,"comment_status":"closed","ping_status":"open","sticky":false,"template":"","format":"standard","meta":{"_monsterinsights_skip_tracking":false,"_monsterinsights_sitenote_active":false,"_monsterinsights_sitenote_note":"","_monsterinsights_sitenote_category":0,"jetpack_post_was_ever_published":false,"_jetpack_newsletter_access":"","_jetpack_dont_email_post_to_subs":false,"_jetpack_newsletter_tier_id":0,"_jetpack_memberships_contains_paywalled_content":false,"_jetpack_memberships_contains_paid_content":false,"footnotes":"","jetpack_publicize_message":"","jetpack_publicize_feature_enabled":true,"jetpack_social_post_already_shared":true,"jetpack_social_options":{"image_generator_settings":{"template":"highway","default_image_id":0,"font":"","enabled":false},"version":2},"_wpas_customize_per_network":false},"categories":[8],"tags":[],"class_list":["post-191059","post","type-post","status-publish","format-standard","has-post-thumbnail","hentry","category-sociedad","generate-columns","tablet-grid-50","mobile-grid-100","grid-parent","grid-50"],"jetpack_publicize_connections":[],"jetpack_featured_media_url":"https:\/\/www.hoymercedes.com.ar\/principal\/wp-content\/uploads\/2026\/01\/4x4uno.jpg","wps_subtitle":"","jetpack_sharing_enabled":true,"_links":{"self":[{"href":"https:\/\/www.hoymercedes.com.ar\/principal\/wp-json\/wp\/v2\/posts\/191059","targetHints":{"allow":["GET"]}}],"collection":[{"href":"https:\/\/www.hoymercedes.com.ar\/principal\/wp-json\/wp\/v2\/posts"}],"about":[{"href":"https:\/\/www.hoymercedes.com.ar\/principal\/wp-json\/wp\/v2\/types\/post"}],"author":[{"embeddable":true,"href":"https:\/\/www.hoymercedes.com.ar\/principal\/wp-json\/wp\/v2\/users\/1"}],"replies":[{"embeddable":true,"href":"https:\/\/www.hoymercedes.com.ar\/principal\/wp-json\/wp\/v2\/comments?post=191059"}],"version-history":[{"count":1,"href":"https:\/\/www.hoymercedes.com.ar\/principal\/wp-json\/wp\/v2\/posts\/191059\/revisions"}],"predecessor-version":[{"id":191062,"href":"https:\/\/www.hoymercedes.com.ar\/principal\/wp-json\/wp\/v2\/posts\/191059\/revisions\/191062"}],"wp:featuredmedia":[{"embeddable":true,"href":"https:\/\/www.hoymercedes.com.ar\/principal\/wp-json\/wp\/v2\/media\/191060"}],"wp:attachment":[{"href":"https:\/\/www.hoymercedes.com.ar\/principal\/wp-json\/wp\/v2\/media?parent=191059"}],"wp:term":[{"taxonomy":"category","embeddable":true,"href":"https:\/\/www.hoymercedes.com.ar\/principal\/wp-json\/wp\/v2\/categories?post=191059"},{"taxonomy":"post_tag","embeddable":true,"href":"https:\/\/www.hoymercedes.com.ar\/principal\/wp-json\/wp\/v2\/tags?post=191059"}],"curies":[{"name":"wp","href":"https:\/\/api.w.org\/{rel}","templated":true}]}}