{"id":191063,"date":"2026-01-20T10:11:00","date_gmt":"2026-01-20T13:11:00","guid":{"rendered":"https:\/\/www.hoymercedes.com.ar\/principal\/?p=191063"},"modified":"2026-01-19T20:12:29","modified_gmt":"2026-01-19T23:12:29","slug":"el-municipio-despliega-medidas-para-proteger-la-educacion-tecnica","status":"publish","type":"post","link":"https:\/\/www.hoymercedes.com.ar\/principal\/2026\/01\/20\/el-municipio-despliega-medidas-para-proteger-la-educacion-tecnica\/","title":{"rendered":"El municipio despliega medidas para proteger la educaci\u00f3n t\u00e9cnica"},"content":{"rendered":"\n<p>Una acci\u00f3n de amparo, la firma de un convenio de cooperaci\u00f3n y el impulso de presentaciones colectivas forman parte de una serie de medidas que tomar\u00e1 el municipio de Mercedes para proteger la educaci\u00f3n t\u00e9cnica, fuertemente atacada desde el gobierno nacional a trav\u00e9s del presupuesto presentado para 2026.<\/p>\n\n\n\n<figure class=\"wp-block-image size-large\"><img loading=\"lazy\" decoding=\"async\" width=\"1024\" height=\"682\" data-attachment-id=\"191064\" data-permalink=\"https:\/\/www.hoymercedes.com.ar\/principal\/2026\/01\/20\/el-municipio-despliega-medidas-para-proteger-la-educacion-tecnica\/whatsapp-image-2026-01-16-at-13-55-34\/#main\" data-orig-file=\"https:\/\/www.hoymercedes.com.ar\/principal\/wp-content\/uploads\/2026\/01\/WhatsApp-Image-2026-01-16-at-13.55.34.jpeg\" data-orig-size=\"1280,853\" data-comments-opened=\"0\" data-image-meta=\"{&quot;aperture&quot;:&quot;0&quot;,&quot;credit&quot;:&quot;&quot;,&quot;camera&quot;:&quot;&quot;,&quot;caption&quot;:&quot;&quot;,&quot;created_timestamp&quot;:&quot;0&quot;,&quot;copyright&quot;:&quot;&quot;,&quot;focal_length&quot;:&quot;0&quot;,&quot;iso&quot;:&quot;0&quot;,&quot;shutter_speed&quot;:&quot;0&quot;,&quot;title&quot;:&quot;&quot;,&quot;orientation&quot;:&quot;0&quot;}\" data-image-title=\"WhatsApp Image 2026-01-16 at 13.55.34\" data-image-description=\"\" data-image-caption=\"\" data-large-file=\"https:\/\/www.hoymercedes.com.ar\/principal\/wp-content\/uploads\/2026\/01\/WhatsApp-Image-2026-01-16-at-13.55.34-1024x682.jpeg\" src=\"https:\/\/www.hoymercedes.com.ar\/principal\/wp-content\/uploads\/2026\/01\/WhatsApp-Image-2026-01-16-at-13.55.34-1024x682.jpeg\" alt=\"\" class=\"wp-image-191064\" srcset=\"https:\/\/www.hoymercedes.com.ar\/principal\/wp-content\/uploads\/2026\/01\/WhatsApp-Image-2026-01-16-at-13.55.34-1024x682.jpeg 1024w, https:\/\/www.hoymercedes.com.ar\/principal\/wp-content\/uploads\/2026\/01\/WhatsApp-Image-2026-01-16-at-13.55.34-630x420.jpeg 630w, https:\/\/www.hoymercedes.com.ar\/principal\/wp-content\/uploads\/2026\/01\/WhatsApp-Image-2026-01-16-at-13.55.34-150x100.jpeg 150w, https:\/\/www.hoymercedes.com.ar\/principal\/wp-content\/uploads\/2026\/01\/WhatsApp-Image-2026-01-16-at-13.55.34.jpeg 1280w\" sizes=\"auto, (max-width: 1024px) 100vw, 1024px\" \/><\/figure>\n\n\n\n<p>El compromiso asumido por el gobierno que encabeza Juani Ustarroz qued\u00f3 sellado este viernes con la firma de un acta de colaboraci\u00f3n con el director provincial de Educaci\u00f3n T\u00e9cnico Profesional, Ricardo De Gisi; el inspector jefe distrital de Educaci\u00f3n, Christian Ponce; y representantes de las distintas escuelas t\u00e9cnicas de la ciudad, entre ellos el Industrial, la 2 de Gowland, el Centro Educativo para la Producci\u00f3n Total 4 y los diversos centros de formaci\u00f3n.<\/p>\n\n\n\n<p>En el encuentro tambi\u00e9n estuvieron el secretario de Educaci\u00f3n, Josi Pisano; la secretaria de Gobierno, Clara Zunino; y la coordinadora de Educaci\u00f3n municipal, Pamela Herrera.<\/p>\n\n\n\n<p>\u201cVamos a llevar adelante todas las medidas que est\u00e9n a nuestro alcance para proteger a la educaci\u00f3n t\u00e9cnica. La quita de fondos que decidi\u00f3 el gobierno nacional golpea de frente contra un sector que, a juzgar por lo que sucede en nuestra ciudad, est\u00e1 otra vez en expansi\u00f3n y ayuda a much\u00edsimos j\u00f3venes a la hora de salir a buscar empleo\u201d, dijo el jefe comunal.<\/p>\n\n\n\n<p>\u201cLa matr\u00edcula de nuestras escuelas t\u00e9cnicas viene creciendo a\u00f1o a a\u00f1o. Hay muchos j\u00f3venes que quieren especializarse en distintas profesiones\u201d, enfatiz\u00f3.<\/p>\n\n\n\n<figure class=\"wp-block-image size-large\"><img loading=\"lazy\" decoding=\"async\" width=\"1024\" height=\"682\" data-attachment-id=\"191065\" data-permalink=\"https:\/\/www.hoymercedes.com.ar\/principal\/2026\/01\/20\/el-municipio-despliega-medidas-para-proteger-la-educacion-tecnica\/whatsapp-image-2026-01-16-at-13-55-33-1\/#main\" data-orig-file=\"https:\/\/www.hoymercedes.com.ar\/principal\/wp-content\/uploads\/2026\/01\/WhatsApp-Image-2026-01-16-at-13.55.33-1.jpeg\" data-orig-size=\"1280,853\" data-comments-opened=\"0\" data-image-meta=\"{&quot;aperture&quot;:&quot;0&quot;,&quot;credit&quot;:&quot;&quot;,&quot;camera&quot;:&quot;&quot;,&quot;caption&quot;:&quot;&quot;,&quot;created_timestamp&quot;:&quot;0&quot;,&quot;copyright&quot;:&quot;&quot;,&quot;focal_length&quot;:&quot;0&quot;,&quot;iso&quot;:&quot;0&quot;,&quot;shutter_speed&quot;:&quot;0&quot;,&quot;title&quot;:&quot;&quot;,&quot;orientation&quot;:&quot;0&quot;}\" data-image-title=\"WhatsApp Image 2026-01-16 at 13.55.33 (1)\" data-image-description=\"\" data-image-caption=\"\" data-large-file=\"https:\/\/www.hoymercedes.com.ar\/principal\/wp-content\/uploads\/2026\/01\/WhatsApp-Image-2026-01-16-at-13.55.33-1-1024x682.jpeg\" src=\"https:\/\/www.hoymercedes.com.ar\/principal\/wp-content\/uploads\/2026\/01\/WhatsApp-Image-2026-01-16-at-13.55.33-1-1024x682.jpeg\" alt=\"\" class=\"wp-image-191065\" srcset=\"https:\/\/www.hoymercedes.com.ar\/principal\/wp-content\/uploads\/2026\/01\/WhatsApp-Image-2026-01-16-at-13.55.33-1-1024x682.jpeg 1024w, https:\/\/www.hoymercedes.com.ar\/principal\/wp-content\/uploads\/2026\/01\/WhatsApp-Image-2026-01-16-at-13.55.33-1-630x420.jpeg 630w, https:\/\/www.hoymercedes.com.ar\/principal\/wp-content\/uploads\/2026\/01\/WhatsApp-Image-2026-01-16-at-13.55.33-1-150x100.jpeg 150w, https:\/\/www.hoymercedes.com.ar\/principal\/wp-content\/uploads\/2026\/01\/WhatsApp-Image-2026-01-16-at-13.55.33-1.jpeg 1280w\" sizes=\"auto, (max-width: 1024px) 100vw, 1024px\" \/><\/figure>\n\n\n\n<p>\u201cEsto forma parte del ataque sistem\u00e1tico del gobierno contra la educaci\u00f3n p\u00fablica. Nosotros creemos que el acceso a la educaci\u00f3n es uno de los pilares en los que se apoya la construcci\u00f3n de una sociedad mejor. Por eso, entre otras cosas, en los pr\u00f3ximos d\u00edas presentaremos un amparo\u201d, anunci\u00f3 el intendente.<\/p>\n\n\n\n<p>De Gisi destac\u00f3 \u201cel compromiso permanente de Juani con la educaci\u00f3n p\u00fablica\u201d y explic\u00f3: \u201cEl gobierno de Javier Milei viene bajando el presupuesto para toda la educaci\u00f3n y este a\u00f1o nos da el golpe de gracia, sobre todo a la educaci\u00f3n t\u00e9cnica, que pasa de tener aproximadamente 300 mil millones de pesos a 11 mil millones\u201d.<\/p>\n\n\n\n<p>\u201cSe afectan 800 instituciones de la provincia, es decir medio mill\u00f3n de alumnos bonaerenses que a trav\u00e9s de la educaci\u00f3n t\u00e9cnica acceden al mundo del trabajo. Milei deroga el fondo nacional de sost\u00e9n de las escuelas t\u00e9cnicas, desfinancia el \u00e1rea y desmantela las leyes. Esto es, como digo, un golpe de gracia\u201d, a\u00f1adi\u00f3.<\/p>\n\n\n\n<p>Finalmente, Ponce indic\u00f3: \u201cLa firma de este convenio nos da cierta tranquilidad para seguir trabajando como lo venimos haciendo, pero el presupuesto decidido por el gobierno nacional es un ataque muy fuerte a la educaci\u00f3n p\u00fablica en general y a la educaci\u00f3n t\u00e9cnica en particular\u201d.<\/p>\n\n\n\n<p>A trav\u00e9s del acta firmado hoy, la Provincia y el municipio se comprometen a acompa\u00f1ar institucional y pol\u00edticamente a la comunidad educativa en la defensa de la educaci\u00f3n p\u00fablica; a llevar a cabo las acciones conjuntas conducentes a fin de reparar y aunar esfuerzos; a promover espacios de di\u00e1logo permanente con las instituciones educativas y sus actores, y a realizar gestiones ante organismos provinciales y otros niveles del Estado para canalizar demandas y necesidades del sistema educativo local.<\/p>\n\n\n\n<p>La comunidad educativa, a su vez, participar\u00e1 activamente en instancias de di\u00e1logo, planificaci\u00f3n y seguimiento de las acciones conjuntas; y contribuir\u00e1 a la construcci\u00f3n colectiva de diagn\u00f3sticos y propuestas que fortalezcan la educaci\u00f3n p\u00fablica en el territorio.<\/p>\n\n\n\n<p>Entre las acciones conjuntas, finalmente, se prev\u00e9 colaborar en las presentaciones pertinentes; impulsar estrategias de visibilizaci\u00f3n de la situaci\u00f3n del sistema educativo y sus impactos en la comunidad; y llevar a cabo espacios de participaci\u00f3n comunitaria y defensa del derecho a la educaci\u00f3n.<\/p>\n","protected":false},"excerpt":{"rendered":"<p>Una acci\u00f3n de amparo, la firma de un convenio de cooperaci\u00f3n y el impulso de presentaciones colectivas forman parte de &#8230; <a title=\"El municipio despliega medidas para proteger la educaci\u00f3n t\u00e9cnica\" class=\"read-more\" href=\"https:\/\/www.hoymercedes.com.ar\/principal\/2026\/01\/20\/el-municipio-despliega-medidas-para-proteger-la-educacion-tecnica\/\" aria-label=\"Leer m\u00e1s sobre El municipio despliega medidas para proteger la educaci\u00f3n t\u00e9cnica\">Leer m\u00e1s<\/a><\/p>\n","protected":false},"author":1,"featured_media":191064,"comment_status":"closed","ping_status":"open","sticky":false,"template":"","format":"standard","meta":{"_monsterinsights_skip_tracking":false,"_monsterinsights_sitenote_active":false,"_monsterinsights_sitenote_note":"","_monsterinsights_sitenote_category":0,"jetpack_post_was_ever_published":false,"_jetpack_newsletter_access":"","_jetpack_dont_email_post_to_subs":false,"_jetpack_newsletter_tier_id":0,"_jetpack_memberships_contains_paywalled_content":false,"_jetpack_memberships_contains_paid_content":false,"footnotes":"","jetpack_publicize_message":"","jetpack_publicize_feature_enabled":true,"jetpack_social_post_already_shared":true,"jetpack_social_options":{"image_generator_settings":{"template":"highway","default_image_id":0,"font":"","enabled":false},"version":2},"_wpas_customize_per_network":false},"categories":[8],"tags":[],"class_list":["post-191063","post","type-post","status-publish","format-standard","has-post-thumbnail","hentry","category-sociedad","generate-columns","tablet-grid-50","mobile-grid-100","grid-parent","grid-50"],"jetpack_publicize_connections":[],"jetpack_featured_media_url":"https:\/\/www.hoymercedes.com.ar\/principal\/wp-content\/uploads\/2026\/01\/WhatsApp-Image-2026-01-16-at-13.55.34.jpeg","wps_subtitle":"","jetpack_sharing_enabled":true,"_links":{"self":[{"href":"https:\/\/www.hoymercedes.com.ar\/principal\/wp-json\/wp\/v2\/posts\/191063","targetHints":{"allow":["GET"]}}],"collection":[{"href":"https:\/\/www.hoymercedes.com.ar\/principal\/wp-json\/wp\/v2\/posts"}],"about":[{"href":"https:\/\/www.hoymercedes.com.ar\/principal\/wp-json\/wp\/v2\/types\/post"}],"author":[{"embeddable":true,"href":"https:\/\/www.hoymercedes.com.ar\/principal\/wp-json\/wp\/v2\/users\/1"}],"replies":[{"embeddable":true,"href":"https:\/\/www.hoymercedes.com.ar\/principal\/wp-json\/wp\/v2\/comments?post=191063"}],"version-history":[{"count":1,"href":"https:\/\/www.hoymercedes.com.ar\/principal\/wp-json\/wp\/v2\/posts\/191063\/revisions"}],"predecessor-version":[{"id":191066,"href":"https:\/\/www.hoymercedes.com.ar\/principal\/wp-json\/wp\/v2\/posts\/191063\/revisions\/191066"}],"wp:featuredmedia":[{"embeddable":true,"href":"https:\/\/www.hoymercedes.com.ar\/principal\/wp-json\/wp\/v2\/media\/191064"}],"wp:attachment":[{"href":"https:\/\/www.hoymercedes.com.ar\/principal\/wp-json\/wp\/v2\/media?parent=191063"}],"wp:term":[{"taxonomy":"category","embeddable":true,"href":"https:\/\/www.hoymercedes.com.ar\/principal\/wp-json\/wp\/v2\/categories?post=191063"},{"taxonomy":"post_tag","embeddable":true,"href":"https:\/\/www.hoymercedes.com.ar\/principal\/wp-json\/wp\/v2\/tags?post=191063"}],"curies":[{"name":"wp","href":"https:\/\/api.w.org\/{rel}","templated":true}]}}