{"id":191067,"date":"2026-01-20T11:15:00","date_gmt":"2026-01-20T14:15:00","guid":{"rendered":"https:\/\/www.hoymercedes.com.ar\/principal\/?p=191067"},"modified":"2026-01-19T20:16:22","modified_gmt":"2026-01-19T23:16:22","slug":"la-provincia-avanzo-con-la-licitacion-de-obras-cloacales-para-el-partido-de-mercedes","status":"publish","type":"post","link":"https:\/\/www.hoymercedes.com.ar\/principal\/2026\/01\/20\/la-provincia-avanzo-con-la-licitacion-de-obras-cloacales-para-el-partido-de-mercedes\/","title":{"rendered":"La Provincia avanz\u00f3 con la licitaci\u00f3n de obras cloacales para el partido de Mercedes"},"content":{"rendered":"\n<p>El Ministerio de Infraestructura y Servicios P\u00fablicos de la provincia de Buenos Aires, a trav\u00e9s de la Subsecretar\u00eda de Recursos H\u00eddricos, inici\u00f3 el proceso de licitaci\u00f3n para una importante obra de saneamiento que se desarrollar\u00e1 en el partido de Mercedes. El proyecto prev\u00e9 la construcci\u00f3n de una red cloacal integral, junto con una estaci\u00f3n de bombeo y el sistema de impulsi\u00f3n correspondiente, en las localidades de Agote y Gowland, que actualmente no cuentan con este servicio.<\/p>\n\n\n\n<figure class=\"wp-block-image size-full\"><img loading=\"lazy\" decoding=\"async\" width=\"700\" height=\"467\" data-attachment-id=\"191068\" data-permalink=\"https:\/\/www.hoymercedes.com.ar\/principal\/2026\/01\/20\/la-provincia-avanzo-con-la-licitacion-de-obras-cloacales-para-el-partido-de-mercedes\/_ar70763-1\/#main\" data-orig-file=\"https:\/\/www.hoymercedes.com.ar\/principal\/wp-content\/uploads\/2026\/01\/AR70763-1.jpg\" data-orig-size=\"700,467\" data-comments-opened=\"0\" data-image-meta=\"{&quot;aperture&quot;:&quot;0&quot;,&quot;credit&quot;:&quot;&quot;,&quot;camera&quot;:&quot;&quot;,&quot;caption&quot;:&quot;&quot;,&quot;created_timestamp&quot;:&quot;0&quot;,&quot;copyright&quot;:&quot;&quot;,&quot;focal_length&quot;:&quot;0&quot;,&quot;iso&quot;:&quot;0&quot;,&quot;shutter_speed&quot;:&quot;0&quot;,&quot;title&quot;:&quot;&quot;,&quot;orientation&quot;:&quot;0&quot;}\" data-image-title=\"_AR70763 (1)\" data-image-description=\"\" data-image-caption=\"\" data-large-file=\"https:\/\/www.hoymercedes.com.ar\/principal\/wp-content\/uploads\/2026\/01\/AR70763-1.jpg\" src=\"https:\/\/www.hoymercedes.com.ar\/principal\/wp-content\/uploads\/2026\/01\/AR70763-1.jpg\" alt=\"\" class=\"wp-image-191068\" srcset=\"https:\/\/www.hoymercedes.com.ar\/principal\/wp-content\/uploads\/2026\/01\/AR70763-1.jpg 700w, https:\/\/www.hoymercedes.com.ar\/principal\/wp-content\/uploads\/2026\/01\/AR70763-1-630x420.jpg 630w, https:\/\/www.hoymercedes.com.ar\/principal\/wp-content\/uploads\/2026\/01\/AR70763-1-150x100.jpg 150w\" sizes=\"auto, (max-width: 700px) 100vw, 700px\" \/><\/figure>\n\n\n\n<p>Los trabajos incluyen la instalaci\u00f3n de ca\u00f1er\u00edas colectoras principales y secundarias para la recolecci\u00f3n de los desag\u00fces cloacales, adem\u00e1s de la ejecuci\u00f3n de una estaci\u00f3n de bombeo que se ubicar\u00e1 en cercan\u00edas de la estaci\u00f3n ferroviaria. Desde all\u00ed, los l\u00edquidos ser\u00e1n impulsados hasta el punto de empalme con el sistema existente, permitiendo su correcto tratamiento.<\/p>\n\n\n\n<p>Desde el \u00e1rea provincial destacaron que se trata de una obra clave para mejorar las condiciones sanitarias y ambientales de la zona. El subsecretario de Recursos H\u00eddricos, N\u00e9stor \u00c1lvarez, remarc\u00f3 que esta iniciativa se enmarca en las pol\u00edticas impulsadas por el gobernador Axel Kicillof para ampliar el acceso a servicios b\u00e1sicos y elevar la calidad de vida de los vecinos.<\/p>\n\n\n\n<p>El proyecto abarcar\u00e1 una superficie de m\u00e1s de 105 hect\u00e1reas y beneficiar\u00e1 a unas 2.500 personas, con una cobertura estimada cercana al ciento por ciento dentro del \u00e1rea intervenida.<\/p>\n","protected":false},"excerpt":{"rendered":"<p>El Ministerio de Infraestructura y Servicios P\u00fablicos de la provincia de Buenos Aires, a trav\u00e9s de la Subsecretar\u00eda de Recursos &#8230; <a title=\"La Provincia avanz\u00f3 con la licitaci\u00f3n de obras cloacales para el partido de Mercedes\" class=\"read-more\" href=\"https:\/\/www.hoymercedes.com.ar\/principal\/2026\/01\/20\/la-provincia-avanzo-con-la-licitacion-de-obras-cloacales-para-el-partido-de-mercedes\/\" aria-label=\"Leer m\u00e1s sobre La Provincia avanz\u00f3 con la licitaci\u00f3n de obras cloacales para el partido de Mercedes\">Leer m\u00e1s<\/a><\/p>\n","protected":false},"author":1,"featured_media":191068,"comment_status":"closed","ping_status":"open","sticky":false,"template":"","format":"standard","meta":{"_monsterinsights_skip_tracking":false,"_monsterinsights_sitenote_active":false,"_monsterinsights_sitenote_note":"","_monsterinsights_sitenote_category":0,"jetpack_post_was_ever_published":false,"_jetpack_newsletter_access":"","_jetpack_dont_email_post_to_subs":false,"_jetpack_newsletter_tier_id":0,"_jetpack_memberships_contains_paywalled_content":false,"_jetpack_memberships_contains_paid_content":false,"footnotes":"","jetpack_publicize_message":"","jetpack_publicize_feature_enabled":true,"jetpack_social_post_already_shared":true,"jetpack_social_options":{"image_generator_settings":{"template":"highway","default_image_id":0,"font":"","enabled":false},"version":2},"_wpas_customize_per_network":false},"categories":[8],"tags":[],"class_list":["post-191067","post","type-post","status-publish","format-standard","has-post-thumbnail","hentry","category-sociedad","generate-columns","tablet-grid-50","mobile-grid-100","grid-parent","grid-50"],"jetpack_publicize_connections":[],"jetpack_featured_media_url":"https:\/\/www.hoymercedes.com.ar\/principal\/wp-content\/uploads\/2026\/01\/AR70763-1.jpg","wps_subtitle":"","jetpack_sharing_enabled":true,"_links":{"self":[{"href":"https:\/\/www.hoymercedes.com.ar\/principal\/wp-json\/wp\/v2\/posts\/191067","targetHints":{"allow":["GET"]}}],"collection":[{"href":"https:\/\/www.hoymercedes.com.ar\/principal\/wp-json\/wp\/v2\/posts"}],"about":[{"href":"https:\/\/www.hoymercedes.com.ar\/principal\/wp-json\/wp\/v2\/types\/post"}],"author":[{"embeddable":true,"href":"https:\/\/www.hoymercedes.com.ar\/principal\/wp-json\/wp\/v2\/users\/1"}],"replies":[{"embeddable":true,"href":"https:\/\/www.hoymercedes.com.ar\/principal\/wp-json\/wp\/v2\/comments?post=191067"}],"version-history":[{"count":1,"href":"https:\/\/www.hoymercedes.com.ar\/principal\/wp-json\/wp\/v2\/posts\/191067\/revisions"}],"predecessor-version":[{"id":191069,"href":"https:\/\/www.hoymercedes.com.ar\/principal\/wp-json\/wp\/v2\/posts\/191067\/revisions\/191069"}],"wp:featuredmedia":[{"embeddable":true,"href":"https:\/\/www.hoymercedes.com.ar\/principal\/wp-json\/wp\/v2\/media\/191068"}],"wp:attachment":[{"href":"https:\/\/www.hoymercedes.com.ar\/principal\/wp-json\/wp\/v2\/media?parent=191067"}],"wp:term":[{"taxonomy":"category","embeddable":true,"href":"https:\/\/www.hoymercedes.com.ar\/principal\/wp-json\/wp\/v2\/categories?post=191067"},{"taxonomy":"post_tag","embeddable":true,"href":"https:\/\/www.hoymercedes.com.ar\/principal\/wp-json\/wp\/v2\/tags?post=191067"}],"curies":[{"name":"wp","href":"https:\/\/api.w.org\/{rel}","templated":true}]}}