{"id":191078,"date":"2026-01-20T13:28:00","date_gmt":"2026-01-20T16:28:00","guid":{"rendered":"https:\/\/www.hoymercedes.com.ar\/principal\/?p=191078"},"modified":"2026-01-19T20:30:14","modified_gmt":"2026-01-19T23:30:14","slug":"nuevo-incremento-en-la-vtv-desde-este-viernes-la-verificacion-tecnica-vehicular-costara-un-22-mas","status":"publish","type":"post","link":"https:\/\/www.hoymercedes.com.ar\/principal\/2026\/01\/20\/nuevo-incremento-en-la-vtv-desde-este-viernes-la-verificacion-tecnica-vehicular-costara-un-22-mas\/","title":{"rendered":"Nuevo incremento en la VTV: desde este viernes la Verificaci\u00f3n T\u00e9cnica Vehicular costar\u00e1 un 22 % m\u00e1s"},"content":{"rendered":"\n<p>Los conductores de la provincia de Buenos Aires deber\u00e1n afrontar un nuevo aumento en el costo de la <strong>Verificaci\u00f3n T\u00e9cnica Vehicular (VTV)<\/strong> que entr\u00f3 en vigencia desde este <strong>viernes 16 de enero de 2026<\/strong>. El ajuste en las tarifas fue oficializado por el <strong>Ministerio de Transporte bonaerense<\/strong> mediante la <strong>Resoluci\u00f3n 369\/2025<\/strong> publicada en el Bolet\u00edn Oficial provincial.<\/p>\n\n\n\n<figure class=\"wp-block-image size-large\"><img loading=\"lazy\" decoding=\"async\" width=\"1024\" height=\"576\" data-attachment-id=\"191079\" data-permalink=\"https:\/\/www.hoymercedes.com.ar\/principal\/2026\/01\/20\/nuevo-incremento-en-la-vtv-desde-este-viernes-la-verificacion-tecnica-vehicular-costara-un-22-mas\/planta-vtv-de-mercedes-en-la-provincia-de-buenos-aires\/#main\" data-orig-file=\"https:\/\/www.hoymercedes.com.ar\/principal\/wp-content\/uploads\/2026\/01\/Planta-VTV-de-Mercedes-en-la-provincia-de-Buenos-Aires.jpg\" data-orig-size=\"1280,720\" data-comments-opened=\"0\" data-image-meta=\"{&quot;aperture&quot;:&quot;0&quot;,&quot;credit&quot;:&quot;&quot;,&quot;camera&quot;:&quot;&quot;,&quot;caption&quot;:&quot;&quot;,&quot;created_timestamp&quot;:&quot;0&quot;,&quot;copyright&quot;:&quot;&quot;,&quot;focal_length&quot;:&quot;0&quot;,&quot;iso&quot;:&quot;0&quot;,&quot;shutter_speed&quot;:&quot;0&quot;,&quot;title&quot;:&quot;&quot;,&quot;orientation&quot;:&quot;1&quot;}\" data-image-title=\"Planta-VTV-de-Mercedes-en-la-provincia-de-Buenos-Aires\" data-image-description=\"\" data-image-caption=\"\" data-large-file=\"https:\/\/www.hoymercedes.com.ar\/principal\/wp-content\/uploads\/2026\/01\/Planta-VTV-de-Mercedes-en-la-provincia-de-Buenos-Aires-1024x576.jpg\" src=\"https:\/\/www.hoymercedes.com.ar\/principal\/wp-content\/uploads\/2026\/01\/Planta-VTV-de-Mercedes-en-la-provincia-de-Buenos-Aires-1024x576.jpg\" alt=\"\" class=\"wp-image-191079\" srcset=\"https:\/\/www.hoymercedes.com.ar\/principal\/wp-content\/uploads\/2026\/01\/Planta-VTV-de-Mercedes-en-la-provincia-de-Buenos-Aires-1024x576.jpg 1024w, https:\/\/www.hoymercedes.com.ar\/principal\/wp-content\/uploads\/2026\/01\/Planta-VTV-de-Mercedes-en-la-provincia-de-Buenos-Aires-630x354.jpg 630w, https:\/\/www.hoymercedes.com.ar\/principal\/wp-content\/uploads\/2026\/01\/Planta-VTV-de-Mercedes-en-la-provincia-de-Buenos-Aires-150x84.jpg 150w, https:\/\/www.hoymercedes.com.ar\/principal\/wp-content\/uploads\/2026\/01\/Planta-VTV-de-Mercedes-en-la-provincia-de-Buenos-Aires.jpg 1280w\" sizes=\"auto, (max-width: 1024px) 100vw, 1024px\" \/><\/figure>\n\n\n\n<p>Bajo el nuevo cuadro tarifario, la <strong>tarifa b\u00e1sica<\/strong> para autos particulares de hasta <strong>2.500 kilos<\/strong> pas\u00f3 de $79.640,87 a <strong>$97.057,65 con IVA incluido<\/strong>, lo que representa una suba de aproximadamente <strong>21,8 %<\/strong> respecto del precio anterior. Este monto sirve como referencia para calcular el costo del resto de las categor\u00edas del servicio.<\/p>\n\n\n\n<p>Adem\u00e1s del valor base para autos, tambi\u00e9n se actualizaron los importes para otros tipos de veh\u00edculos, entre ellos:<br>\u2022 <strong>Motoveh\u00edculos:<\/strong> alrededor de $38.801,03.<br>\u2022 <strong>Veh\u00edculos pesados (m\u00e1s de 2.500 kg):<\/strong> aproximadamente $174.604,64.<br>\u2022 <strong>Remolques y acoplados livianos:<\/strong> unos $58.201,54.<br>\u2022 <strong>Remolques y acoplados pesados:<\/strong> alrededor de $87.302,33.<\/p>\n\n\n\n<p>Desde el Ministerio de Transporte explicaron que el incremento responde a lo establecido en el pliego de concesi\u00f3n del servicio, que vincula el valor de la tarifa con el <strong>salario b\u00e1sico de los operarios<\/strong> que realizan las verificaciones, seg\u00fan el convenio colectivo vigente entre la <strong>C\u00e1mara Argentina de Verificadores de Automotores (CAVEA)<\/strong> y el sindicato <strong>SMATA<\/strong>.<\/p>\n\n\n\n<p>La VTV sigue siendo un requisito obligatorio para poder <strong>circular legalmente<\/strong> en rutas y calles de la provincia una vez que el veh\u00edculo cumple con los plazos de antig\u00fcedad o kil\u00f3metros establecidos por normativa.<\/p>\n","protected":false},"excerpt":{"rendered":"<p>Los conductores de la provincia de Buenos Aires deber\u00e1n afrontar un nuevo aumento en el costo de la Verificaci\u00f3n T\u00e9cnica &#8230; <a title=\"Nuevo incremento en la VTV: desde este viernes la Verificaci\u00f3n T\u00e9cnica Vehicular costar\u00e1 un 22 % m\u00e1s\" class=\"read-more\" href=\"https:\/\/www.hoymercedes.com.ar\/principal\/2026\/01\/20\/nuevo-incremento-en-la-vtv-desde-este-viernes-la-verificacion-tecnica-vehicular-costara-un-22-mas\/\" aria-label=\"Leer m\u00e1s sobre Nuevo incremento en la VTV: desde este viernes la Verificaci\u00f3n T\u00e9cnica Vehicular costar\u00e1 un 22 % m\u00e1s\">Leer m\u00e1s<\/a><\/p>\n","protected":false},"author":1,"featured_media":191079,"comment_status":"closed","ping_status":"open","sticky":false,"template":"","format":"standard","meta":{"_monsterinsights_skip_tracking":false,"_monsterinsights_sitenote_active":false,"_monsterinsights_sitenote_note":"","_monsterinsights_sitenote_category":0,"jetpack_post_was_ever_published":false,"_jetpack_newsletter_access":"","_jetpack_dont_email_post_to_subs":false,"_jetpack_newsletter_tier_id":0,"_jetpack_memberships_contains_paywalled_content":false,"_jetpack_memberships_contains_paid_content":false,"footnotes":"","jetpack_publicize_message":"","jetpack_publicize_feature_enabled":true,"jetpack_social_post_already_shared":true,"jetpack_social_options":{"image_generator_settings":{"template":"highway","default_image_id":0,"font":"","enabled":false},"version":2},"_wpas_customize_per_network":false},"categories":[8],"tags":[],"class_list":["post-191078","post","type-post","status-publish","format-standard","has-post-thumbnail","hentry","category-sociedad","generate-columns","tablet-grid-50","mobile-grid-100","grid-parent","grid-50"],"jetpack_publicize_connections":[],"jetpack_featured_media_url":"https:\/\/www.hoymercedes.com.ar\/principal\/wp-content\/uploads\/2026\/01\/Planta-VTV-de-Mercedes-en-la-provincia-de-Buenos-Aires.jpg","wps_subtitle":"","jetpack_sharing_enabled":true,"_links":{"self":[{"href":"https:\/\/www.hoymercedes.com.ar\/principal\/wp-json\/wp\/v2\/posts\/191078","targetHints":{"allow":["GET"]}}],"collection":[{"href":"https:\/\/www.hoymercedes.com.ar\/principal\/wp-json\/wp\/v2\/posts"}],"about":[{"href":"https:\/\/www.hoymercedes.com.ar\/principal\/wp-json\/wp\/v2\/types\/post"}],"author":[{"embeddable":true,"href":"https:\/\/www.hoymercedes.com.ar\/principal\/wp-json\/wp\/v2\/users\/1"}],"replies":[{"embeddable":true,"href":"https:\/\/www.hoymercedes.com.ar\/principal\/wp-json\/wp\/v2\/comments?post=191078"}],"version-history":[{"count":1,"href":"https:\/\/www.hoymercedes.com.ar\/principal\/wp-json\/wp\/v2\/posts\/191078\/revisions"}],"predecessor-version":[{"id":191080,"href":"https:\/\/www.hoymercedes.com.ar\/principal\/wp-json\/wp\/v2\/posts\/191078\/revisions\/191080"}],"wp:featuredmedia":[{"embeddable":true,"href":"https:\/\/www.hoymercedes.com.ar\/principal\/wp-json\/wp\/v2\/media\/191079"}],"wp:attachment":[{"href":"https:\/\/www.hoymercedes.com.ar\/principal\/wp-json\/wp\/v2\/media?parent=191078"}],"wp:term":[{"taxonomy":"category","embeddable":true,"href":"https:\/\/www.hoymercedes.com.ar\/principal\/wp-json\/wp\/v2\/categories?post=191078"},{"taxonomy":"post_tag","embeddable":true,"href":"https:\/\/www.hoymercedes.com.ar\/principal\/wp-json\/wp\/v2\/tags?post=191078"}],"curies":[{"name":"wp","href":"https:\/\/api.w.org\/{rel}","templated":true}]}}