{"id":191081,"date":"2026-01-20T14:13:00","date_gmt":"2026-01-20T17:13:00","guid":{"rendered":"https:\/\/www.hoymercedes.com.ar\/principal\/?p=191081"},"modified":"2026-01-19T21:47:22","modified_gmt":"2026-01-20T00:47:22","slug":"domingo-con-multiples-intervenciones-de-bomberos-y-proteccion-civil-por-distintos-incendios","status":"publish","type":"post","link":"https:\/\/www.hoymercedes.com.ar\/principal\/2026\/01\/20\/domingo-con-multiples-intervenciones-de-bomberos-y-proteccion-civil-por-distintos-incendios\/","title":{"rendered":"Domingo con m\u00faltiples intervenciones de Bomberos y Protecci\u00f3n Civil por distintos incendios"},"content":{"rendered":"\n<p>Este <strong>domingo, el cuerpo de Bomberos Voluntarios, la Polic\u00eda y el \u00e1rea municipal de Protecci\u00f3n Civil<\/strong> estuvieron en constante actividad debido a <strong>tres incendios significativos<\/strong> ocurridos en diferentes sectores de la ciudad desde la ma\u00f1ana hasta pasado el mediod\u00eda, generando preocupaci\u00f3n entre los vecinos por el sonido continuo de sirenas y desplazamientos de unidades de emergencia.<\/p>\n\n\n\n<figure class=\"wp-block-image size-full\"><img loading=\"lazy\" decoding=\"async\" width=\"800\" height=\"533\" data-attachment-id=\"131151\" data-permalink=\"https:\/\/www.hoymercedes.com.ar\/principal\/2021\/06\/02\/comenzo-la-venta-del-bono-contribucion-2021-2022-de-los-bomberos\/02-bomberos\/#main\" data-orig-file=\"https:\/\/www.hoymercedes.com.ar\/principal\/wp-content\/uploads\/2021\/06\/02-bomberos.jpg\" data-orig-size=\"800,533\" data-comments-opened=\"0\" data-image-meta=\"{&quot;aperture&quot;:&quot;2&quot;,&quot;credit&quot;:&quot;&quot;,&quot;camera&quot;:&quot;Moto G (5S) Plus&quot;,&quot;caption&quot;:&quot;&quot;,&quot;created_timestamp&quot;:&quot;1622631804&quot;,&quot;copyright&quot;:&quot;&quot;,&quot;focal_length&quot;:&quot;3.59&quot;,&quot;iso&quot;:&quot;100&quot;,&quot;shutter_speed&quot;:&quot;0.0023980815347722&quot;,&quot;title&quot;:&quot;&quot;,&quot;orientation&quot;:&quot;1&quot;}\" data-image-title=\"02 bomberos\" data-image-description=\"\" data-image-caption=\"\" data-large-file=\"https:\/\/www.hoymercedes.com.ar\/principal\/wp-content\/uploads\/2021\/06\/02-bomberos.jpg\" src=\"https:\/\/www.hoymercedes.com.ar\/principal\/wp-content\/uploads\/2021\/06\/02-bomberos.jpg\" alt=\"\" class=\"wp-image-131151\" srcset=\"https:\/\/www.hoymercedes.com.ar\/principal\/wp-content\/uploads\/2021\/06\/02-bomberos.jpg 800w, https:\/\/www.hoymercedes.com.ar\/principal\/wp-content\/uploads\/2021\/06\/02-bomberos-630x420.jpg 630w, https:\/\/www.hoymercedes.com.ar\/principal\/wp-content\/uploads\/2021\/06\/02-bomberos-150x100.jpg 150w, https:\/\/www.hoymercedes.com.ar\/principal\/wp-content\/uploads\/2021\/06\/02-bomberos-700x465.jpg 700w\" sizes=\"auto, (max-width: 800px) 100vw, 800px\" \/><\/figure>\n\n\n\n<p>El primer aviso se registr\u00f3 <strong>alrededor de las 7:00 hs<\/strong>, cuando los bomberos fueron convocados para controlarrollar el fuego de un <strong>autom\u00f3vil que se hab\u00eda prendido<\/strong>, aunque no se detallaron las causas que originaron las llamas. La r\u00e1pida respuesta del personal evit\u00f3 consecuencias mayores en ese punto.<\/p>\n\n\n\n<p>M\u00e1s adelante, <strong>cerca del mediod\u00eda<\/strong>, los equipos se dirigieron a la zona de <strong>calles 12 y 33 y 14 y 33<\/strong>, donde un asado mal controlado provoc\u00f3 que se encendiera fuego que alcanz\u00f3 una <strong>palmera y se extendi\u00f3 hasta un galp\u00f3n vecino<\/strong>, obligando a los m\u00f3viles 39 y 40 a intervenir bajo la supervisi\u00f3n del oficial Picardi.<\/p>\n\n\n\n<p>De forma casi simult\u00e1nea, se produjo un <strong>tercer foco en calle 13 entre 46 y 48<\/strong>, donde una chispa de una parrilla habr\u00eda dado inicio a un incendio que afect\u00f3 el quincho de una vivienda. En esta \u00faltima intervenci\u00f3n actu\u00f3 el m\u00f3vil 39 bajo el mando del oficial Martinelli.<\/p>\n\n\n\n<p>Desde Protecci\u00f3n Civil se confirm\u00f3 que <strong>no hubo personas heridas<\/strong>, aunque se registraron <strong>da\u00f1os materiales en las estructuras afectadas<\/strong>. Las autoridades aprovecharon la ocasi\u00f3n para recordar a la comunidad la importancia de <strong>extremar las precauciones al manipular fuego en espacios residenciales<\/strong>, especialmente en d\u00edas de altas temperaturas o viento, ya que estas condiciones pueden incrementar el riesgo de siniestros similares.<\/p>\n","protected":false},"excerpt":{"rendered":"<p>Este domingo, el cuerpo de Bomberos Voluntarios, la Polic\u00eda y el \u00e1rea municipal de Protecci\u00f3n Civil estuvieron en constante actividad &#8230; <a title=\"Domingo con m\u00faltiples intervenciones de Bomberos y Protecci\u00f3n Civil por distintos incendios\" class=\"read-more\" href=\"https:\/\/www.hoymercedes.com.ar\/principal\/2026\/01\/20\/domingo-con-multiples-intervenciones-de-bomberos-y-proteccion-civil-por-distintos-incendios\/\" aria-label=\"Leer m\u00e1s sobre Domingo con m\u00faltiples intervenciones de Bomberos y Protecci\u00f3n Civil por distintos incendios\">Leer m\u00e1s<\/a><\/p>\n","protected":false},"author":1,"featured_media":138178,"comment_status":"closed","ping_status":"open","sticky":false,"template":"","format":"standard","meta":{"_monsterinsights_skip_tracking":false,"_monsterinsights_sitenote_active":false,"_monsterinsights_sitenote_note":"","_monsterinsights_sitenote_category":0,"jetpack_post_was_ever_published":false,"_jetpack_newsletter_access":"","_jetpack_dont_email_post_to_subs":false,"_jetpack_newsletter_tier_id":0,"_jetpack_memberships_contains_paywalled_content":false,"_jetpack_memberships_contains_paid_content":false,"footnotes":"","jetpack_publicize_message":"","jetpack_publicize_feature_enabled":true,"jetpack_social_post_already_shared":true,"jetpack_social_options":{"image_generator_settings":{"template":"highway","default_image_id":0,"font":"","enabled":false},"version":2},"_wpas_customize_per_network":false},"categories":[8],"tags":[],"class_list":["post-191081","post","type-post","status-publish","format-standard","has-post-thumbnail","hentry","category-sociedad","generate-columns","tablet-grid-50","mobile-grid-100","grid-parent","grid-50"],"jetpack_publicize_connections":[],"jetpack_featured_media_url":"https:\/\/www.hoymercedes.com.ar\/principal\/wp-content\/uploads\/2021\/10\/bomberos-magromer.jpg","wps_subtitle":"","jetpack_sharing_enabled":true,"_links":{"self":[{"href":"https:\/\/www.hoymercedes.com.ar\/principal\/wp-json\/wp\/v2\/posts\/191081","targetHints":{"allow":["GET"]}}],"collection":[{"href":"https:\/\/www.hoymercedes.com.ar\/principal\/wp-json\/wp\/v2\/posts"}],"about":[{"href":"https:\/\/www.hoymercedes.com.ar\/principal\/wp-json\/wp\/v2\/types\/post"}],"author":[{"embeddable":true,"href":"https:\/\/www.hoymercedes.com.ar\/principal\/wp-json\/wp\/v2\/users\/1"}],"replies":[{"embeddable":true,"href":"https:\/\/www.hoymercedes.com.ar\/principal\/wp-json\/wp\/v2\/comments?post=191081"}],"version-history":[{"count":1,"href":"https:\/\/www.hoymercedes.com.ar\/principal\/wp-json\/wp\/v2\/posts\/191081\/revisions"}],"predecessor-version":[{"id":191082,"href":"https:\/\/www.hoymercedes.com.ar\/principal\/wp-json\/wp\/v2\/posts\/191081\/revisions\/191082"}],"wp:featuredmedia":[{"embeddable":true,"href":"https:\/\/www.hoymercedes.com.ar\/principal\/wp-json\/wp\/v2\/media\/138178"}],"wp:attachment":[{"href":"https:\/\/www.hoymercedes.com.ar\/principal\/wp-json\/wp\/v2\/media?parent=191081"}],"wp:term":[{"taxonomy":"category","embeddable":true,"href":"https:\/\/www.hoymercedes.com.ar\/principal\/wp-json\/wp\/v2\/categories?post=191081"},{"taxonomy":"post_tag","embeddable":true,"href":"https:\/\/www.hoymercedes.com.ar\/principal\/wp-json\/wp\/v2\/tags?post=191081"}],"curies":[{"name":"wp","href":"https:\/\/api.w.org\/{rel}","templated":true}]}}