{"id":191083,"date":"2026-01-20T15:48:00","date_gmt":"2026-01-20T18:48:00","guid":{"rendered":"https:\/\/www.hoymercedes.com.ar\/principal\/?p=191083"},"modified":"2026-01-19T21:51:04","modified_gmt":"2026-01-20T00:51:04","slug":"internos-de-la-unidad-penal-5-reparan-una-camioneta-perteneciente-al-municipio","status":"publish","type":"post","link":"https:\/\/www.hoymercedes.com.ar\/principal\/2026\/01\/20\/internos-de-la-unidad-penal-5-reparan-una-camioneta-perteneciente-al-municipio\/","title":{"rendered":"Internos de la Unidad Penal 5 reparan una camioneta perteneciente al municipio"},"content":{"rendered":"\n<p>En un esfuerzo por promover la <strong>reinserci\u00f3n social y fomentar la capacitaci\u00f3n laboral entre personas privadas de libertad<\/strong>, internos alojados en la <strong>Unidad Penal N\u00b0 5 de Mercedes<\/strong> llevaron a cabo la <strong>reparaci\u00f3n completa de una camioneta que pertenece a la Secretar\u00eda de Seguridad municipal<\/strong>.<\/p>\n\n\n\n<figure class=\"wp-block-image size-full\"><img loading=\"lazy\" decoding=\"async\" width=\"720\" height=\"402\" data-attachment-id=\"191084\" data-permalink=\"https:\/\/www.hoymercedes.com.ar\/principal\/2026\/01\/20\/internos-de-la-unidad-penal-5-reparan-una-camioneta-perteneciente-al-municipio\/img_20260114_143206\/#main\" data-orig-file=\"https:\/\/www.hoymercedes.com.ar\/principal\/wp-content\/uploads\/2026\/01\/IMG_20260114_143206.jpg\" data-orig-size=\"720,402\" data-comments-opened=\"0\" data-image-meta=\"{&quot;aperture&quot;:&quot;0&quot;,&quot;credit&quot;:&quot;&quot;,&quot;camera&quot;:&quot;&quot;,&quot;caption&quot;:&quot;&quot;,&quot;created_timestamp&quot;:&quot;0&quot;,&quot;copyright&quot;:&quot;&quot;,&quot;focal_length&quot;:&quot;0&quot;,&quot;iso&quot;:&quot;0&quot;,&quot;shutter_speed&quot;:&quot;0&quot;,&quot;title&quot;:&quot;&quot;,&quot;orientation&quot;:&quot;0&quot;}\" data-image-title=\"IMG_20260114_143206\" data-image-description=\"\" data-image-caption=\"\" data-large-file=\"https:\/\/www.hoymercedes.com.ar\/principal\/wp-content\/uploads\/2026\/01\/IMG_20260114_143206.jpg\" src=\"https:\/\/www.hoymercedes.com.ar\/principal\/wp-content\/uploads\/2026\/01\/IMG_20260114_143206.jpg\" alt=\"\" class=\"wp-image-191084\" srcset=\"https:\/\/www.hoymercedes.com.ar\/principal\/wp-content\/uploads\/2026\/01\/IMG_20260114_143206.jpg 720w, https:\/\/www.hoymercedes.com.ar\/principal\/wp-content\/uploads\/2026\/01\/IMG_20260114_143206-630x352.jpg 630w, https:\/\/www.hoymercedes.com.ar\/principal\/wp-content\/uploads\/2026\/01\/IMG_20260114_143206-150x84.jpg 150w\" sizes=\"auto, (max-width: 720px) 100vw, 720px\" \/><\/figure>\n\n\n\n<p>El veh\u00edculo, que se encontraba fuera de servicio por problemas mec\u00e1nicos, fue arreglado por los internos en el marco de un <strong>convenio vigente entre el Ministerio de Justicia de la Provincia de Buenos Aires y la Municipalidad de Mercedes<\/strong>. Este acuerdo permite que los detenidos adquieran habilidades pr\u00e1cticas mientras contribuyen al mantenimiento de la flota de veh\u00edculos utilizada para tareas de prevenci\u00f3n y patrullaje.<\/p>\n\n\n\n<p>Desde el \u00e1rea de Seguridad de la comuna destacaron que este tipo de acciones no solo representa <strong>un ahorro de recursos para el municipio<\/strong>, sino que tambi\u00e9n <strong>favorece el proceso de rehabilitaci\u00f3n de los internos<\/strong>, al brindarles formaci\u00f3n t\u00e9cnica y experiencias laborales que pueden ser \u00fatiles una vez que recuperen su libertad.<\/p>\n\n\n\n<p>Con la camioneta ya en condiciones, el veh\u00edculo fue <strong>reincluido de inmediato en las actividades habituales del \u00e1rea de Seguridad<\/strong>, demostrando c\u00f3mo estas articulaciones institucionales pueden tener un impacto directo en el servicio a la comunidad.<\/p>\n","protected":false},"excerpt":{"rendered":"<p>En un esfuerzo por promover la reinserci\u00f3n social y fomentar la capacitaci\u00f3n laboral entre personas privadas de libertad, internos alojados &#8230; <a title=\"Internos de la Unidad Penal 5 reparan una camioneta perteneciente al municipio\" class=\"read-more\" href=\"https:\/\/www.hoymercedes.com.ar\/principal\/2026\/01\/20\/internos-de-la-unidad-penal-5-reparan-una-camioneta-perteneciente-al-municipio\/\" aria-label=\"Leer m\u00e1s sobre Internos de la Unidad Penal 5 reparan una camioneta perteneciente al municipio\">Leer m\u00e1s<\/a><\/p>\n","protected":false},"author":1,"featured_media":191084,"comment_status":"closed","ping_status":"open","sticky":false,"template":"","format":"standard","meta":{"_monsterinsights_skip_tracking":false,"_monsterinsights_sitenote_active":false,"_monsterinsights_sitenote_note":"","_monsterinsights_sitenote_category":0,"jetpack_post_was_ever_published":false,"_jetpack_newsletter_access":"","_jetpack_dont_email_post_to_subs":false,"_jetpack_newsletter_tier_id":0,"_jetpack_memberships_contains_paywalled_content":false,"_jetpack_memberships_contains_paid_content":false,"footnotes":"","jetpack_publicize_message":"","jetpack_publicize_feature_enabled":true,"jetpack_social_post_already_shared":true,"jetpack_social_options":{"image_generator_settings":{"template":"highway","default_image_id":0,"font":"","enabled":false},"version":2},"_wpas_customize_per_network":false},"categories":[8],"tags":[],"class_list":["post-191083","post","type-post","status-publish","format-standard","has-post-thumbnail","hentry","category-sociedad","generate-columns","tablet-grid-50","mobile-grid-100","grid-parent","grid-50"],"jetpack_publicize_connections":[],"jetpack_featured_media_url":"https:\/\/www.hoymercedes.com.ar\/principal\/wp-content\/uploads\/2026\/01\/IMG_20260114_143206.jpg","wps_subtitle":"","jetpack_sharing_enabled":true,"_links":{"self":[{"href":"https:\/\/www.hoymercedes.com.ar\/principal\/wp-json\/wp\/v2\/posts\/191083","targetHints":{"allow":["GET"]}}],"collection":[{"href":"https:\/\/www.hoymercedes.com.ar\/principal\/wp-json\/wp\/v2\/posts"}],"about":[{"href":"https:\/\/www.hoymercedes.com.ar\/principal\/wp-json\/wp\/v2\/types\/post"}],"author":[{"embeddable":true,"href":"https:\/\/www.hoymercedes.com.ar\/principal\/wp-json\/wp\/v2\/users\/1"}],"replies":[{"embeddable":true,"href":"https:\/\/www.hoymercedes.com.ar\/principal\/wp-json\/wp\/v2\/comments?post=191083"}],"version-history":[{"count":1,"href":"https:\/\/www.hoymercedes.com.ar\/principal\/wp-json\/wp\/v2\/posts\/191083\/revisions"}],"predecessor-version":[{"id":191085,"href":"https:\/\/www.hoymercedes.com.ar\/principal\/wp-json\/wp\/v2\/posts\/191083\/revisions\/191085"}],"wp:featuredmedia":[{"embeddable":true,"href":"https:\/\/www.hoymercedes.com.ar\/principal\/wp-json\/wp\/v2\/media\/191084"}],"wp:attachment":[{"href":"https:\/\/www.hoymercedes.com.ar\/principal\/wp-json\/wp\/v2\/media?parent=191083"}],"wp:term":[{"taxonomy":"category","embeddable":true,"href":"https:\/\/www.hoymercedes.com.ar\/principal\/wp-json\/wp\/v2\/categories?post=191083"},{"taxonomy":"post_tag","embeddable":true,"href":"https:\/\/www.hoymercedes.com.ar\/principal\/wp-json\/wp\/v2\/tags?post=191083"}],"curies":[{"name":"wp","href":"https:\/\/api.w.org\/{rel}","templated":true}]}}