{"id":191086,"date":"2026-01-21T09:12:00","date_gmt":"2026-01-21T12:12:00","guid":{"rendered":"https:\/\/www.hoymercedes.com.ar\/principal\/?p=191086"},"modified":"2026-01-19T22:15:34","modified_gmt":"2026-01-20T01:15:34","slug":"la-asociacion-medica-de-mercedes-abre-las-inscripciones-para-el-instituto-superior-femeba","status":"publish","type":"post","link":"https:\/\/www.hoymercedes.com.ar\/principal\/2026\/01\/21\/la-asociacion-medica-de-mercedes-abre-las-inscripciones-para-el-instituto-superior-femeba\/","title":{"rendered":"La Asociaci\u00f3n M\u00e9dica de Mercedes abre las inscripciones para el Instituto Superior FEMEBA"},"content":{"rendered":"\n<p>La <strong>Asociaci\u00f3n M\u00e9dica de Mercedes<\/strong> anunci\u00f3 que ya est\u00e1n disponibles las <strong>inscripciones para el ciclo 2026<\/strong> del <strong>Instituto Superior FEMEBA (ISF)<\/strong>, una opci\u00f3n de formaci\u00f3n para quienes buscan desarrollarse en el campo de la salud.<\/p>\n\n\n\n<figure class=\"wp-block-image size-full\"><img loading=\"lazy\" decoding=\"async\" width=\"640\" height=\"262\" data-attachment-id=\"191087\" data-permalink=\"https:\/\/www.hoymercedes.com.ar\/principal\/2026\/01\/21\/la-asociacion-medica-de-mercedes-abre-las-inscripciones-para-el-instituto-superior-femeba\/asociacion-medica-mercedes\/#main\" data-orig-file=\"https:\/\/www.hoymercedes.com.ar\/principal\/wp-content\/uploads\/2026\/01\/Asociacion-Medica-Mercedes.jpg\" data-orig-size=\"640,262\" data-comments-opened=\"0\" data-image-meta=\"{&quot;aperture&quot;:&quot;0&quot;,&quot;credit&quot;:&quot;&quot;,&quot;camera&quot;:&quot;&quot;,&quot;caption&quot;:&quot;&quot;,&quot;created_timestamp&quot;:&quot;0&quot;,&quot;copyright&quot;:&quot;&quot;,&quot;focal_length&quot;:&quot;0&quot;,&quot;iso&quot;:&quot;0&quot;,&quot;shutter_speed&quot;:&quot;0&quot;,&quot;title&quot;:&quot;&quot;,&quot;orientation&quot;:&quot;0&quot;}\" data-image-title=\"Asociacion Medica Mercedes\" data-image-description=\"\" data-image-caption=\"\" data-large-file=\"https:\/\/www.hoymercedes.com.ar\/principal\/wp-content\/uploads\/2026\/01\/Asociacion-Medica-Mercedes.jpg\" src=\"https:\/\/www.hoymercedes.com.ar\/principal\/wp-content\/uploads\/2026\/01\/Asociacion-Medica-Mercedes.jpg\" alt=\"\" class=\"wp-image-191087\" srcset=\"https:\/\/www.hoymercedes.com.ar\/principal\/wp-content\/uploads\/2026\/01\/Asociacion-Medica-Mercedes.jpg 640w, https:\/\/www.hoymercedes.com.ar\/principal\/wp-content\/uploads\/2026\/01\/Asociacion-Medica-Mercedes-630x258.jpg 630w, https:\/\/www.hoymercedes.com.ar\/principal\/wp-content\/uploads\/2026\/01\/Asociacion-Medica-Mercedes-150x61.jpg 150w\" sizes=\"auto, (max-width: 640px) 100vw, 640px\" \/><\/figure>\n\n\n\n<p>La oferta educativa del instituto incluye <strong>tecnicaturas superiores<\/strong>, como Enfermer\u00eda y Emergencias de Salud, as\u00ed como <strong>especializaciones de posgrado<\/strong> en \u00e1reas como Neonatolog\u00eda, Cuidados Cr\u00edticos y Urgencias, Emergencias y Cat\u00e1strofes.<\/p>\n\n\n\n<p>Desde la entidad destacaron que los programas est\u00e1n dise\u00f1ados con una <strong>orientaci\u00f3n pr\u00e1ctica y simulada<\/strong>, respaldados por un cuerpo docente especializado, y que las titulaciones que se obtengan tendr\u00e1n <strong>validez nacional<\/strong>.<\/p>\n\n\n\n<p>Quienes quieran conocer los <strong>requisitos, planes de estudio o aranceles<\/strong> pueden comunicarse a trav\u00e9s de los canales oficiales del instituto, incluyendo el n\u00famero de WhatsApp y las cuentas de Instagram de la Asociaci\u00f3n M\u00e9dica y del Instituto Superior FEMEBA.<\/p>\n\n\n\n<p>Este llamado se dirige tanto a personas que desean iniciar su carrera en el sector sanitario como a profesionales que buscan <strong>ampliar sus competencias<\/strong> o especializarse en \u00e1reas espec\u00edficas de la salud.<\/p>\n","protected":false},"excerpt":{"rendered":"<p>La Asociaci\u00f3n M\u00e9dica de Mercedes anunci\u00f3 que ya est\u00e1n disponibles las inscripciones para el ciclo 2026 del Instituto Superior FEMEBA &#8230; <a title=\"La Asociaci\u00f3n M\u00e9dica de Mercedes abre las inscripciones para el Instituto Superior FEMEBA\" class=\"read-more\" href=\"https:\/\/www.hoymercedes.com.ar\/principal\/2026\/01\/21\/la-asociacion-medica-de-mercedes-abre-las-inscripciones-para-el-instituto-superior-femeba\/\" aria-label=\"Leer m\u00e1s sobre La Asociaci\u00f3n M\u00e9dica de Mercedes abre las inscripciones para el Instituto Superior FEMEBA\">Leer m\u00e1s<\/a><\/p>\n","protected":false},"author":1,"featured_media":191087,"comment_status":"closed","ping_status":"open","sticky":false,"template":"","format":"standard","meta":{"_monsterinsights_skip_tracking":false,"_monsterinsights_sitenote_active":false,"_monsterinsights_sitenote_note":"","_monsterinsights_sitenote_category":0,"jetpack_post_was_ever_published":false,"_jetpack_newsletter_access":"","_jetpack_dont_email_post_to_subs":false,"_jetpack_newsletter_tier_id":0,"_jetpack_memberships_contains_paywalled_content":false,"_jetpack_memberships_contains_paid_content":false,"footnotes":"","jetpack_publicize_message":"","jetpack_publicize_feature_enabled":true,"jetpack_social_post_already_shared":true,"jetpack_social_options":{"image_generator_settings":{"template":"highway","default_image_id":0,"font":"","enabled":false},"version":2},"_wpas_customize_per_network":false},"categories":[8],"tags":[],"class_list":["post-191086","post","type-post","status-publish","format-standard","has-post-thumbnail","hentry","category-sociedad","generate-columns","tablet-grid-50","mobile-grid-100","grid-parent","grid-50"],"jetpack_publicize_connections":[],"jetpack_featured_media_url":"https:\/\/www.hoymercedes.com.ar\/principal\/wp-content\/uploads\/2026\/01\/Asociacion-Medica-Mercedes.jpg","wps_subtitle":"","jetpack_sharing_enabled":true,"_links":{"self":[{"href":"https:\/\/www.hoymercedes.com.ar\/principal\/wp-json\/wp\/v2\/posts\/191086","targetHints":{"allow":["GET"]}}],"collection":[{"href":"https:\/\/www.hoymercedes.com.ar\/principal\/wp-json\/wp\/v2\/posts"}],"about":[{"href":"https:\/\/www.hoymercedes.com.ar\/principal\/wp-json\/wp\/v2\/types\/post"}],"author":[{"embeddable":true,"href":"https:\/\/www.hoymercedes.com.ar\/principal\/wp-json\/wp\/v2\/users\/1"}],"replies":[{"embeddable":true,"href":"https:\/\/www.hoymercedes.com.ar\/principal\/wp-json\/wp\/v2\/comments?post=191086"}],"version-history":[{"count":1,"href":"https:\/\/www.hoymercedes.com.ar\/principal\/wp-json\/wp\/v2\/posts\/191086\/revisions"}],"predecessor-version":[{"id":191088,"href":"https:\/\/www.hoymercedes.com.ar\/principal\/wp-json\/wp\/v2\/posts\/191086\/revisions\/191088"}],"wp:featuredmedia":[{"embeddable":true,"href":"https:\/\/www.hoymercedes.com.ar\/principal\/wp-json\/wp\/v2\/media\/191087"}],"wp:attachment":[{"href":"https:\/\/www.hoymercedes.com.ar\/principal\/wp-json\/wp\/v2\/media?parent=191086"}],"wp:term":[{"taxonomy":"category","embeddable":true,"href":"https:\/\/www.hoymercedes.com.ar\/principal\/wp-json\/wp\/v2\/categories?post=191086"},{"taxonomy":"post_tag","embeddable":true,"href":"https:\/\/www.hoymercedes.com.ar\/principal\/wp-json\/wp\/v2\/tags?post=191086"}],"curies":[{"name":"wp","href":"https:\/\/api.w.org\/{rel}","templated":true}]}}