{"id":191098,"date":"2026-01-21T10:31:00","date_gmt":"2026-01-21T13:31:00","guid":{"rendered":"https:\/\/www.hoymercedes.com.ar\/principal\/?p=191098"},"modified":"2026-01-19T22:34:42","modified_gmt":"2026-01-20T01:34:42","slug":"se-realizara-una-jornada-de-salud-integral-para-chicos-que-comienzan-primer-grado","status":"publish","type":"post","link":"https:\/\/www.hoymercedes.com.ar\/principal\/2026\/01\/21\/se-realizara-una-jornada-de-salud-integral-para-chicos-que-comienzan-primer-grado\/","title":{"rendered":"Se realizar\u00e1 una jornada de salud integral para chicos que comienzan primer grado"},"content":{"rendered":"\n<p>Con el objetivo de <strong>asegurar que los ni\u00f1os y ni\u00f1as que inician la escuela primaria cuenten con todos los controles m\u00e9dicos necesarios<\/strong>, la Municipalidad de Mercedes anunci\u00f3 una <strong>jornada de salud integral para ni\u00f1os de 5 y 6 a\u00f1os<\/strong> que se aproxima al inicio del ciclo lectivo.<\/p>\n\n\n\n<figure class=\"wp-block-image size-full\"><img loading=\"lazy\" decoding=\"async\" width=\"750\" height=\"500\" data-attachment-id=\"191099\" data-permalink=\"https:\/\/www.hoymercedes.com.ar\/principal\/2026\/01\/21\/se-realizara-una-jornada-de-salud-integral-para-chicos-que-comienzan-primer-grado\/caps-mercedes\/#main\" data-orig-file=\"https:\/\/www.hoymercedes.com.ar\/principal\/wp-content\/uploads\/2026\/01\/CAPS-MERCEDES.jpg\" data-orig-size=\"750,500\" data-comments-opened=\"0\" data-image-meta=\"{&quot;aperture&quot;:&quot;0&quot;,&quot;credit&quot;:&quot;&quot;,&quot;camera&quot;:&quot;&quot;,&quot;caption&quot;:&quot;&quot;,&quot;created_timestamp&quot;:&quot;0&quot;,&quot;copyright&quot;:&quot;&quot;,&quot;focal_length&quot;:&quot;0&quot;,&quot;iso&quot;:&quot;0&quot;,&quot;shutter_speed&quot;:&quot;0&quot;,&quot;title&quot;:&quot;&quot;,&quot;orientation&quot;:&quot;0&quot;}\" data-image-title=\"CAPS MERCEDES\" data-image-description=\"\" data-image-caption=\"\" data-large-file=\"https:\/\/www.hoymercedes.com.ar\/principal\/wp-content\/uploads\/2026\/01\/CAPS-MERCEDES.jpg\" src=\"https:\/\/www.hoymercedes.com.ar\/principal\/wp-content\/uploads\/2026\/01\/CAPS-MERCEDES.jpg\" alt=\"\" class=\"wp-image-191099\" srcset=\"https:\/\/www.hoymercedes.com.ar\/principal\/wp-content\/uploads\/2026\/01\/CAPS-MERCEDES.jpg 750w, https:\/\/www.hoymercedes.com.ar\/principal\/wp-content\/uploads\/2026\/01\/CAPS-MERCEDES-630x420.jpg 630w, https:\/\/www.hoymercedes.com.ar\/principal\/wp-content\/uploads\/2026\/01\/CAPS-MERCEDES-150x100.jpg 150w\" sizes=\"auto, (max-width: 750px) 100vw, 750px\" \/><\/figure>\n\n\n\n<p>La actividad forma parte de las acciones del programa <strong>\u201cPrimeros 1000 D\u00edas\u201d<\/strong> y fue organizada para facilitar a las familias el acceso a evaluaciones m\u00e9dicas y al calendario de vacunas obligatorio antes de comenzar las clases.<\/p>\n\n\n\n<p>El operativo se llevar\u00e1 a cabo <strong>el jueves 22 de enero en el CAPS ubicado en Avenida 2 y Calle 5<\/strong>, entre las <strong>08:30 y las 11:00 hs<\/strong>, y ofrecer\u00e1 distintos tipos de atenci\u00f3n sanitaria sin turno previo, aunque con cupos limitados.<\/p>\n\n\n\n<p>Todos los asistentes deber\u00e1n concurrir con la <strong>libreta sanitaria del ni\u00f1o o ni\u00f1a<\/strong>, ya que all\u00ed se registrar\u00e1n los controles realizados y las dosis aplicadas, lo cual es exigido para tramitar el <strong>certificado de salud escolar<\/strong> requerido por las escuelas.<\/p>\n\n\n\n<p>Esta propuesta busca <strong>acercar los servicios de salud a la comunidad<\/strong> y fortalecer la prevenci\u00f3n, contribuyendo a que los alumnos entren al sistema educativo con los chequeos completos y al d\u00eda.<\/p>\n","protected":false},"excerpt":{"rendered":"<p>Con el objetivo de asegurar que los ni\u00f1os y ni\u00f1as que inician la escuela primaria cuenten con todos los controles &#8230; <a title=\"Se realizar\u00e1 una jornada de salud integral para chicos que comienzan primer grado\" class=\"read-more\" href=\"https:\/\/www.hoymercedes.com.ar\/principal\/2026\/01\/21\/se-realizara-una-jornada-de-salud-integral-para-chicos-que-comienzan-primer-grado\/\" aria-label=\"Leer m\u00e1s sobre Se realizar\u00e1 una jornada de salud integral para chicos que comienzan primer grado\">Leer m\u00e1s<\/a><\/p>\n","protected":false},"author":1,"featured_media":191099,"comment_status":"closed","ping_status":"open","sticky":false,"template":"","format":"standard","meta":{"_monsterinsights_skip_tracking":false,"_monsterinsights_sitenote_active":false,"_monsterinsights_sitenote_note":"","_monsterinsights_sitenote_category":0,"jetpack_post_was_ever_published":false,"_jetpack_newsletter_access":"","_jetpack_dont_email_post_to_subs":false,"_jetpack_newsletter_tier_id":0,"_jetpack_memberships_contains_paywalled_content":false,"_jetpack_memberships_contains_paid_content":false,"footnotes":"","jetpack_publicize_message":"","jetpack_publicize_feature_enabled":true,"jetpack_social_post_already_shared":true,"jetpack_social_options":{"image_generator_settings":{"template":"highway","default_image_id":0,"font":"","enabled":false},"version":2},"_wpas_customize_per_network":false},"categories":[8],"tags":[],"class_list":["post-191098","post","type-post","status-publish","format-standard","has-post-thumbnail","hentry","category-sociedad","generate-columns","tablet-grid-50","mobile-grid-100","grid-parent","grid-50"],"jetpack_publicize_connections":[],"jetpack_featured_media_url":"https:\/\/www.hoymercedes.com.ar\/principal\/wp-content\/uploads\/2026\/01\/CAPS-MERCEDES.jpg","wps_subtitle":"","jetpack_sharing_enabled":true,"_links":{"self":[{"href":"https:\/\/www.hoymercedes.com.ar\/principal\/wp-json\/wp\/v2\/posts\/191098","targetHints":{"allow":["GET"]}}],"collection":[{"href":"https:\/\/www.hoymercedes.com.ar\/principal\/wp-json\/wp\/v2\/posts"}],"about":[{"href":"https:\/\/www.hoymercedes.com.ar\/principal\/wp-json\/wp\/v2\/types\/post"}],"author":[{"embeddable":true,"href":"https:\/\/www.hoymercedes.com.ar\/principal\/wp-json\/wp\/v2\/users\/1"}],"replies":[{"embeddable":true,"href":"https:\/\/www.hoymercedes.com.ar\/principal\/wp-json\/wp\/v2\/comments?post=191098"}],"version-history":[{"count":1,"href":"https:\/\/www.hoymercedes.com.ar\/principal\/wp-json\/wp\/v2\/posts\/191098\/revisions"}],"predecessor-version":[{"id":191100,"href":"https:\/\/www.hoymercedes.com.ar\/principal\/wp-json\/wp\/v2\/posts\/191098\/revisions\/191100"}],"wp:featuredmedia":[{"embeddable":true,"href":"https:\/\/www.hoymercedes.com.ar\/principal\/wp-json\/wp\/v2\/media\/191099"}],"wp:attachment":[{"href":"https:\/\/www.hoymercedes.com.ar\/principal\/wp-json\/wp\/v2\/media?parent=191098"}],"wp:term":[{"taxonomy":"category","embeddable":true,"href":"https:\/\/www.hoymercedes.com.ar\/principal\/wp-json\/wp\/v2\/categories?post=191098"},{"taxonomy":"post_tag","embeddable":true,"href":"https:\/\/www.hoymercedes.com.ar\/principal\/wp-json\/wp\/v2\/tags?post=191098"}],"curies":[{"name":"wp","href":"https:\/\/api.w.org\/{rel}","templated":true}]}}