{"id":191126,"date":"2026-01-22T01:33:04","date_gmt":"2026-01-22T04:33:04","guid":{"rendered":"https:\/\/www.hoymercedes.com.ar\/principal\/?p=191126"},"modified":"2026-01-22T01:33:07","modified_gmt":"2026-01-22T04:33:07","slug":"murio-raul-gulglielminetti-agente-de-inteligencia-torturador-e-infiltrado-en-el-gobierno-de-alfonsin","status":"publish","type":"post","link":"https:\/\/www.hoymercedes.com.ar\/principal\/2026\/01\/22\/murio-raul-gulglielminetti-agente-de-inteligencia-torturador-e-infiltrado-en-el-gobierno-de-alfonsin\/","title":{"rendered":"Muri\u00f3 Ra\u00fal Gulglielminetti, agente de inteligencia, torturador e infiltrado en el gobierno de Alfons\u00edn"},"content":{"rendered":"\n<figure class=\"wp-block-image size-full is-resized\"><img loading=\"lazy\" decoding=\"async\" width=\"992\" height=\"557\" data-attachment-id=\"191128\" data-permalink=\"https:\/\/www.hoymercedes.com.ar\/principal\/2026\/01\/22\/murio-raul-gulglielminetti-agente-de-inteligencia-torturador-e-infiltrado-en-el-gobierno-de-alfonsin\/raulgulglialminetti\/#main\" data-orig-file=\"https:\/\/www.hoymercedes.com.ar\/principal\/wp-content\/uploads\/2026\/01\/RaulGulglialminetti.jpg\" data-orig-size=\"992,557\" data-comments-opened=\"0\" data-image-meta=\"{&quot;aperture&quot;:&quot;0&quot;,&quot;credit&quot;:&quot;&quot;,&quot;camera&quot;:&quot;&quot;,&quot;caption&quot;:&quot;&quot;,&quot;created_timestamp&quot;:&quot;0&quot;,&quot;copyright&quot;:&quot;&quot;,&quot;focal_length&quot;:&quot;0&quot;,&quot;iso&quot;:&quot;0&quot;,&quot;shutter_speed&quot;:&quot;0&quot;,&quot;title&quot;:&quot;&quot;,&quot;orientation&quot;:&quot;0&quot;}\" data-image-title=\"RaulGulglialminetti\" data-image-description=\"&lt;p&gt;Ra\u00fal Gulglialminetti&lt;\/p&gt;\n\" data-image-caption=\"\" data-large-file=\"https:\/\/www.hoymercedes.com.ar\/principal\/wp-content\/uploads\/2026\/01\/RaulGulglialminetti.jpg\" src=\"https:\/\/www.hoymercedes.com.ar\/principal\/wp-content\/uploads\/2026\/01\/RaulGulglialminetti.jpg\" alt=\"\" class=\"wp-image-191128\" style=\"aspect-ratio:1.7809915870837754;width:1218px;height:auto\" srcset=\"https:\/\/www.hoymercedes.com.ar\/principal\/wp-content\/uploads\/2026\/01\/RaulGulglialminetti.jpg 992w, https:\/\/www.hoymercedes.com.ar\/principal\/wp-content\/uploads\/2026\/01\/RaulGulglialminetti-630x354.jpg 630w, https:\/\/www.hoymercedes.com.ar\/principal\/wp-content\/uploads\/2026\/01\/RaulGulglialminetti-150x84.jpg 150w\" sizes=\"auto, (max-width: 992px) 100vw, 992px\" \/><\/figure>\n\n\n\n<p>El exmiembro de la inteligencia civil y mercedino, Ra\u00fal Gulglialminetti, falleci\u00f3 a los 84 a\u00f1os mientras cumpl\u00eda una condena de dos d\u00e9cadas de c\u00e1rcel. Estaba con prisi\u00f3n domiciliaria en Mercedes. Fue una figura condenara por la justicia. Hace poco hab\u00eda recibido la visita de integrantes de La Libertad Avanza. A los 84 a\u00f1os, el hombre que fue una pieza clave del engranaje represivo civil-militar falleci\u00f3 mientras pesaba sobre \u00e9l una condena de 20 a\u00f1os de prisi\u00f3n por delitos de lesa humanidad.<\/p>\n\n\n\n<h3 class=\"wp-block-heading\">El \u00faltimo esc\u00e1ndalo: la foto en Ezeiza<\/h3>\n\n\n\n<p>Guglielminetti, cuyo nombre parec\u00eda confinado a los libros de historia y los expedientes judiciales, regres\u00f3 al centro del debate p\u00fablico en julio de 2024. Fue uno de los protagonistas de la <strong>controvertida visita<\/strong> que un grupo de diputados nacionales de La Libertad Avanza realiz\u00f3 al penal de Ezeiza.<\/p>\n\n\n\n<p>En la fotograf\u00eda que se filtr\u00f3 de aquel encuentro \u2014y que desat\u00f3 una crisis pol\u00edtica y un repudio social un\u00e1nime\u2014 se lo ve\u00eda posando junto a otros condenados de alto perfil, como Alfredo Astiz. Aquella imagen reaviv\u00f3 los cuestionamientos sobre el trato a los genocidas en la actualidad.<\/p>\n\n\n\n<h3 class=\"wp-block-heading\">S\u00edmbolo del Plan C\u00f3ndor<\/h3>\n\n\n\n<p>M\u00e1s all\u00e1 de su reciente exposici\u00f3n medi\u00e1tica, la trayectoria de Guglielminetti est\u00e1 marcada por el horror de <strong>Automotores Orletti<\/strong>. En ese taller convertido en centro clandestino de detenci\u00f3n, actu\u00f3 como un nexo fundamental del <strong>Plan C\u00f3ndor<\/strong>, el sistema de coordinaci\u00f3n represiva entre las dictaduras del Cono Sur.<\/p>\n\n\n\n<p>Bajo su influencia, Orletti se transform\u00f3 en una base de operaciones transnacional donde militantes argentinos y extranjeros fueron secuestrados, torturados y desaparecidos. Su fallecimiento cierra un cap\u00edtulo judicial, aunque la Justicia a\u00fan realiza las diligencias correspondientes en el lugar de su muerte para cumplimentar los pasos legales de rigor<\/p>\n\n\n\n<figure class=\"wp-block-image size-full is-resized\"><img loading=\"lazy\" decoding=\"async\" width=\"992\" height=\"558\" data-attachment-id=\"191127\" data-permalink=\"https:\/\/www.hoymercedes.com.ar\/principal\/2026\/01\/22\/murio-raul-gulglielminetti-agente-de-inteligencia-torturador-e-infiltrado-en-el-gobierno-de-alfonsin\/infiltrado-gobiernodealfonsin-2\/#main\" data-orig-file=\"https:\/\/www.hoymercedes.com.ar\/principal\/wp-content\/uploads\/2026\/01\/Infiltrado-GobiernodeAlfonsin-2.jpg\" data-orig-size=\"992,558\" data-comments-opened=\"0\" data-image-meta=\"{&quot;aperture&quot;:&quot;0&quot;,&quot;credit&quot;:&quot;&quot;,&quot;camera&quot;:&quot;&quot;,&quot;caption&quot;:&quot;&quot;,&quot;created_timestamp&quot;:&quot;0&quot;,&quot;copyright&quot;:&quot;&quot;,&quot;focal_length&quot;:&quot;0&quot;,&quot;iso&quot;:&quot;0&quot;,&quot;shutter_speed&quot;:&quot;0&quot;,&quot;title&quot;:&quot;&quot;,&quot;orientation&quot;:&quot;0&quot;}\" data-image-title=\"Infiltrado-GobiernodeAlfonsin-2\" data-image-description=\"\" data-image-caption=\"\" data-large-file=\"https:\/\/www.hoymercedes.com.ar\/principal\/wp-content\/uploads\/2026\/01\/Infiltrado-GobiernodeAlfonsin-2.jpg\" src=\"https:\/\/www.hoymercedes.com.ar\/principal\/wp-content\/uploads\/2026\/01\/Infiltrado-GobiernodeAlfonsin-2.jpg\" alt=\"\" class=\"wp-image-191127\" style=\"aspect-ratio:1.7777885033404015;width:1274px;height:auto\" srcset=\"https:\/\/www.hoymercedes.com.ar\/principal\/wp-content\/uploads\/2026\/01\/Infiltrado-GobiernodeAlfonsin-2.jpg 992w, https:\/\/www.hoymercedes.com.ar\/principal\/wp-content\/uploads\/2026\/01\/Infiltrado-GobiernodeAlfonsin-2-630x354.jpg 630w, https:\/\/www.hoymercedes.com.ar\/principal\/wp-content\/uploads\/2026\/01\/Infiltrado-GobiernodeAlfonsin-2-150x84.jpg 150w\" sizes=\"auto, (max-width: 992px) 100vw, 992px\" \/><\/figure>\n\n\n\n<p>Foto: infiltrado en el gobierno de Alfons\u00edn. Fuente: <a href=\"https:\/\/www.infobae.com\/sociedad\/2019\/03\/17\/la-verdadera-historia-de-raul-guglielminetti-el-agente-de-inteligencia-y-torturador-infiltrado-en-el-gobierno-de-alfonsin\/?gad_source=1&amp;gad_campaignid=20993778607&amp;gclid=CjwKCAiAj8LLBhAkEiwAJjbY79hsZjCxL6tNEUX_f_cKpbgDtOJW5ew7pZXySclwVzIOvNVajZdqohoCHNIQAvD_BwE\" target=\"_blank\" rel=\"noopener\">Infobae<\/a><\/p>\n","protected":false},"excerpt":{"rendered":"<p>El exmiembro de la inteligencia civil y mercedino, Ra\u00fal Gulglialminetti, falleci\u00f3 a los 84 a\u00f1os mientras cumpl\u00eda una condena de &#8230; <a title=\"Muri\u00f3 Ra\u00fal Gulglielminetti, agente de inteligencia, torturador e infiltrado en el gobierno de Alfons\u00edn\" class=\"read-more\" href=\"https:\/\/www.hoymercedes.com.ar\/principal\/2026\/01\/22\/murio-raul-gulglielminetti-agente-de-inteligencia-torturador-e-infiltrado-en-el-gobierno-de-alfonsin\/\" aria-label=\"Leer m\u00e1s sobre Muri\u00f3 Ra\u00fal Gulglielminetti, agente de inteligencia, torturador e infiltrado en el gobierno de Alfons\u00edn\">Leer m\u00e1s<\/a><\/p>\n","protected":false},"author":1,"featured_media":191128,"comment_status":"closed","ping_status":"open","sticky":false,"template":"","format":"standard","meta":{"_monsterinsights_skip_tracking":false,"_monsterinsights_sitenote_active":false,"_monsterinsights_sitenote_note":"","_monsterinsights_sitenote_category":0,"jetpack_post_was_ever_published":false,"_jetpack_newsletter_access":"","_jetpack_dont_email_post_to_subs":false,"_jetpack_newsletter_tier_id":0,"_jetpack_memberships_contains_paywalled_content":false,"_jetpack_memberships_contains_paid_content":false,"footnotes":"","jetpack_publicize_message":"","jetpack_publicize_feature_enabled":true,"jetpack_social_post_already_shared":true,"jetpack_social_options":{"image_generator_settings":{"template":"highway","default_image_id":0,"font":"","enabled":false},"version":2},"_wpas_customize_per_network":false},"categories":[8],"tags":[20944,20943],"class_list":["post-191126","post","type-post","status-publish","format-standard","has-post-thumbnail","hentry","category-sociedad","tag-murio-el-represto-raul-gulglialminetti","tag-raul-gulglialminetti","generate-columns","tablet-grid-50","mobile-grid-100","grid-parent","grid-50"],"jetpack_publicize_connections":[],"jetpack_featured_media_url":"https:\/\/www.hoymercedes.com.ar\/principal\/wp-content\/uploads\/2026\/01\/RaulGulglialminetti.jpg","wps_subtitle":"Lesa Humanidad","jetpack_sharing_enabled":true,"_links":{"self":[{"href":"https:\/\/www.hoymercedes.com.ar\/principal\/wp-json\/wp\/v2\/posts\/191126","targetHints":{"allow":["GET"]}}],"collection":[{"href":"https:\/\/www.hoymercedes.com.ar\/principal\/wp-json\/wp\/v2\/posts"}],"about":[{"href":"https:\/\/www.hoymercedes.com.ar\/principal\/wp-json\/wp\/v2\/types\/post"}],"author":[{"embeddable":true,"href":"https:\/\/www.hoymercedes.com.ar\/principal\/wp-json\/wp\/v2\/users\/1"}],"replies":[{"embeddable":true,"href":"https:\/\/www.hoymercedes.com.ar\/principal\/wp-json\/wp\/v2\/comments?post=191126"}],"version-history":[{"count":2,"href":"https:\/\/www.hoymercedes.com.ar\/principal\/wp-json\/wp\/v2\/posts\/191126\/revisions"}],"predecessor-version":[{"id":191130,"href":"https:\/\/www.hoymercedes.com.ar\/principal\/wp-json\/wp\/v2\/posts\/191126\/revisions\/191130"}],"wp:featuredmedia":[{"embeddable":true,"href":"https:\/\/www.hoymercedes.com.ar\/principal\/wp-json\/wp\/v2\/media\/191128"}],"wp:attachment":[{"href":"https:\/\/www.hoymercedes.com.ar\/principal\/wp-json\/wp\/v2\/media?parent=191126"}],"wp:term":[{"taxonomy":"category","embeddable":true,"href":"https:\/\/www.hoymercedes.com.ar\/principal\/wp-json\/wp\/v2\/categories?post=191126"},{"taxonomy":"post_tag","embeddable":true,"href":"https:\/\/www.hoymercedes.com.ar\/principal\/wp-json\/wp\/v2\/tags?post=191126"}],"curies":[{"name":"wp","href":"https:\/\/api.w.org\/{rel}","templated":true}]}}