{"id":191142,"date":"2026-01-23T10:05:00","date_gmt":"2026-01-23T13:05:00","guid":{"rendered":"https:\/\/www.hoymercedes.com.ar\/principal\/?p=191142"},"modified":"2026-01-22T19:06:40","modified_gmt":"2026-01-22T22:06:40","slug":"municipio-firma-el-primer-convenio-de-alumbrado-publico-con-cooperativa-de-franklin","status":"publish","type":"post","link":"https:\/\/www.hoymercedes.com.ar\/principal\/2026\/01\/23\/municipio-firma-el-primer-convenio-de-alumbrado-publico-con-cooperativa-de-franklin\/","title":{"rendered":"Municipio firma el primer convenio de alumbrado p\u00fablico con Cooperativa de Franklin"},"content":{"rendered":"\n<p>Nuevas luminarias, mantenimiento permanente del alumbrado p\u00fablico rural y atenci\u00f3n m\u00e1s \u00e1gil y eficiente: esos son algunos de los beneficios que tendr\u00e1n los vecinos de Franklin y San Jacinto tras la firma, concretada este mi\u00e9rcoles, del primer convenio entre el municipio y la Cooperativa Ltda. de Consumo Popular de Electricidad y Telef\u00f3nica de Franklin.<\/p>\n\n\n\n<figure class=\"wp-block-image size-large\"><img loading=\"lazy\" decoding=\"async\" width=\"1024\" height=\"682\" data-attachment-id=\"191143\" data-permalink=\"https:\/\/www.hoymercedes.com.ar\/principal\/2026\/01\/23\/municipio-firma-el-primer-convenio-de-alumbrado-publico-con-cooperativa-de-franklin\/franklin2\/#main\" data-orig-file=\"https:\/\/www.hoymercedes.com.ar\/principal\/wp-content\/uploads\/2026\/01\/Franklin2.jpeg\" data-orig-size=\"1600,1066\" data-comments-opened=\"0\" data-image-meta=\"{&quot;aperture&quot;:&quot;0&quot;,&quot;credit&quot;:&quot;&quot;,&quot;camera&quot;:&quot;&quot;,&quot;caption&quot;:&quot;&quot;,&quot;created_timestamp&quot;:&quot;0&quot;,&quot;copyright&quot;:&quot;&quot;,&quot;focal_length&quot;:&quot;0&quot;,&quot;iso&quot;:&quot;0&quot;,&quot;shutter_speed&quot;:&quot;0&quot;,&quot;title&quot;:&quot;&quot;,&quot;orientation&quot;:&quot;0&quot;}\" data-image-title=\"Franklin2\" data-image-description=\"\" data-image-caption=\"\" data-large-file=\"https:\/\/www.hoymercedes.com.ar\/principal\/wp-content\/uploads\/2026\/01\/Franklin2-1024x682.jpeg\" src=\"https:\/\/www.hoymercedes.com.ar\/principal\/wp-content\/uploads\/2026\/01\/Franklin2-1024x682.jpeg\" alt=\"\" class=\"wp-image-191143\" srcset=\"https:\/\/www.hoymercedes.com.ar\/principal\/wp-content\/uploads\/2026\/01\/Franklin2-1024x682.jpeg 1024w, https:\/\/www.hoymercedes.com.ar\/principal\/wp-content\/uploads\/2026\/01\/Franklin2-630x420.jpeg 630w, https:\/\/www.hoymercedes.com.ar\/principal\/wp-content\/uploads\/2026\/01\/Franklin2-150x100.jpeg 150w, https:\/\/www.hoymercedes.com.ar\/principal\/wp-content\/uploads\/2026\/01\/Franklin2-1536x1023.jpeg 1536w, https:\/\/www.hoymercedes.com.ar\/principal\/wp-content\/uploads\/2026\/01\/Franklin2.jpeg 1600w\" sizes=\"auto, (max-width: 1024px) 100vw, 1024px\" \/><\/figure>\n\n\n\n<p>El acuerdo, suscripto en el marco de lo establecido por la Ley Provincial N.\u00ba 10.740, fue rubricado hoy por la intendenta interina, Mariana San Mart\u00edn, y el presidente de la Cooperativa, Jos\u00e9 Antonio Tellechea. Del acto tambi\u00e9n participaron el secretario de Econom\u00eda y Hacienda, David Valerga; y el subsecretario del \u00e1rea, Ignacio Buzzalino.<\/p>\n\n\n\n<p>\u201cEstamos muy contentos de firmar este convenio para dar respuesta a una vieja demanda de los vecinos de Franklin y San Jacinto; estuvimos intercambiando informaci\u00f3n y gestiones y finalmente hoy pudimos rubricar el acuerdo que trae distintos beneficios\u201d, cont\u00f3 San Mart\u00edn.<\/p>\n\n\n\n<p>El acuerdo, adem\u00e1s, cont\u00f3 con la aprobaci\u00f3n un\u00e1nime del Honorable Concejo Deliberante, a trav\u00e9s de la Ordenanza N.\u00ba 9743\/25, sancionada el 26 de noviembre de 2025.<\/p>\n\n\n\n<p>Entre los beneficios incluidos por el acuerdo, tambi\u00e9n sobresale otro: los vecinos ya no se tendr\u00e1n que trasladar para efectuar el pago de las tasas de alumbrado p\u00fablico, que estar\u00e1n incluidas en las facturas emitidas por la Cooperativa.<\/p>\n\n\n\n<p>\u201cEso formaba parte de los reclamos porque en muchos casos los vecinos tampoco acceden a los medios electr\u00f3nicos de pago o no los resultan c\u00f3modos\u201d, explicaron desde Hacienda.<\/p>\n\n\n\n<p>Mediante este convenio, la Cooperativa \u2014en su car\u00e1cter de prestadora del servicio de energ\u00eda el\u00e9ctrica en la zona rural\u2014 ser\u00e1 la encargada de liquidar y recaudar la tasa de alumbrado p\u00fablico, incorpor\u00e1ndose adem\u00e1s nuevas obligaciones a su cargo: la instalaci\u00f3n de nuevas luminarias y el mantenimiento del alumbrado p\u00fablico rural en coordinaci\u00f3n con el municipio.<\/p>\n","protected":false},"excerpt":{"rendered":"<p>Nuevas luminarias, mantenimiento permanente del alumbrado p\u00fablico rural y atenci\u00f3n m\u00e1s \u00e1gil y eficiente: esos son algunos de los beneficios &#8230; <a title=\"Municipio firma el primer convenio de alumbrado p\u00fablico con Cooperativa de Franklin\" class=\"read-more\" href=\"https:\/\/www.hoymercedes.com.ar\/principal\/2026\/01\/23\/municipio-firma-el-primer-convenio-de-alumbrado-publico-con-cooperativa-de-franklin\/\" aria-label=\"Leer m\u00e1s sobre Municipio firma el primer convenio de alumbrado p\u00fablico con Cooperativa de Franklin\">Leer m\u00e1s<\/a><\/p>\n","protected":false},"author":1,"featured_media":191143,"comment_status":"closed","ping_status":"open","sticky":false,"template":"","format":"standard","meta":{"_monsterinsights_skip_tracking":false,"_monsterinsights_sitenote_active":false,"_monsterinsights_sitenote_note":"","_monsterinsights_sitenote_category":0,"jetpack_post_was_ever_published":false,"_jetpack_newsletter_access":"","_jetpack_dont_email_post_to_subs":false,"_jetpack_newsletter_tier_id":0,"_jetpack_memberships_contains_paywalled_content":false,"_jetpack_memberships_contains_paid_content":false,"footnotes":"","jetpack_publicize_message":"","jetpack_publicize_feature_enabled":true,"jetpack_social_post_already_shared":true,"jetpack_social_options":{"image_generator_settings":{"template":"highway","default_image_id":0,"font":"","enabled":false},"version":2},"_wpas_customize_per_network":false},"categories":[8],"tags":[],"class_list":["post-191142","post","type-post","status-publish","format-standard","has-post-thumbnail","hentry","category-sociedad","generate-columns","tablet-grid-50","mobile-grid-100","grid-parent","grid-50"],"jetpack_publicize_connections":[],"jetpack_featured_media_url":"https:\/\/www.hoymercedes.com.ar\/principal\/wp-content\/uploads\/2026\/01\/Franklin2.jpeg","wps_subtitle":"","jetpack_sharing_enabled":true,"_links":{"self":[{"href":"https:\/\/www.hoymercedes.com.ar\/principal\/wp-json\/wp\/v2\/posts\/191142","targetHints":{"allow":["GET"]}}],"collection":[{"href":"https:\/\/www.hoymercedes.com.ar\/principal\/wp-json\/wp\/v2\/posts"}],"about":[{"href":"https:\/\/www.hoymercedes.com.ar\/principal\/wp-json\/wp\/v2\/types\/post"}],"author":[{"embeddable":true,"href":"https:\/\/www.hoymercedes.com.ar\/principal\/wp-json\/wp\/v2\/users\/1"}],"replies":[{"embeddable":true,"href":"https:\/\/www.hoymercedes.com.ar\/principal\/wp-json\/wp\/v2\/comments?post=191142"}],"version-history":[{"count":1,"href":"https:\/\/www.hoymercedes.com.ar\/principal\/wp-json\/wp\/v2\/posts\/191142\/revisions"}],"predecessor-version":[{"id":191144,"href":"https:\/\/www.hoymercedes.com.ar\/principal\/wp-json\/wp\/v2\/posts\/191142\/revisions\/191144"}],"wp:featuredmedia":[{"embeddable":true,"href":"https:\/\/www.hoymercedes.com.ar\/principal\/wp-json\/wp\/v2\/media\/191143"}],"wp:attachment":[{"href":"https:\/\/www.hoymercedes.com.ar\/principal\/wp-json\/wp\/v2\/media?parent=191142"}],"wp:term":[{"taxonomy":"category","embeddable":true,"href":"https:\/\/www.hoymercedes.com.ar\/principal\/wp-json\/wp\/v2\/categories?post=191142"},{"taxonomy":"post_tag","embeddable":true,"href":"https:\/\/www.hoymercedes.com.ar\/principal\/wp-json\/wp\/v2\/tags?post=191142"}],"curies":[{"name":"wp","href":"https:\/\/api.w.org\/{rel}","templated":true}]}}