{"id":191158,"date":"2026-01-24T09:53:00","date_gmt":"2026-01-24T12:53:00","guid":{"rendered":"https:\/\/www.hoymercedes.com.ar\/principal\/?p=191158"},"modified":"2026-01-22T19:55:48","modified_gmt":"2026-01-22T22:55:48","slug":"mercedes-se-prepara-para-una-fiesta-caribena-musica-danza-y-gastronomia-en-el-anfiteatro","status":"publish","type":"post","link":"https:\/\/www.hoymercedes.com.ar\/principal\/2026\/01\/24\/mercedes-se-prepara-para-una-fiesta-caribena-musica-danza-y-gastronomia-en-el-anfiteatro\/","title":{"rendered":"Mercedes se prepara para una \u00abFiesta Caribe\u00f1a\u00bb: m\u00fasica, danza y gastronom\u00eda en el Anfiteatro"},"content":{"rendered":"\n<p>El pr\u00f3ximo <strong>s\u00e1bado 31 de enero<\/strong>, el Anfiteatro Municipal de Mercedes se convertir\u00e1 en el escenario de una vibrante jornada dedicada a las ra\u00edces centroamericanas. Organizado por la Direcci\u00f3n de Turismo, el evento denominado <strong>\u00abFiesta Caribe\u00f1a\u00bb<\/strong> dar\u00e1 inicio a las 19:00 horas en el predio de Calle 42 y Avenida 29, con una propuesta dise\u00f1ada para el disfrute de toda la familia.<\/p>\n\n\n\n<figure class=\"wp-block-image size-full\"><img loading=\"lazy\" decoding=\"async\" width=\"720\" height=\"607\" data-attachment-id=\"191159\" data-permalink=\"https:\/\/www.hoymercedes.com.ar\/principal\/2026\/01\/24\/mercedes-se-prepara-para-una-fiesta-caribena-musica-danza-y-gastronomia-en-el-anfiteatro\/fiesta-caribena\/#main\" data-orig-file=\"https:\/\/www.hoymercedes.com.ar\/principal\/wp-content\/uploads\/2026\/01\/Fiesta-Caribena.jpg\" data-orig-size=\"720,607\" data-comments-opened=\"0\" data-image-meta=\"{&quot;aperture&quot;:&quot;0&quot;,&quot;credit&quot;:&quot;&quot;,&quot;camera&quot;:&quot;&quot;,&quot;caption&quot;:&quot;&quot;,&quot;created_timestamp&quot;:&quot;0&quot;,&quot;copyright&quot;:&quot;&quot;,&quot;focal_length&quot;:&quot;0&quot;,&quot;iso&quot;:&quot;0&quot;,&quot;shutter_speed&quot;:&quot;0&quot;,&quot;title&quot;:&quot;&quot;,&quot;orientation&quot;:&quot;0&quot;}\" data-image-title=\"Fiesta Caribe\u00f1a\" data-image-description=\"\" data-image-caption=\"\" data-large-file=\"https:\/\/www.hoymercedes.com.ar\/principal\/wp-content\/uploads\/2026\/01\/Fiesta-Caribena.jpg\" src=\"https:\/\/www.hoymercedes.com.ar\/principal\/wp-content\/uploads\/2026\/01\/Fiesta-Caribena.jpg\" alt=\"\" class=\"wp-image-191159\" srcset=\"https:\/\/www.hoymercedes.com.ar\/principal\/wp-content\/uploads\/2026\/01\/Fiesta-Caribena.jpg 720w, https:\/\/www.hoymercedes.com.ar\/principal\/wp-content\/uploads\/2026\/01\/Fiesta-Caribena-630x531.jpg 630w, https:\/\/www.hoymercedes.com.ar\/principal\/wp-content\/uploads\/2026\/01\/Fiesta-Caribena-150x126.jpg 150w\" sizes=\"auto, (max-width: 720px) 100vw, 720px\" \/><\/figure>\n\n\n\n<p>La jornada contar\u00e1 con actividades participativas lideradas por especialistas en g\u00e9neros latinos. Desde la ciudad de Luj\u00e1n, llegar\u00e1n un profesor y una pareja de baile invitados para dictar clases abiertas de:<\/p>\n\n\n\n<ul class=\"wp-block-list\">\n<li><strong>Salsa y Bachata.<\/strong><\/li>\n\n\n\n<li><strong>Rueda de Casino<\/strong> (una modalidad grupal de baile cubano).<\/li>\n<\/ul>\n\n\n\n<p>La ambientaci\u00f3n sonora estar\u00e1 dividida en tres momentos clave para mantener la energ\u00eda durante toda la noche:<\/p>\n\n\n\n<ol start=\"1\" class=\"wp-block-list\">\n<li><strong>Orquesta en vivo:<\/strong> Interpretar\u00e1 una selecci\u00f3n de piezas cl\u00e1sicas del cancionero caribe\u00f1o.<\/li>\n\n\n\n<li><strong>DJ Pirri Jaz:<\/strong> Estar\u00e1 a cargo de los bloques intermedios con lo mejor de los ritmos tropicales.<\/li>\n\n\n\n<li><strong>DJ Afrohouse:<\/strong> Ser\u00e1 el responsable de cerrar el evento con una propuesta que fusiona sonidos modernos.<\/li>\n<\/ol>\n\n\n\n<p>Para completar la experiencia sensorial, los asistentes podr\u00e1n recorrer un sector de <strong>gastronom\u00eda tem\u00e1tica<\/strong>, donde se ofrecer\u00e1n platos y bebidas representativas de la regi\u00f3n. Como parte de la agenda cultural de verano, el acceso ser\u00e1 <strong>libre y gratuito<\/strong>, aunque se sugiere llegar con antelaci\u00f3n para asegurar un buen lugar en las gradas.<\/p>\n","protected":false},"excerpt":{"rendered":"<p>El pr\u00f3ximo s\u00e1bado 31 de enero, el Anfiteatro Municipal de Mercedes se convertir\u00e1 en el escenario de una vibrante jornada &#8230; <a title=\"Mercedes se prepara para una \u00abFiesta Caribe\u00f1a\u00bb: m\u00fasica, danza y gastronom\u00eda en el Anfiteatro\" class=\"read-more\" href=\"https:\/\/www.hoymercedes.com.ar\/principal\/2026\/01\/24\/mercedes-se-prepara-para-una-fiesta-caribena-musica-danza-y-gastronomia-en-el-anfiteatro\/\" aria-label=\"Leer m\u00e1s sobre Mercedes se prepara para una \u00abFiesta Caribe\u00f1a\u00bb: m\u00fasica, danza y gastronom\u00eda en el Anfiteatro\">Leer m\u00e1s<\/a><\/p>\n","protected":false},"author":1,"featured_media":191159,"comment_status":"closed","ping_status":"open","sticky":false,"template":"","format":"standard","meta":{"_monsterinsights_skip_tracking":false,"_monsterinsights_sitenote_active":false,"_monsterinsights_sitenote_note":"","_monsterinsights_sitenote_category":0,"jetpack_post_was_ever_published":false,"_jetpack_newsletter_access":"","_jetpack_dont_email_post_to_subs":false,"_jetpack_newsletter_tier_id":0,"_jetpack_memberships_contains_paywalled_content":false,"_jetpack_memberships_contains_paid_content":false,"footnotes":"","jetpack_publicize_message":"","jetpack_publicize_feature_enabled":true,"jetpack_social_post_already_shared":true,"jetpack_social_options":{"image_generator_settings":{"template":"highway","default_image_id":0,"font":"","enabled":false},"version":2},"_wpas_customize_per_network":false},"categories":[104],"tags":[],"class_list":["post-191158","post","type-post","status-publish","format-standard","has-post-thumbnail","hentry","category-cultura","generate-columns","tablet-grid-50","mobile-grid-100","grid-parent","grid-50"],"jetpack_publicize_connections":[],"jetpack_featured_media_url":"https:\/\/www.hoymercedes.com.ar\/principal\/wp-content\/uploads\/2026\/01\/Fiesta-Caribena.jpg","wps_subtitle":"","jetpack_sharing_enabled":true,"_links":{"self":[{"href":"https:\/\/www.hoymercedes.com.ar\/principal\/wp-json\/wp\/v2\/posts\/191158","targetHints":{"allow":["GET"]}}],"collection":[{"href":"https:\/\/www.hoymercedes.com.ar\/principal\/wp-json\/wp\/v2\/posts"}],"about":[{"href":"https:\/\/www.hoymercedes.com.ar\/principal\/wp-json\/wp\/v2\/types\/post"}],"author":[{"embeddable":true,"href":"https:\/\/www.hoymercedes.com.ar\/principal\/wp-json\/wp\/v2\/users\/1"}],"replies":[{"embeddable":true,"href":"https:\/\/www.hoymercedes.com.ar\/principal\/wp-json\/wp\/v2\/comments?post=191158"}],"version-history":[{"count":1,"href":"https:\/\/www.hoymercedes.com.ar\/principal\/wp-json\/wp\/v2\/posts\/191158\/revisions"}],"predecessor-version":[{"id":191160,"href":"https:\/\/www.hoymercedes.com.ar\/principal\/wp-json\/wp\/v2\/posts\/191158\/revisions\/191160"}],"wp:featuredmedia":[{"embeddable":true,"href":"https:\/\/www.hoymercedes.com.ar\/principal\/wp-json\/wp\/v2\/media\/191159"}],"wp:attachment":[{"href":"https:\/\/www.hoymercedes.com.ar\/principal\/wp-json\/wp\/v2\/media?parent=191158"}],"wp:term":[{"taxonomy":"category","embeddable":true,"href":"https:\/\/www.hoymercedes.com.ar\/principal\/wp-json\/wp\/v2\/categories?post=191158"},{"taxonomy":"post_tag","embeddable":true,"href":"https:\/\/www.hoymercedes.com.ar\/principal\/wp-json\/wp\/v2\/tags?post=191158"}],"curies":[{"name":"wp","href":"https:\/\/api.w.org\/{rel}","templated":true}]}}