{"id":191179,"date":"2026-01-23T21:28:44","date_gmt":"2026-01-24T00:28:44","guid":{"rendered":"https:\/\/www.hoymercedes.com.ar\/principal\/?p=191179"},"modified":"2026-01-23T21:28:46","modified_gmt":"2026-01-24T00:28:46","slug":"en-otro-operativo-de-seguridad-secuestran-20-motos","status":"publish","type":"post","link":"https:\/\/www.hoymercedes.com.ar\/principal\/2026\/01\/23\/en-otro-operativo-de-seguridad-secuestran-20-motos\/","title":{"rendered":"En otro operativo de seguridad secuestran 20 motos"},"content":{"rendered":"\n<p>Un nuevo operativo de control de tr\u00e1nsito realizado este jueves por la noche en la zona del predio de La Trocha arroj\u00f3 como resultado el secuestro de 20 motos, en algunos casos por la falta de documentaci\u00f3n y patentes y en otros por ca\u00f1os de escape antirreglamentarios.<\/p>\n\n\n\n<figure class=\"wp-block-image size-large\"><img loading=\"lazy\" decoding=\"async\" width=\"576\" height=\"1024\" data-attachment-id=\"191180\" data-permalink=\"https:\/\/www.hoymercedes.com.ar\/principal\/2026\/01\/23\/en-otro-operativo-de-seguridad-secuestran-20-motos\/control\/#main\" data-orig-file=\"https:\/\/www.hoymercedes.com.ar\/principal\/wp-content\/uploads\/2026\/01\/control.jpeg\" data-orig-size=\"900,1600\" data-comments-opened=\"0\" data-image-meta=\"{&quot;aperture&quot;:&quot;0&quot;,&quot;credit&quot;:&quot;&quot;,&quot;camera&quot;:&quot;&quot;,&quot;caption&quot;:&quot;&quot;,&quot;created_timestamp&quot;:&quot;0&quot;,&quot;copyright&quot;:&quot;&quot;,&quot;focal_length&quot;:&quot;0&quot;,&quot;iso&quot;:&quot;0&quot;,&quot;shutter_speed&quot;:&quot;0&quot;,&quot;title&quot;:&quot;&quot;,&quot;orientation&quot;:&quot;0&quot;}\" data-image-title=\"control\" data-image-description=\"\" data-image-caption=\"\" data-large-file=\"https:\/\/www.hoymercedes.com.ar\/principal\/wp-content\/uploads\/2026\/01\/control-576x1024.jpeg\" src=\"https:\/\/www.hoymercedes.com.ar\/principal\/wp-content\/uploads\/2026\/01\/control-576x1024.jpeg\" alt=\"\" class=\"wp-image-191180\" srcset=\"https:\/\/www.hoymercedes.com.ar\/principal\/wp-content\/uploads\/2026\/01\/control-576x1024.jpeg 576w, https:\/\/www.hoymercedes.com.ar\/principal\/wp-content\/uploads\/2026\/01\/control-349x620.jpeg 349w, https:\/\/www.hoymercedes.com.ar\/principal\/wp-content\/uploads\/2026\/01\/control-84x150.jpeg 84w, https:\/\/www.hoymercedes.com.ar\/principal\/wp-content\/uploads\/2026\/01\/control-864x1536.jpeg 864w, https:\/\/www.hoymercedes.com.ar\/principal\/wp-content\/uploads\/2026\/01\/control.jpeg 900w\" sizes=\"auto, (max-width: 576px) 100vw, 576px\" \/><\/figure>\n\n\n\n<p>Los controles, que se vienen repitiendo en distintos puntos de la ciudad desde hace varios meses, se hicieron esta vez sobre calle 42 entre 21 y 29 (La Trocha) y en la esquina de las avenidas 40 y 29. Particip\u00f3 personal policial y de la Secretar\u00eda de Seguridad.<\/p>\n\n\n\n<p>\u201cVenimos trabajando hace varios meses con operativos de tr\u00e1nsito diurnos y nocturnos, sobre todo en las zonas m\u00e1s conflictivas. Existe un reclamo por parte de los vecinos sobre las motos que andan a alta velocidad o con escape libre y estos operativos buscan justamente dar respuesta a esa demanda, entre otras cosas. Buscamos mayor orden y seguridad en el tr\u00e1nsito de la ciudad, m\u00e1s tranquilidad para los vecinos, y estamos muy satisfechos con el resultado que vienen teniendo estos controles\u201d, explic\u00f3 el secretario de Seguridad, Mat\u00edas Maresca.<\/p>\n\n\n\n<p>En tanto, y ante la difusi\u00f3n en distintas redes sociales de un video sobre la detenci\u00f3n de un motociclista que intent\u00f3 fugarse en la esquina de 40 y 29, se informa que de los operativos de control de tr\u00e1nsito habitualmente forman parte efectivos policiales de civil perfectamente identificados con chapa correspondiente y orden de servicio.<\/p>\n\n\n\n<p>La participaci\u00f3n de personal policial de civil apunta a garantizar la eficiencia de los operativos e impedir, como ha sucedido, la fuga de motociclistas -con maniobras que ponen en riesgo la seguridad e inclusive la vida de otros vecinos-. De hecho, en controles realizados bajo esta modalidad se recuperaron motoveh\u00edculos robados y con pedido de secuestro.<\/p>\n\n\n\n<p>Maresca explic\u00f3 que la participaci\u00f3n de polic\u00edas de civil \u201ctiene que ver con la b\u00fasqueda de nuevos procedimientos para garantizar la eficacia de los operativos, pero los efectivos est\u00e1n perfectamente identificados y adem\u00e1s van siempre acompa\u00f1ados por uniformados, tanto de la propia polic\u00eda como de la secretaria de Seguridad. Es decir, no hay controles en los que intervengan solamente efectivos policiales de civil\u201d.<\/p>\n\n\n\n<p>Finalmente, y sobre el caso puntual del video, la coordinadora de Seguridad, Valentina Bidone, explic\u00f3: \u201cEl personal policial dio la voz de alto y mostr\u00f3 su chapa identificatoria y el motociclista se quiso dar a la fuga realizando una mala maniobra, poniendo en peligro a otra gente. Por eso el personal policial intervino para evitar que se escapara. Se realizaron los tr\u00e1mites de rigor y el motociclista ni siquiera fue aprehendido. Hubo una sola aprehensi\u00f3n a otra persona, pero en su caso por no querer bajarse de la moto y resistencia a la autoridad\u201d.<\/p>\n","protected":false},"excerpt":{"rendered":"<p>Un nuevo operativo de control de tr\u00e1nsito realizado este jueves por la noche en la zona del predio de La &#8230; <a title=\"En otro operativo de seguridad secuestran 20 motos\" class=\"read-more\" href=\"https:\/\/www.hoymercedes.com.ar\/principal\/2026\/01\/23\/en-otro-operativo-de-seguridad-secuestran-20-motos\/\" aria-label=\"Leer m\u00e1s sobre En otro operativo de seguridad secuestran 20 motos\">Leer m\u00e1s<\/a><\/p>\n","protected":false},"author":1,"featured_media":191180,"comment_status":"closed","ping_status":"open","sticky":false,"template":"","format":"standard","meta":{"_monsterinsights_skip_tracking":false,"_monsterinsights_sitenote_active":false,"_monsterinsights_sitenote_note":"","_monsterinsights_sitenote_category":0,"jetpack_post_was_ever_published":false,"_jetpack_newsletter_access":"","_jetpack_dont_email_post_to_subs":false,"_jetpack_newsletter_tier_id":0,"_jetpack_memberships_contains_paywalled_content":false,"_jetpack_memberships_contains_paid_content":false,"footnotes":"","jetpack_publicize_message":"","jetpack_publicize_feature_enabled":true,"jetpack_social_post_already_shared":true,"jetpack_social_options":{"image_generator_settings":{"template":"highway","default_image_id":0,"font":"","enabled":false},"version":2},"_wpas_customize_per_network":false},"categories":[8],"tags":[],"class_list":["post-191179","post","type-post","status-publish","format-standard","has-post-thumbnail","hentry","category-sociedad","generate-columns","tablet-grid-50","mobile-grid-100","grid-parent","grid-50"],"jetpack_publicize_connections":[],"jetpack_featured_media_url":"https:\/\/www.hoymercedes.com.ar\/principal\/wp-content\/uploads\/2026\/01\/control.jpeg","wps_subtitle":"","jetpack_sharing_enabled":true,"_links":{"self":[{"href":"https:\/\/www.hoymercedes.com.ar\/principal\/wp-json\/wp\/v2\/posts\/191179","targetHints":{"allow":["GET"]}}],"collection":[{"href":"https:\/\/www.hoymercedes.com.ar\/principal\/wp-json\/wp\/v2\/posts"}],"about":[{"href":"https:\/\/www.hoymercedes.com.ar\/principal\/wp-json\/wp\/v2\/types\/post"}],"author":[{"embeddable":true,"href":"https:\/\/www.hoymercedes.com.ar\/principal\/wp-json\/wp\/v2\/users\/1"}],"replies":[{"embeddable":true,"href":"https:\/\/www.hoymercedes.com.ar\/principal\/wp-json\/wp\/v2\/comments?post=191179"}],"version-history":[{"count":1,"href":"https:\/\/www.hoymercedes.com.ar\/principal\/wp-json\/wp\/v2\/posts\/191179\/revisions"}],"predecessor-version":[{"id":191181,"href":"https:\/\/www.hoymercedes.com.ar\/principal\/wp-json\/wp\/v2\/posts\/191179\/revisions\/191181"}],"wp:featuredmedia":[{"embeddable":true,"href":"https:\/\/www.hoymercedes.com.ar\/principal\/wp-json\/wp\/v2\/media\/191180"}],"wp:attachment":[{"href":"https:\/\/www.hoymercedes.com.ar\/principal\/wp-json\/wp\/v2\/media?parent=191179"}],"wp:term":[{"taxonomy":"category","embeddable":true,"href":"https:\/\/www.hoymercedes.com.ar\/principal\/wp-json\/wp\/v2\/categories?post=191179"},{"taxonomy":"post_tag","embeddable":true,"href":"https:\/\/www.hoymercedes.com.ar\/principal\/wp-json\/wp\/v2\/tags?post=191179"}],"curies":[{"name":"wp","href":"https:\/\/api.w.org\/{rel}","templated":true}]}}