{"id":191190,"date":"2026-01-26T11:05:18","date_gmt":"2026-01-26T14:05:18","guid":{"rendered":"https:\/\/www.hoymercedes.com.ar\/principal\/?p=191190"},"modified":"2026-01-26T11:42:37","modified_gmt":"2026-01-26T14:42:37","slug":"cuatro-muertos-en-choque-en-ruta-5-y-acceso-sur","status":"publish","type":"post","link":"https:\/\/www.hoymercedes.com.ar\/principal\/2026\/01\/26\/cuatro-muertos-en-choque-en-ruta-5-y-acceso-sur\/","title":{"rendered":"Cuatro muertos en choque en Ruta 5 y Acceso Sur"},"content":{"rendered":"\n<p> Un fatal siniestro vial conmocion\u00f3 en la tarde del domingo a la comunidad de Mercedes cuando un cami\u00f3n embisti\u00f3 de lleno a un autom\u00f3vil Ford Escort que intentaba incorporarse a la Ruta Nacional 5 a la altura del Acceso Sur. El choque dej\u00f3 un saldo de cuatro v\u00edctimas fatales, entre ellos dos ni\u00f1os, y gener\u00f3 un operativo de emergencia en la zona.<\/p>\n\n\n<div class=\"wp-block-image\">\n<figure class=\"aligncenter size-full\"><img loading=\"lazy\" decoding=\"async\" width=\"640\" height=\"363\" data-attachment-id=\"191192\" data-permalink=\"https:\/\/www.hoymercedes.com.ar\/principal\/2026\/01\/26\/cuatro-muertos-en-choque-en-ruta-5-y-acceso-sur\/img-20260126-wa0004\/#main\" data-orig-file=\"https:\/\/www.hoymercedes.com.ar\/principal\/wp-content\/uploads\/2026\/01\/IMG-20260126-WA0004.jpg\" data-orig-size=\"640,363\" data-comments-opened=\"0\" data-image-meta=\"{&quot;aperture&quot;:&quot;0&quot;,&quot;credit&quot;:&quot;&quot;,&quot;camera&quot;:&quot;&quot;,&quot;caption&quot;:&quot;&quot;,&quot;created_timestamp&quot;:&quot;0&quot;,&quot;copyright&quot;:&quot;&quot;,&quot;focal_length&quot;:&quot;0&quot;,&quot;iso&quot;:&quot;0&quot;,&quot;shutter_speed&quot;:&quot;0&quot;,&quot;title&quot;:&quot;&quot;,&quot;orientation&quot;:&quot;0&quot;}\" data-image-title=\"IMG-20260126-WA0004\" data-image-description=\"\" data-image-caption=\"\" data-large-file=\"https:\/\/www.hoymercedes.com.ar\/principal\/wp-content\/uploads\/2026\/01\/IMG-20260126-WA0004.jpg\" src=\"https:\/\/www.hoymercedes.com.ar\/principal\/wp-content\/uploads\/2026\/01\/IMG-20260126-WA0004.jpg\" alt=\"\" class=\"wp-image-191192\" srcset=\"https:\/\/www.hoymercedes.com.ar\/principal\/wp-content\/uploads\/2026\/01\/IMG-20260126-WA0004.jpg 640w, https:\/\/www.hoymercedes.com.ar\/principal\/wp-content\/uploads\/2026\/01\/IMG-20260126-WA0004-630x357.jpg 630w, https:\/\/www.hoymercedes.com.ar\/principal\/wp-content\/uploads\/2026\/01\/IMG-20260126-WA0004-150x85.jpg 150w\" sizes=\"auto, (max-width: 640px) 100vw, 640px\" \/><\/figure>\n<\/div>\n\n\n<p>El veh\u00edculo menor, un Ford Escort en el que viajaban cinco integrantes de una familia oriunda de Jos\u00e9 C. Paz, fue impactado violentamente por un cami\u00f3n, cuya din\u00e1mica se encuentra todav\u00eda bajo investigaci\u00f3n por parte de la Justicia.<\/p>\n\n\n\n<p>Producto del violento impacto, fallecieron en el lugar dos mujeres de 23 y 34 a\u00f1os, junto a dos ni\u00f1os de 3 y 7 a\u00f1os, todos ocupantes del autom\u00f3vil. El \u00fanico sobreviviente \u2014el conductor del Ford\u2014 fue trasladado de urgencia por una ambulancia del Servicio de Atenci\u00f3n M\u00e9dica de Emergencias (SAME) al Hospital Blas L. Dubarry, donde permanece internado bajo observaci\u00f3n, con pron\u00f3stico reservado.<\/p>\n\n\n\n<p>Tras el siniestro, se despleg\u00f3 un amplio operativo en el lugar que incluy\u00f3 a Bomberos Voluntarios, Polic\u00eda Comunal, Protecci\u00f3n Civil y personal sanitario, que trabajaron para asistir a las v\u00edctimas, remover los veh\u00edculos y realizar las pericias correspondientes. Debido a las tareas de rescate y la investigaci\u00f3n, el tr\u00e1nsito en el sector se vio restringido durante varias horas.<\/p>\n\n\n\n<p>La presencia de v\u00edctimas menores de edad intensific\u00f3 la conmoci\u00f3n social y llev\u00f3 a las autoridades a reiterar el pedido de precauci\u00f3n al transitar por los accesos a la ciudad, especialmente en horarios de baja luminosidad.<\/p>\n\n\n\n<p>Si bien se desconoce a\u00fan con precisi\u00f3n c\u00f3mo se produjo la colisi\u00f3n, la investigaci\u00f3n judicial y las pericias accidentol\u00f3gicas buscan determinar las responsabilidades del siniestro. Los primeros datos indican que el autom\u00f3vil intentaba incorporarse a la ruta cuando fue embestido por el cami\u00f3n, aunque los detalles de la maniobra est\u00e1n siendo analizados.<\/p>\n","protected":false},"excerpt":{"rendered":"<p>Un fatal siniestro vial conmocion\u00f3 en la tarde del domingo a la comunidad de Mercedes cuando un cami\u00f3n embisti\u00f3 de &#8230; <a title=\"Cuatro muertos en choque en Ruta 5 y Acceso Sur\" class=\"read-more\" href=\"https:\/\/www.hoymercedes.com.ar\/principal\/2026\/01\/26\/cuatro-muertos-en-choque-en-ruta-5-y-acceso-sur\/\" aria-label=\"Leer m\u00e1s sobre Cuatro muertos en choque en Ruta 5 y Acceso Sur\">Leer m\u00e1s<\/a><\/p>\n","protected":false},"author":1,"featured_media":191192,"comment_status":"closed","ping_status":"open","sticky":false,"template":"","format":"standard","meta":{"_monsterinsights_skip_tracking":false,"_monsterinsights_sitenote_active":false,"_monsterinsights_sitenote_note":"","_monsterinsights_sitenote_category":0,"jetpack_post_was_ever_published":false,"_jetpack_newsletter_access":"","_jetpack_dont_email_post_to_subs":false,"_jetpack_newsletter_tier_id":0,"_jetpack_memberships_contains_paywalled_content":false,"_jetpack_memberships_contains_paid_content":false,"footnotes":"","jetpack_publicize_message":"","jetpack_publicize_feature_enabled":true,"jetpack_social_post_already_shared":true,"jetpack_social_options":{"image_generator_settings":{"template":"highway","default_image_id":0,"font":"","enabled":false},"version":2},"_wpas_customize_per_network":false},"categories":[8],"tags":[],"class_list":["post-191190","post","type-post","status-publish","format-standard","has-post-thumbnail","hentry","category-sociedad","generate-columns","tablet-grid-50","mobile-grid-100","grid-parent","grid-50"],"jetpack_publicize_connections":[],"jetpack_featured_media_url":"https:\/\/www.hoymercedes.com.ar\/principal\/wp-content\/uploads\/2026\/01\/IMG-20260126-WA0004.jpg","wps_subtitle":"","jetpack_sharing_enabled":true,"_links":{"self":[{"href":"https:\/\/www.hoymercedes.com.ar\/principal\/wp-json\/wp\/v2\/posts\/191190","targetHints":{"allow":["GET"]}}],"collection":[{"href":"https:\/\/www.hoymercedes.com.ar\/principal\/wp-json\/wp\/v2\/posts"}],"about":[{"href":"https:\/\/www.hoymercedes.com.ar\/principal\/wp-json\/wp\/v2\/types\/post"}],"author":[{"embeddable":true,"href":"https:\/\/www.hoymercedes.com.ar\/principal\/wp-json\/wp\/v2\/users\/1"}],"replies":[{"embeddable":true,"href":"https:\/\/www.hoymercedes.com.ar\/principal\/wp-json\/wp\/v2\/comments?post=191190"}],"version-history":[{"count":4,"href":"https:\/\/www.hoymercedes.com.ar\/principal\/wp-json\/wp\/v2\/posts\/191190\/revisions"}],"predecessor-version":[{"id":191195,"href":"https:\/\/www.hoymercedes.com.ar\/principal\/wp-json\/wp\/v2\/posts\/191190\/revisions\/191195"}],"wp:featuredmedia":[{"embeddable":true,"href":"https:\/\/www.hoymercedes.com.ar\/principal\/wp-json\/wp\/v2\/media\/191192"}],"wp:attachment":[{"href":"https:\/\/www.hoymercedes.com.ar\/principal\/wp-json\/wp\/v2\/media?parent=191190"}],"wp:term":[{"taxonomy":"category","embeddable":true,"href":"https:\/\/www.hoymercedes.com.ar\/principal\/wp-json\/wp\/v2\/categories?post=191190"},{"taxonomy":"post_tag","embeddable":true,"href":"https:\/\/www.hoymercedes.com.ar\/principal\/wp-json\/wp\/v2\/tags?post=191190"}],"curies":[{"name":"wp","href":"https:\/\/api.w.org\/{rel}","templated":true}]}}