{"id":191199,"date":"2026-01-26T18:10:03","date_gmt":"2026-01-26T21:10:03","guid":{"rendered":"https:\/\/www.hoymercedes.com.ar\/principal\/?p=191199"},"modified":"2026-01-26T18:10:05","modified_gmt":"2026-01-26T21:10:05","slug":"los-operativos-nos-estan-dando-tranquilidad-dijo-la-presidenta-del-barrio-trocha","status":"publish","type":"post","link":"https:\/\/www.hoymercedes.com.ar\/principal\/2026\/01\/26\/los-operativos-nos-estan-dando-tranquilidad-dijo-la-presidenta-del-barrio-trocha\/","title":{"rendered":"\u201cLos operativos nos est\u00e1n dando tranquilidad\u201d, dijo la presidenta del barrio Trocha"},"content":{"rendered":"\n<p>La presidenta de la sociedad de fomento del barrio Trocha, Antonia Villalba, expres\u00f3 su apoyo a los operativos de control de tr\u00e1nsito porque \u201cest\u00e1n dando tranquilidad\u201d y representan una respuesta \u201ca un reclamo que ven\u00edan haciendo muchos vecinos por el tema de las motos\u201d.<\/p>\n\n\n\n<figure class=\"wp-block-image size-large\"><img loading=\"lazy\" decoding=\"async\" width=\"1024\" height=\"626\" data-attachment-id=\"191200\" data-permalink=\"https:\/\/www.hoymercedes.com.ar\/principal\/2026\/01\/26\/los-operativos-nos-estan-dando-tranquilidad-dijo-la-presidenta-del-barrio-trocha\/img_7986\/#main\" data-orig-file=\"https:\/\/www.hoymercedes.com.ar\/principal\/wp-content\/uploads\/2026\/01\/IMG_7986.jpeg\" data-orig-size=\"1100,672\" data-comments-opened=\"0\" data-image-meta=\"{&quot;aperture&quot;:&quot;0&quot;,&quot;credit&quot;:&quot;&quot;,&quot;camera&quot;:&quot;&quot;,&quot;caption&quot;:&quot;&quot;,&quot;created_timestamp&quot;:&quot;0&quot;,&quot;copyright&quot;:&quot;&quot;,&quot;focal_length&quot;:&quot;0&quot;,&quot;iso&quot;:&quot;0&quot;,&quot;shutter_speed&quot;:&quot;0&quot;,&quot;title&quot;:&quot;&quot;,&quot;orientation&quot;:&quot;0&quot;}\" data-image-title=\"IMG_7986\" data-image-description=\"\" data-image-caption=\"\" data-large-file=\"https:\/\/www.hoymercedes.com.ar\/principal\/wp-content\/uploads\/2026\/01\/IMG_7986-1024x626.jpeg\" src=\"https:\/\/www.hoymercedes.com.ar\/principal\/wp-content\/uploads\/2026\/01\/IMG_7986-1024x626.jpeg\" alt=\"\" class=\"wp-image-191200\" srcset=\"https:\/\/www.hoymercedes.com.ar\/principal\/wp-content\/uploads\/2026\/01\/IMG_7986-1024x626.jpeg 1024w, https:\/\/www.hoymercedes.com.ar\/principal\/wp-content\/uploads\/2026\/01\/IMG_7986-630x385.jpeg 630w, https:\/\/www.hoymercedes.com.ar\/principal\/wp-content\/uploads\/2026\/01\/IMG_7986-150x92.jpeg 150w, https:\/\/www.hoymercedes.com.ar\/principal\/wp-content\/uploads\/2026\/01\/IMG_7986.jpeg 1100w\" sizes=\"auto, (max-width: 1024px) 100vw, 1024px\" \/><\/figure>\n\n\n\n<p>\u201cCon los operativos se est\u00e1 tranquilizando la situaci\u00f3n. La presencia de efectivos de la polic\u00eda, de agentes de Seguridad del municipio, tambi\u00e9n hacer la 42 peatonal durante el fin de semana\u2026 Hab\u00eda muchos reclamos de los vecinos por el tema de las motos, los ruidos, los ca\u00f1os de escape, la velocidad con que andan, y del municipio nos dieron respuesta, lo que nos brinda mucha satisfacci\u00f3n\u201d, cont\u00f3 Antonia Villalba en una entrevista radial.<\/p>\n\n\n\n<p>El jueves por la noche, un operativo de control de tr\u00e1nsito arroj\u00f3 como resultado el secuestro de 20 motos por falta de documentaci\u00f3n y patentes y escapes antirreglamentarios.<\/p>\n\n\n\n<p>\u201cLos problemas vienen desde hace tiempo, sobre todo en la 42. Las molestias son constantes y el peligro tambi\u00e9n porque andan a alta velocidad, hacen \u2018willy\u2019, te tiran la moto encima&#8230; Y los operativos est\u00e1n tranquilizando la situaci\u00f3n. Esperamos que sigan porque evidentemente no hay otra manera de resolver el tema. Se hab\u00eda intentado con otros m\u00e9todos y no dieron el resultado esperado as\u00ed que estamos conformes con esta respuesta\u201d, se\u00f1al\u00f3.<\/p>\n\n\n\n<p>La presidenta del barrio cont\u00f3 que se reuni\u00f3 con concejales y funcionarios como Mariana San Mart\u00edn, Santiago Altube y Fernando Mass\u00f3n \u201cy tambi\u00e9n con el intendente\u201d Juani Ustarroz. \u201cTodos me recibieron de la mejor manera, me atendieron muy bien, nunca me preguntaron de qu\u00e9 partido soy ni qu\u00e9 pienso y nos dieron las respuestas que esper\u00e1bamos\u201d, manifest\u00f3.<\/p>\n\n\n\n<p>En tanto, y ante la difusi\u00f3n en distintas redes sociales de un video sobre la detenci\u00f3n de un motociclista que intent\u00f3 fugarse en la esquina de 40 y 29 y de la que participaron polic\u00edas de civil (identificados con chapa y orden de servicio), Villalba tambi\u00e9n exhibi\u00f3 su apoyo: \u201cNo hay otro modo, porque inclusive hay motos robadas con pedido de secuestro. Yo he visto c\u00f3mo los chicos que andan en moto se r\u00eden en la cara de los polic\u00edas, les faltan el respeto. As\u00ed que las cr\u00edticas que se hacen en las redes no debieran ser as\u00ed, porque tambi\u00e9n hay casos de chicos que andan sin casco y si alguien se los trae, y se lo ponen, los dejan seguir circulando. Es decir que no hay una mala intenci\u00f3n. Por eso ojal\u00e1 que estos operativos sigan\u201d.<\/p>\n\n\n\n<p>\u201cY adem\u00e1s si ten\u00e9s todos los papeles en regla y llev\u00e1s casco y no te falta nada, no vas a tener ninguna clase de problemas. Par\u00e1s, los mostr\u00e1s y segu\u00eds\u201d, a\u00f1adi\u00f3.<\/p>\n\n\n\n<p>Villalba, finalmente, tambi\u00e9n pidi\u00f3 \u201creeducar, insistir con el tema de la educaci\u00f3n vial\u201d y seguir \u201cbuscando la vuelta\u201d para encontrar una soluci\u00f3n definitiva.<\/p>\n","protected":false},"excerpt":{"rendered":"<p>La presidenta de la sociedad de fomento del barrio Trocha, Antonia Villalba, expres\u00f3 su apoyo a los operativos de control &#8230; <a title=\"\u201cLos operativos nos est\u00e1n dando tranquilidad\u201d, dijo la presidenta del barrio Trocha\" class=\"read-more\" href=\"https:\/\/www.hoymercedes.com.ar\/principal\/2026\/01\/26\/los-operativos-nos-estan-dando-tranquilidad-dijo-la-presidenta-del-barrio-trocha\/\" aria-label=\"Leer m\u00e1s sobre \u201cLos operativos nos est\u00e1n dando tranquilidad\u201d, dijo la presidenta del barrio Trocha\">Leer m\u00e1s<\/a><\/p>\n","protected":false},"author":6,"featured_media":191200,"comment_status":"closed","ping_status":"open","sticky":false,"template":"","format":"standard","meta":{"_monsterinsights_skip_tracking":false,"_monsterinsights_sitenote_active":false,"_monsterinsights_sitenote_note":"","_monsterinsights_sitenote_category":0,"jetpack_post_was_ever_published":false,"_jetpack_newsletter_access":"","_jetpack_dont_email_post_to_subs":false,"_jetpack_newsletter_tier_id":0,"_jetpack_memberships_contains_paywalled_content":false,"_jetpack_memberships_contains_paid_content":false,"footnotes":"","jetpack_publicize_message":"","jetpack_publicize_feature_enabled":true,"jetpack_social_post_already_shared":true,"jetpack_social_options":{"image_generator_settings":{"template":"highway","default_image_id":0,"font":"","enabled":false},"version":2},"_wpas_customize_per_network":false},"categories":[8],"tags":[],"class_list":["post-191199","post","type-post","status-publish","format-standard","has-post-thumbnail","hentry","category-sociedad","generate-columns","tablet-grid-50","mobile-grid-100","grid-parent","grid-50"],"jetpack_publicize_connections":[],"jetpack_featured_media_url":"https:\/\/www.hoymercedes.com.ar\/principal\/wp-content\/uploads\/2026\/01\/IMG_7986.jpeg","wps_subtitle":"","jetpack_sharing_enabled":true,"_links":{"self":[{"href":"https:\/\/www.hoymercedes.com.ar\/principal\/wp-json\/wp\/v2\/posts\/191199","targetHints":{"allow":["GET"]}}],"collection":[{"href":"https:\/\/www.hoymercedes.com.ar\/principal\/wp-json\/wp\/v2\/posts"}],"about":[{"href":"https:\/\/www.hoymercedes.com.ar\/principal\/wp-json\/wp\/v2\/types\/post"}],"author":[{"embeddable":true,"href":"https:\/\/www.hoymercedes.com.ar\/principal\/wp-json\/wp\/v2\/users\/6"}],"replies":[{"embeddable":true,"href":"https:\/\/www.hoymercedes.com.ar\/principal\/wp-json\/wp\/v2\/comments?post=191199"}],"version-history":[{"count":1,"href":"https:\/\/www.hoymercedes.com.ar\/principal\/wp-json\/wp\/v2\/posts\/191199\/revisions"}],"predecessor-version":[{"id":191201,"href":"https:\/\/www.hoymercedes.com.ar\/principal\/wp-json\/wp\/v2\/posts\/191199\/revisions\/191201"}],"wp:featuredmedia":[{"embeddable":true,"href":"https:\/\/www.hoymercedes.com.ar\/principal\/wp-json\/wp\/v2\/media\/191200"}],"wp:attachment":[{"href":"https:\/\/www.hoymercedes.com.ar\/principal\/wp-json\/wp\/v2\/media?parent=191199"}],"wp:term":[{"taxonomy":"category","embeddable":true,"href":"https:\/\/www.hoymercedes.com.ar\/principal\/wp-json\/wp\/v2\/categories?post=191199"},{"taxonomy":"post_tag","embeddable":true,"href":"https:\/\/www.hoymercedes.com.ar\/principal\/wp-json\/wp\/v2\/tags?post=191199"}],"curies":[{"name":"wp","href":"https:\/\/api.w.org\/{rel}","templated":true}]}}