{"id":191202,"date":"2026-01-26T18:15:04","date_gmt":"2026-01-26T21:15:04","guid":{"rendered":"https:\/\/www.hoymercedes.com.ar\/principal\/?p=191202"},"modified":"2026-01-26T18:15:06","modified_gmt":"2026-01-26T21:15:06","slug":"privilegiamos-a-los-contribuyentes-que-cumplen-con-la-municipalidad","status":"publish","type":"post","link":"https:\/\/www.hoymercedes.com.ar\/principal\/2026\/01\/26\/privilegiamos-a-los-contribuyentes-que-cumplen-con-la-municipalidad\/","title":{"rendered":"\u201cPrivilegiamos a los contribuyentes que cumplen con la Municipalidad\u201d"},"content":{"rendered":"\n<p>La Municipalidad de Mercedes, a trav\u00e9s de su oficina de Ingresos P\u00fablicos, record\u00f3 el esquema existente de regularizaci\u00f3n fiscal destinado a contribuyentes con deudas en instancia prejudicial y judicial de sus tasas y derechos municipales. La iniciativa busca facilitar la normalizaci\u00f3n de las obligaciones tributarias vencidas al 31 de diciembre de 2025, permitiendo a los ciudadanos recuperar las bonificaciones por pago anual y buen cumplimiento que el organismo otorga habitualmente.<\/p>\n\n\n\n<p><\/p>\n\n\n\n<p>Marcos Iglesias, Subdirector de Ingresos P\u00fablicos, destac\u00f3 que el programa tiene como fin brindar \u00abherramientas concretas\u201d para que los mercedinos ordenen su situaci\u00f3n fiscal. \u00abRegularizar deudas no solo permite ordenar la situaci\u00f3n, sino tambi\u00e9n volver a acceder a los descuentos que reconocen a quienes cumplen\u201d, se\u00f1al\u00f3 el funcionario tras la publicaci\u00f3n de la medida para este ejercicio 2026.<\/p>\n\n\n\n<p><strong>Opciones de financiaci\u00f3n<\/strong><\/p>\n\n\n\n<p>El actual esquema de pagos presenta una estructura escalonada que se adapta a la capacidad financiera de cada contribuyente. Para las deudas prejudiciales, las opciones se dividen seg\u00fan el plazo y la tasa de inter\u00e9s:<\/p>\n\n\n\n<p>Pago al contado: Cancelaci\u00f3n total en un solo pago, la deuda que llega hasta el a\u00f1o 2024, tiene quitas de hasta el 75 % de sus intereses seg\u00fan la antig\u00fcedad de los periodos a saldar.<\/p>\n\n\n\n<p>Plan de Pagos en plazos breves: Se puede financiar hasta en 6 cuotas sin inter\u00e9s.<\/p>\n\n\n\n<p>Plan de Pagos de plazos extendidos: Se puede financiar de 7 a 18 cuotas con un inter\u00e9s del orden del 6% mensual.<\/p>\n\n\n\n<p>En el caso de las deudas en instancia judicial, previo a la ejecuci\u00f3n de la deuda, la Municipalidad mantiene facilidades en hasta 3 cuotas con un inter\u00e9s diferencial al anterior, pero aun as\u00ed asegurando que aquellos que ya enfrentan procesos legales tambi\u00e9n cuenten con una v\u00eda de salida para normalizar su estado frente al Municipio.<\/p>\n\n\n\n<p>El Secretario de Econom\u00eda de la Municipalidad, David Valerga, cont\u00f3: \u201cEl objetivo central de estas facilidades es habilitar nuevamente el acceso a los beneficios fiscales del per\u00edodo vigente, ya que estar al d\u00eda permite al contribuyente obtener un 10% de descuento por pago anual anticipado y un 15% de bonificaci\u00f3n por cuota en casos de buen cumplimiento y pago en t\u00e9rmino\u201d.<\/p>\n\n\n\n<p>El Subsecretario de Econom\u00eda Contador Ignacio Buzzalino record\u00f3: \u201cEl calendario impositivo 2026 ya est\u00e1 en marcha: la Tasa por Servicios Generales como la de Conservaci\u00f3n de la Red Vial (rural) tendr\u00e1n su primer vencimiento el 30 de este mes, como tambi\u00e9n la fecha l\u00edmite para el pago anual aprovechando el descuento del 10%, mientras que el Impuesto Automotor (patentes) de los veh\u00edculos municipalizados, que son los modelos 2015 para atr\u00e1s, iniciar\u00e1 su cronograma mensual en marzo, bajo una modalidad que busca dar mayor previsibilidad al presupuesto de los hogares, nosotros privilegiamos a los contribuyentes que cumplen con la Municipalidad\u201d.<\/p>\n\n\n\n<p>De todas formas, los contribuyentes que con posterioridad a esa fecha a\u00fan quieran cancelar de forma anticipada el a\u00f1o en curso, podr\u00e1n hacerlo a partir de marzo.<\/p>\n\n\n\n<p><strong>Tasa por Inspecci\u00f3n de Seguridad e Higiene<\/strong><\/p>\n\n\n\n<p>En lo que hace a esta Tasa, que abonan aquellos contribuyentes con habilitaci\u00f3n municipal y que desarrollan actividades comerciales o industriales, Marcos Iglesias record\u00f3 que \u201caquellos contribuyentes del r\u00e9gimen general, que tienen una al\u00edcuota del 0.9%, cuentan con el beneficio por buen cumplimiento, el que le otorga un descuento del 17 %, que sumado al descuento mercedino, por tener domicilio fiscal en nuestra localidad, y el descuento por estar adherido al d\u00e9bito autom\u00e1tico, les queda una al\u00edcuota sobre sus ingresos brutos del orden del 0.3 %\u201d.<\/p>\n\n\n\n<p>Adem\u00e1s, el funcionario aclar\u00f3 que \u201cen cuanto a los contribuyentes monotributistas, el esquema de liquidaci\u00f3n fue modificado diametralmente respecto a a\u00f1os anteriores en beneficio de los emprendedores locales. Todos los responsables monotributistas sin rubro especial van a pasar de liquidar la tasa conforme a sus diferentes categor\u00edas del monotributo a pagar el valor m\u00e1s bajo de la escala, todos pasar\u00edan a pagar el valor estipulado para la categor\u00eda (A). Es un esfuerzo que realiza el municipio en pos de fomentar y facilitar la actividad de los peque\u00f1os contribuyentes como as\u00ed tambi\u00e9n los que reci\u00e9n se inician.\u201d<\/p>\n\n\n\n<p>Adem\u00e1s, se volvieron a ratificar importantes beneficios que poseen aquellos que quieren desarrollar alguna actividad comercial o industrial en Mercedes<strong>.<\/strong><\/p>\n\n\n\n<p><strong>PRODUCTORES RURALES DEL SECTOR GANADERO<\/strong><\/p>\n\n\n\n<ul class=\"wp-block-list\">\n<li>Tasa por Control de Marcas y Se\u00f1ales SIN CARGO para todo productor que no supere un stock de 130 cabezas de ganado bovino<\/li>\n\n\n\n<li>Se crea el Fondo de Apoyo al Productor Ganadero para afrontar cuestiones sanitarias y\/o de infraestructura, el que se instrumentara a trav\u00e9s de subsidios o microcr\u00e9ditos<\/li>\n\n\n\n<li>Se agiliza el tr\u00e1mite por digitalizaci\u00f3n del sistema de generaci\u00f3n de gu\u00eda y pago electr\u00f3nico.<\/li>\n<\/ul>\n\n\n\n<p><strong>SIMPLIFICACI\u00d3N DE LA ORDENANZA FISCAL E IMPOSITIVA<\/strong><\/p>\n\n\n\n<p><strong>Eliminamos y reducimos conceptos, muchos tributos que ser\u00e1n sin cargo y simplificamos tr\u00e1mites. Esto significa que se eliminan o simplifican m\u00e1s de un&nbsp;<u>centenar<\/u>&nbsp;de tr\u00e1mites y\/o conceptos:<\/strong><\/p>\n\n\n\n<p><strong>COMERCIOS<\/strong><\/p>\n\n\n\n<ul class=\"wp-block-list\">\n<li>Tasa por Habilitaci\u00f3n de Comercios, con una superficie inferior a los 149 m2, ser\u00e1n SIN CARGO<\/li>\n\n\n\n<li>Tasa por Inspecci\u00f3n de Seguridad e Higiene (TISH) para el r\u00e9gimen general tiene un descuento del 50 % por domicilio fiscal en Mercedes + descuentos del 17 % por buen cumplimiento + descuento por adherir a pago debitado, todo esto lleva la al\u00edcuota del 0.90 % al 0.31 %, una reducci\u00f3n de un\u00a0<strong>66.66 %<\/strong><\/li>\n\n\n\n<li>Veh\u00edculos de uso comercial SIN CARGO<\/li>\n\n\n\n<li>Transporte para publicidad rodante SIN CARGO<\/li>\n\n\n\n<li>Transporte de sustancias alimenticias sin l\u00edmites en los Kg de carga SIN CARGO<\/li>\n\n\n\n<li>Operadores de aceite vegetal usado SIN CARGO<\/li>\n\n\n\n<li>Venta de art\u00edculos de pirotecnia NO SONORA SIN CARGO<\/li>\n\n\n\n<li>Habilitaci\u00f3n de natatorios y colonias de vacaciones SIN CARGO<\/li>\n\n\n\n<li>Por vuelco y habilitaci\u00f3n de contenedores de empresas locales SIN CARGO<\/li>\n\n\n\n<li>Desinsectaci\u00f3n de taxis o remises SIN CARGO<\/li>\n\n\n\n<li>Habilitaci\u00f3n de taxis o remises se redujo el valor en un 40%<\/li>\n<\/ul>\n\n\n\n<p><strong>DERECHOS COMERCIALES<\/strong><\/p>\n\n\n\n<p><strong>Uso del espacio p\u00fablico<\/strong><\/p>\n\n\n\n<ul class=\"wp-block-list\">\n<li>Mesas y sillas en el espacio p\u00fablico de locales gastron\u00f3micos SIN CARGO<\/li>\n\n\n\n<li>Derecho de espect\u00e1culos p\u00fablicos organizado por clubes o instituciones sin fines de lucro sin l\u00edmites de asistentes SIN CARGO<\/li>\n\n\n\n<li>Carros gastron\u00f3micos SIN CARGO<\/li>\n<\/ul>\n\n\n\n<p><strong>Publicidad y propaganda<\/strong><\/p>\n\n\n\n<ul class=\"wp-block-list\">\n<li>Publicidad en sillas, mesas y sombrillas SIN CARGO<\/li>\n\n\n\n<li>Publicidad con banderas, estandartes, gallardetes SIN CARGO<\/li>\n\n\n\n<li>Publicidad con pasacalles SIN CARGO<\/li>\n\n\n\n<li>Letreros colocados en frentes de obras en construcci\u00f3n, con publicidad comercial SIN CARGO<\/li>\n\n\n\n<li>Publicidad ciclomotor, motos o similares SIN CARGO<\/li>\n\n\n\n<li>Aviso realizado en veh\u00edculo de reparto, carga o similares SIN CARGO<\/li>\n\n\n\n<li>Uso de stands, carpas y sombrillas SIN CARGO<\/li>\n\n\n\n<li>Publicidad rodante en veh\u00edculos terrestres y\/o a\u00e9reos SIN CARGO<\/li>\n<\/ul>\n\n\n\n<p><strong>Derechos de Oficina<\/strong><\/p>\n\n\n\n<ul class=\"wp-block-list\">\n<li>Baja de comercio SIN CARGO<\/li>\n\n\n\n<li>Certificado libre deuda SIN CARGO<\/li>\n\n\n\n<li>Copia de planos SIN CARGO<\/li>\n\n\n\n<li>Certificado de numeraci\u00f3n domiciliaria SIN CARGO<\/li>\n\n\n\n<li>Libre deuda de patente SIN CARGO<\/li>\n\n\n\n<li>Iniciaci\u00f3n de expediente SIN CARGO<\/li>\n\n\n\n<li>Reposici\u00f3n de foja SIN CARGO<\/li>\n\n\n\n<li>Por cada copia adicional, duplicado de certificados SIN CARGO<\/li>\n\n\n\n<li>Expedici\u00f3n de certificado de actividad SIN CARGO<\/li>\n\n\n\n<li>Inscripci\u00f3n como proveedor municipal SIN CARGO<\/li>\n<\/ul>\n\n\n\n<p><strong>TASAS DE SERVICIOS GENERALES<\/strong><\/p>\n\n\n\n<ul class=\"wp-block-list\">\n<li>Se crea la Tarifa Social para la Tasa de Servicios Generales<\/li>\n\n\n\n<li>Sera beneficiario todo contribuyente que posea la tarifa social ante EDEN SA, Cooperativa LEVIN o Cooperativa Franklin.<\/li>\n\n\n\n<li>Descuentos del 10 % por pago anual.<\/li>\n\n\n\n<li>Descuento del 15 % por buen cumplimiento.<\/li>\n\n\n\n<li>Eximici\u00f3n del Derecho de Construcci\u00f3n en inmuebles con destino de vivienda familiar hasta 100 m2.<\/li>\n<\/ul>\n\n\n\n<p>Por \u00faltimo, el Dr. David Valerga cerraba indicando que, \u201ctodo pensado para ayudar al que genera trabajo, porque gobernar es crear trabajo\u201d.<\/p>\n","protected":false},"excerpt":{"rendered":"<p>La Municipalidad de Mercedes, a trav\u00e9s de su oficina de Ingresos P\u00fablicos, record\u00f3 el esquema existente de regularizaci\u00f3n fiscal destinado &#8230; <a title=\"\u201cPrivilegiamos a los contribuyentes que cumplen con la Municipalidad\u201d\" class=\"read-more\" href=\"https:\/\/www.hoymercedes.com.ar\/principal\/2026\/01\/26\/privilegiamos-a-los-contribuyentes-que-cumplen-con-la-municipalidad\/\" aria-label=\"Leer m\u00e1s sobre \u201cPrivilegiamos a los contribuyentes que cumplen con la Municipalidad\u201d\">Leer m\u00e1s<\/a><\/p>\n","protected":false},"author":6,"featured_media":0,"comment_status":"closed","ping_status":"open","sticky":false,"template":"","format":"standard","meta":{"_monsterinsights_skip_tracking":false,"_monsterinsights_sitenote_active":false,"_monsterinsights_sitenote_note":"","_monsterinsights_sitenote_category":0,"jetpack_post_was_ever_published":false,"_jetpack_newsletter_access":"","_jetpack_dont_email_post_to_subs":false,"_jetpack_newsletter_tier_id":0,"_jetpack_memberships_contains_paywalled_content":false,"_jetpack_memberships_contains_paid_content":false,"footnotes":"","jetpack_publicize_message":"","jetpack_publicize_feature_enabled":true,"jetpack_social_post_already_shared":true,"jetpack_social_options":{"image_generator_settings":{"template":"highway","default_image_id":0,"font":"","enabled":false},"version":2},"_wpas_customize_per_network":false},"categories":[8],"tags":[],"class_list":["post-191202","post","type-post","status-publish","format-standard","hentry","category-sociedad","generate-columns","tablet-grid-50","mobile-grid-100","grid-parent","grid-50"],"jetpack_publicize_connections":[],"jetpack_featured_media_url":"","wps_subtitle":"","jetpack_sharing_enabled":true,"_links":{"self":[{"href":"https:\/\/www.hoymercedes.com.ar\/principal\/wp-json\/wp\/v2\/posts\/191202","targetHints":{"allow":["GET"]}}],"collection":[{"href":"https:\/\/www.hoymercedes.com.ar\/principal\/wp-json\/wp\/v2\/posts"}],"about":[{"href":"https:\/\/www.hoymercedes.com.ar\/principal\/wp-json\/wp\/v2\/types\/post"}],"author":[{"embeddable":true,"href":"https:\/\/www.hoymercedes.com.ar\/principal\/wp-json\/wp\/v2\/users\/6"}],"replies":[{"embeddable":true,"href":"https:\/\/www.hoymercedes.com.ar\/principal\/wp-json\/wp\/v2\/comments?post=191202"}],"version-history":[{"count":1,"href":"https:\/\/www.hoymercedes.com.ar\/principal\/wp-json\/wp\/v2\/posts\/191202\/revisions"}],"predecessor-version":[{"id":191203,"href":"https:\/\/www.hoymercedes.com.ar\/principal\/wp-json\/wp\/v2\/posts\/191202\/revisions\/191203"}],"wp:attachment":[{"href":"https:\/\/www.hoymercedes.com.ar\/principal\/wp-json\/wp\/v2\/media?parent=191202"}],"wp:term":[{"taxonomy":"category","embeddable":true,"href":"https:\/\/www.hoymercedes.com.ar\/principal\/wp-json\/wp\/v2\/categories?post=191202"},{"taxonomy":"post_tag","embeddable":true,"href":"https:\/\/www.hoymercedes.com.ar\/principal\/wp-json\/wp\/v2\/tags?post=191202"}],"curies":[{"name":"wp","href":"https:\/\/api.w.org\/{rel}","templated":true}]}}