{"id":191204,"date":"2026-01-26T18:17:06","date_gmt":"2026-01-26T21:17:06","guid":{"rendered":"https:\/\/www.hoymercedes.com.ar\/principal\/?p=191204"},"modified":"2026-01-26T18:17:08","modified_gmt":"2026-01-26T21:17:08","slug":"casi-500-chicos-disfrutaron-del-programa-escuelas-abiertas-de-verano","status":"publish","type":"post","link":"https:\/\/www.hoymercedes.com.ar\/principal\/2026\/01\/26\/casi-500-chicos-disfrutaron-del-programa-escuelas-abiertas-de-verano\/","title":{"rendered":"Casi 500 chicos disfrutaron del programa Escuelas Abiertas de Verano"},"content":{"rendered":"\n<p>Casi 500 chicos participaron de las actividades de Escuelas Abiertas en Verano y ejercieron su derecho a \u201cseguir jugando y aprendiendo\u201d a trav\u00e9s del programa provincial, que en Mercedes se desarroll\u00f3 en 20 sedes diferentes y tuvo su cierre formal&nbsp;este lunes&nbsp;en la pileta del Parque Municipal Independencia con la presencia de la intendenta, Mariana San Mart\u00edn, entre otras autoridades.<\/p>\n\n\n\n<figure class=\"wp-block-image size-large\"><img loading=\"lazy\" decoding=\"async\" width=\"1024\" height=\"682\" data-attachment-id=\"191205\" data-permalink=\"https:\/\/www.hoymercedes.com.ar\/principal\/2026\/01\/26\/casi-500-chicos-disfrutaron-del-programa-escuelas-abiertas-de-verano\/img_7987\/#main\" data-orig-file=\"https:\/\/www.hoymercedes.com.ar\/principal\/wp-content\/uploads\/2026\/01\/IMG_7987.jpeg\" data-orig-size=\"1600,1066\" data-comments-opened=\"0\" data-image-meta=\"{&quot;aperture&quot;:&quot;0&quot;,&quot;credit&quot;:&quot;&quot;,&quot;camera&quot;:&quot;&quot;,&quot;caption&quot;:&quot;&quot;,&quot;created_timestamp&quot;:&quot;0&quot;,&quot;copyright&quot;:&quot;&quot;,&quot;focal_length&quot;:&quot;0&quot;,&quot;iso&quot;:&quot;0&quot;,&quot;shutter_speed&quot;:&quot;0&quot;,&quot;title&quot;:&quot;&quot;,&quot;orientation&quot;:&quot;0&quot;}\" data-image-title=\"IMG_7987\" data-image-description=\"\" data-image-caption=\"\" data-large-file=\"https:\/\/www.hoymercedes.com.ar\/principal\/wp-content\/uploads\/2026\/01\/IMG_7987-1024x682.jpeg\" src=\"https:\/\/www.hoymercedes.com.ar\/principal\/wp-content\/uploads\/2026\/01\/IMG_7987-1024x682.jpeg\" alt=\"\" class=\"wp-image-191205\" srcset=\"https:\/\/www.hoymercedes.com.ar\/principal\/wp-content\/uploads\/2026\/01\/IMG_7987-1024x682.jpeg 1024w, https:\/\/www.hoymercedes.com.ar\/principal\/wp-content\/uploads\/2026\/01\/IMG_7987-630x420.jpeg 630w, https:\/\/www.hoymercedes.com.ar\/principal\/wp-content\/uploads\/2026\/01\/IMG_7987-150x100.jpeg 150w, https:\/\/www.hoymercedes.com.ar\/principal\/wp-content\/uploads\/2026\/01\/IMG_7987-1536x1023.jpeg 1536w, https:\/\/www.hoymercedes.com.ar\/principal\/wp-content\/uploads\/2026\/01\/IMG_7987.jpeg 1600w\" sizes=\"auto, (max-width: 1024px) 100vw, 1024px\" \/><\/figure>\n\n\n\n<p>\u201cEstamos muy contentos con lo que fue Escuelas de Verano, una pol\u00edtica p\u00fablica que lleva varios a\u00f1os pero que se va fortaleciendo por la decisi\u00f3n del gobernador y, en nuestro caso, del intendente Juani Ustarroz\u201d, dijo San Mart\u00edn.<\/p>\n\n\n\n<p>\u201cUna gran parte de nuestra gesti\u00f3n est\u00e1 orientada a garantizar los derechos de los ni\u00f1os y las ni\u00f1as y este programa forma parte de ese objetivo. Una escuela abierta todos los d\u00edas del a\u00f1o, una comunidad educativa comprometida con el desarrollo de los chicos y un municipio de puertas abiertas para fortalecer la iniciativa. Estamos felices por el resultado\u201d, a\u00f1adi\u00f3.<\/p>\n\n\n\n<p>A su turno, el secretario de Educaci\u00f3n, Josi Pisano, inform\u00f3: \u201cTuvimos una gran participaci\u00f3n en las 20 sedes y las piletas habilitadas, de Goldney a Garc\u00eda, con m\u00e1s de 450 pibes. Inclusive se sumaron adolescentes de escuelas t\u00e9cnicas. Lo que m\u00e1s rescatamos es la comuni\u00f3n de docentes, auxiliares y familias para generar un espacio de encuentro entre los chicos, algo que creemos es imprescindible en un tiempo de tanta fragmentaci\u00f3n e individualismo\u201d.<\/p>\n\n\n\n<p>El programa depende de la Direcci\u00f3n General de Cultura y Educaci\u00f3n bonaerense y cont\u00f3 con la participaci\u00f3n de m\u00e1s de 220 mil ni\u00f1as, ni\u00f1os y adolescentes en edad escolar, a partir de los 3 a\u00f1os, en 1.724 sedes en los 135 municipios bonaerenses.<\/p>\n\n\n\n<p>A lo largo de enero, chicos y chicas disfrutaron de actividades recreativas, deportivas, art\u00edsticas y acu\u00e1ticas, organizadas de lunes a viernes en jornadas de cuatro horas diarias, en turnos de&nbsp;ma\u00f1ana, tarde&nbsp;y vespertino. Mercedes, como el resto de los distritos, cont\u00f3 con coordinadores, autoridades educativas, y docentes para todas las tareas que incluye el programa.<\/p>\n\n\n\n<p>\u201cAdem\u00e1s contamos con un cocinero y un auxiliar por cada una de las sedes, porque se asegura la continuidad del Servicio Alimentario Escolar, y unos 45 docentes incluyendo los guardavidas que se encuentran en las piletas del parque Municipal y el ex Instituto Unzu\u00e9. Al menos dos veces por semana asisten a estas piscinas, en transporte propio o contratado\u201d, cont\u00f3 Pisano.<\/p>\n\n\n\n<p>El jefe distrital, Cristian Ponce, en tanto asegur\u00f3: \u201cVer a los pibes felices como los vimos cada uno de estos d\u00edas nos dan la pauta de que el programa funciona. Esto es la escuela ense\u00f1ando de otra manera y toda la comunidad educativa comprometida y unida en un mismo objetivo. Estamos realmente muy contentos y vamos por m\u00e1s\u201d.<\/p>\n\n\n\n<p>Finalmente, la presidenta del Consejo Escolar, Maguy Oliva, indic\u00f3: \u201cEl trabajo conjunto se ve en la presencia de docentes, auxiliares, funcionarios, padres\u2026 Por eso el resultado es excelente. El balance es altamente positivo y nos impulsa a seguir organizando esta clase de actividades para nuestros pibes\u201d.<\/p>\n","protected":false},"excerpt":{"rendered":"<p>Casi 500 chicos participaron de las actividades de Escuelas Abiertas en Verano y ejercieron su derecho a \u201cseguir jugando y &#8230; <a title=\"Casi 500 chicos disfrutaron del programa Escuelas Abiertas de Verano\" class=\"read-more\" href=\"https:\/\/www.hoymercedes.com.ar\/principal\/2026\/01\/26\/casi-500-chicos-disfrutaron-del-programa-escuelas-abiertas-de-verano\/\" aria-label=\"Leer m\u00e1s sobre Casi 500 chicos disfrutaron del programa Escuelas Abiertas de Verano\">Leer m\u00e1s<\/a><\/p>\n","protected":false},"author":6,"featured_media":191205,"comment_status":"closed","ping_status":"open","sticky":false,"template":"","format":"standard","meta":{"_monsterinsights_skip_tracking":false,"_monsterinsights_sitenote_active":false,"_monsterinsights_sitenote_note":"","_monsterinsights_sitenote_category":0,"jetpack_post_was_ever_published":false,"_jetpack_newsletter_access":"","_jetpack_dont_email_post_to_subs":false,"_jetpack_newsletter_tier_id":0,"_jetpack_memberships_contains_paywalled_content":false,"_jetpack_memberships_contains_paid_content":false,"footnotes":"","jetpack_publicize_message":"","jetpack_publicize_feature_enabled":true,"jetpack_social_post_already_shared":true,"jetpack_social_options":{"image_generator_settings":{"template":"highway","default_image_id":0,"font":"","enabled":false},"version":2},"_wpas_customize_per_network":false},"categories":[8],"tags":[],"class_list":["post-191204","post","type-post","status-publish","format-standard","has-post-thumbnail","hentry","category-sociedad","generate-columns","tablet-grid-50","mobile-grid-100","grid-parent","grid-50"],"jetpack_publicize_connections":[],"jetpack_featured_media_url":"https:\/\/www.hoymercedes.com.ar\/principal\/wp-content\/uploads\/2026\/01\/IMG_7987.jpeg","wps_subtitle":"","jetpack_sharing_enabled":true,"_links":{"self":[{"href":"https:\/\/www.hoymercedes.com.ar\/principal\/wp-json\/wp\/v2\/posts\/191204","targetHints":{"allow":["GET"]}}],"collection":[{"href":"https:\/\/www.hoymercedes.com.ar\/principal\/wp-json\/wp\/v2\/posts"}],"about":[{"href":"https:\/\/www.hoymercedes.com.ar\/principal\/wp-json\/wp\/v2\/types\/post"}],"author":[{"embeddable":true,"href":"https:\/\/www.hoymercedes.com.ar\/principal\/wp-json\/wp\/v2\/users\/6"}],"replies":[{"embeddable":true,"href":"https:\/\/www.hoymercedes.com.ar\/principal\/wp-json\/wp\/v2\/comments?post=191204"}],"version-history":[{"count":1,"href":"https:\/\/www.hoymercedes.com.ar\/principal\/wp-json\/wp\/v2\/posts\/191204\/revisions"}],"predecessor-version":[{"id":191206,"href":"https:\/\/www.hoymercedes.com.ar\/principal\/wp-json\/wp\/v2\/posts\/191204\/revisions\/191206"}],"wp:featuredmedia":[{"embeddable":true,"href":"https:\/\/www.hoymercedes.com.ar\/principal\/wp-json\/wp\/v2\/media\/191205"}],"wp:attachment":[{"href":"https:\/\/www.hoymercedes.com.ar\/principal\/wp-json\/wp\/v2\/media?parent=191204"}],"wp:term":[{"taxonomy":"category","embeddable":true,"href":"https:\/\/www.hoymercedes.com.ar\/principal\/wp-json\/wp\/v2\/categories?post=191204"},{"taxonomy":"post_tag","embeddable":true,"href":"https:\/\/www.hoymercedes.com.ar\/principal\/wp-json\/wp\/v2\/tags?post=191204"}],"curies":[{"name":"wp","href":"https:\/\/api.w.org\/{rel}","templated":true}]}}