{"id":191217,"date":"2026-01-26T20:54:13","date_gmt":"2026-01-26T23:54:13","guid":{"rendered":"https:\/\/www.hoymercedes.com.ar\/principal\/?p=191217"},"modified":"2026-01-26T20:54:15","modified_gmt":"2026-01-26T23:54:15","slug":"impactante-balean-una-vivienda-en-lujan","status":"publish","type":"post","link":"https:\/\/www.hoymercedes.com.ar\/principal\/2026\/01\/26\/impactante-balean-una-vivienda-en-lujan\/","title":{"rendered":"Impactante: balean una vivienda en Luj\u00e1n"},"content":{"rendered":"\n<figure class=\"wp-block-embed is-type-video is-provider-youtube wp-block-embed-youtube wp-embed-aspect-4-3 wp-has-aspect-ratio\"><div class=\"wp-block-embed__wrapper\">\n<span class=\"embed-youtube\" style=\"text-align:center; display: block;\"><iframe loading=\"lazy\" class=\"youtube-player\" width=\"1200\" height=\"675\" src=\"https:\/\/www.youtube.com\/embed\/xfQz97kt1xc?version=3&#038;rel=1&#038;showsearch=0&#038;showinfo=1&#038;iv_load_policy=1&#038;fs=1&#038;hl=es-ES&#038;autohide=2&#038;wmode=transparent\" allowfullscreen=\"true\" style=\"border:0;\" sandbox=\"allow-scripts allow-same-origin allow-popups allow-presentation allow-popups-to-escape-sandbox\"><\/iframe><\/span>\n<\/div><\/figure>\n\n\n\n<p>Una vivienda de la ciudad de Luj\u00e1n fue blanco de una balacera en el marco de una causa que est\u00e1 siendo investigada por la Justicia y sobre la cual, por el momento, no se han difundido mayores precisiones. El hecho tom\u00f3 relevancia nacional luego de que diversos noticieros difundieran el impactante video del ataque.<\/p>\n\n\n\n<p>El episodio ocurri\u00f3 durante la madrugada del martes en la calle Pascual Simone. Los atacantes dispararon m\u00e1s de una decena de veces desde un autom\u00f3vil y luego se dieron a la fuga. Afortunadamente, no se registraron heridos.<\/p>\n\n\n\n<h3 class=\"wp-block-heading\"><strong>Cr\u00f3nica de un ataque brutal<\/strong><\/h3>\n\n\n\n<p>Este suceso de extrema violencia sacudi\u00f3 la tranquilidad del barrio Padre Varela. La propiedad, ubicada sobre la calle Pascual Simone \u2014a escasos metros de su intersecci\u00f3n con Rivadavia\u2014, fue atacada por desconocidos desde un veh\u00edculo en movimiento.<\/p>\n\n\n\n<p>El ataque qued\u00f3 registrado por c\u00e1maras de seguridad, cuyas im\u00e1genes revelan la impunidad con la que actuaron los agresores. En el video se observa c\u00f3mo un Chevrolet Prisma de color blanco, que circulaba por Pascual Simone proveniente de la calle Alsina, detiene su marcha frente al domicilio.<\/p>\n\n\n\n<p>Sin descender del veh\u00edculo, uno de los ocupantes, apostado en la ventanilla trasera del lado del conductor, comenz\u00f3 a abrir fuego de manera indiscriminada. Seg\u00fan los reportes, se efectuaron m\u00e1s de diez disparos contra el frente de la propiedad. La magnitud de la agresi\u00f3n fue tal que los proyectiles no solo impactaron en la estructura de la casa, sino que incluso atravesaron una pileta de lona ubicada en el jard\u00edn.<\/p>\n\n\n\n<h3 class=\"wp-block-heading\"><strong>Investigaci\u00f3n en curso<\/strong><\/h3>\n\n\n\n<p>Pese a la gravedad del incidente, que pudo haber terminado en tragedia, las fuentes consultadas confirmaron que no hubo v\u00edctimas. Tras el ataque, los delincuentes huyeron del lugar; sin embargo, horas m\u00e1s tarde, el Chevrolet Prisma utilizado en el atentado fue hallado abandonado en el barrio El Quinto, lo que refuerza la hip\u00f3tesis de un hecho planificado.<\/p>\n\n\n\n<p>Hasta el momento, las fuerzas de seguridad han mantenido un estricto hermetismo y no han brindado detalles oficiales sobre el m\u00f3vil del ataque ni sobre la identidad de los sospechosos. Mientras tanto, los vecinos manifiestan su creciente preocupaci\u00f3n y la Justicia analiza las grabaciones para identificar a los culpables.<\/p>\n","protected":false},"excerpt":{"rendered":"<p>Una vivienda de la ciudad de Luj\u00e1n fue blanco de una balacera en el marco de una causa que est\u00e1 &#8230; <a title=\"Impactante: balean una vivienda en Luj\u00e1n\" class=\"read-more\" href=\"https:\/\/www.hoymercedes.com.ar\/principal\/2026\/01\/26\/impactante-balean-una-vivienda-en-lujan\/\" aria-label=\"Leer m\u00e1s sobre Impactante: balean una vivienda en Luj\u00e1n\">Leer m\u00e1s<\/a><\/p>\n","protected":false},"author":1,"featured_media":191219,"comment_status":"closed","ping_status":"open","sticky":false,"template":"","format":"standard","meta":{"_monsterinsights_skip_tracking":false,"_monsterinsights_sitenote_active":false,"_monsterinsights_sitenote_note":"","_monsterinsights_sitenote_category":0,"jetpack_post_was_ever_published":false,"_jetpack_newsletter_access":"","_jetpack_dont_email_post_to_subs":false,"_jetpack_newsletter_tier_id":0,"_jetpack_memberships_contains_paywalled_content":false,"_jetpack_memberships_contains_paid_content":false,"footnotes":"","jetpack_publicize_message":"","jetpack_publicize_feature_enabled":true,"jetpack_social_post_already_shared":true,"jetpack_social_options":{"image_generator_settings":{"template":"highway","default_image_id":0,"font":"","enabled":false},"version":2},"_wpas_customize_per_network":false},"categories":[8],"tags":[],"class_list":["post-191217","post","type-post","status-publish","format-standard","has-post-thumbnail","hentry","category-sociedad","generate-columns","tablet-grid-50","mobile-grid-100","grid-parent","grid-50"],"jetpack_publicize_connections":[],"jetpack_featured_media_url":"https:\/\/www.hoymercedes.com.ar\/principal\/wp-content\/uploads\/2026\/01\/Captura-de-pantalla-2026-01-26-205120.png","wps_subtitle":"","jetpack_sharing_enabled":true,"_links":{"self":[{"href":"https:\/\/www.hoymercedes.com.ar\/principal\/wp-json\/wp\/v2\/posts\/191217","targetHints":{"allow":["GET"]}}],"collection":[{"href":"https:\/\/www.hoymercedes.com.ar\/principal\/wp-json\/wp\/v2\/posts"}],"about":[{"href":"https:\/\/www.hoymercedes.com.ar\/principal\/wp-json\/wp\/v2\/types\/post"}],"author":[{"embeddable":true,"href":"https:\/\/www.hoymercedes.com.ar\/principal\/wp-json\/wp\/v2\/users\/1"}],"replies":[{"embeddable":true,"href":"https:\/\/www.hoymercedes.com.ar\/principal\/wp-json\/wp\/v2\/comments?post=191217"}],"version-history":[{"count":1,"href":"https:\/\/www.hoymercedes.com.ar\/principal\/wp-json\/wp\/v2\/posts\/191217\/revisions"}],"predecessor-version":[{"id":191220,"href":"https:\/\/www.hoymercedes.com.ar\/principal\/wp-json\/wp\/v2\/posts\/191217\/revisions\/191220"}],"wp:featuredmedia":[{"embeddable":true,"href":"https:\/\/www.hoymercedes.com.ar\/principal\/wp-json\/wp\/v2\/media\/191219"}],"wp:attachment":[{"href":"https:\/\/www.hoymercedes.com.ar\/principal\/wp-json\/wp\/v2\/media?parent=191217"}],"wp:term":[{"taxonomy":"category","embeddable":true,"href":"https:\/\/www.hoymercedes.com.ar\/principal\/wp-json\/wp\/v2\/categories?post=191217"},{"taxonomy":"post_tag","embeddable":true,"href":"https:\/\/www.hoymercedes.com.ar\/principal\/wp-json\/wp\/v2\/tags?post=191217"}],"curies":[{"name":"wp","href":"https:\/\/api.w.org\/{rel}","templated":true}]}}