{"id":191221,"date":"2026-01-27T00:29:02","date_gmt":"2026-01-27T03:29:02","guid":{"rendered":"https:\/\/www.hoymercedes.com.ar\/principal\/?p=191221"},"modified":"2026-01-27T00:34:27","modified_gmt":"2026-01-27T03:34:27","slug":"dos-mercedinos-mueren-en-siniestro-en-ruta-5","status":"publish","type":"post","link":"https:\/\/www.hoymercedes.com.ar\/principal\/2026\/01\/27\/dos-mercedinos-mueren-en-siniestro-en-ruta-5\/","title":{"rendered":"Dos mercedinos mueren en siniestro en Ruta 5"},"content":{"rendered":"\n<p>Tr\u00e1gico accidente vial en Ruta Nacional N\u00b0 5. Minutos antes de las 16 hs, en el km 147,500, un Volkswagen Fox colision\u00f3 con dos camiones. Las personas fallecidas son madre e hijo, oriundos de Mercedes. Trabajaron Bomberos Voluntarios, SAME y Polic\u00eda Vial de Chivilcoy. La ruta permaneci\u00f3 totalmente cortada, con desv\u00edos habilitados.<\/p>\n\n\n\n<figure class=\"wp-block-image size-full\"><img loading=\"lazy\" decoding=\"async\" width=\"989\" height=\"635\" data-attachment-id=\"191223\" data-permalink=\"https:\/\/www.hoymercedes.com.ar\/principal\/2026\/01\/27\/dos-mercedinos-mueren-en-siniestro-en-ruta-5\/attachment\/1000396360\/#main\" data-orig-file=\"https:\/\/www.hoymercedes.com.ar\/principal\/wp-content\/uploads\/2026\/01\/1000396360.jpg\" data-orig-size=\"989,635\" data-comments-opened=\"0\" data-image-meta=\"{&quot;aperture&quot;:&quot;0&quot;,&quot;credit&quot;:&quot;&quot;,&quot;camera&quot;:&quot;&quot;,&quot;caption&quot;:&quot;&quot;,&quot;created_timestamp&quot;:&quot;0&quot;,&quot;copyright&quot;:&quot;&quot;,&quot;focal_length&quot;:&quot;0&quot;,&quot;iso&quot;:&quot;0&quot;,&quot;shutter_speed&quot;:&quot;0&quot;,&quot;title&quot;:&quot;&quot;,&quot;orientation&quot;:&quot;0&quot;}\" data-image-title=\"1000396360\" data-image-description=\"\" data-image-caption=\"\" data-large-file=\"https:\/\/www.hoymercedes.com.ar\/principal\/wp-content\/uploads\/2026\/01\/1000396360.jpg\" src=\"https:\/\/www.hoymercedes.com.ar\/principal\/wp-content\/uploads\/2026\/01\/1000396360.jpg\" alt=\"\" class=\"wp-image-191223\" srcset=\"https:\/\/www.hoymercedes.com.ar\/principal\/wp-content\/uploads\/2026\/01\/1000396360.jpg 989w, https:\/\/www.hoymercedes.com.ar\/principal\/wp-content\/uploads\/2026\/01\/1000396360-630x404.jpg 630w, https:\/\/www.hoymercedes.com.ar\/principal\/wp-content\/uploads\/2026\/01\/1000396360-150x96.jpg 150w\" sizes=\"auto, (max-width: 989px) 100vw, 989px\" \/><\/figure>\n\n\n\n<p>Un grave accidente de tr\u00e1nsito se registr\u00f3 minutos antes de las 16 horas, de ayer lunes, en el kil\u00f3metro 147,500 de la Ruta Nacional N\u00b0 5, mano ascendente, donde por causas que se tratan de establecer un autom\u00f3vil Volkswagen Fox, color negro, en el que se movilizaban dos personas&nbsp;oriundas de la ciudad de Mercedes, protagonizaron una violenta colisi\u00f3n con dos camiones, dejando como saldo el fallecimiento de ambas personas que se trasladaban en el rodado menor.<\/p>\n\n\n\n<p>Las v\u00edctimas fueron identificadas como Camilo Joel Cadena, de 22 a\u00f1os, quien manejaba el auto, acompa\u00f1ado por su madre, Lila Cadena Alvarez, de 61 a\u00f1os, de nacionalidad boliviana.<\/p>\n\n\n\n<p>De acuerdo a los datos aportados por el Comisario Mayor Miguel Angel Costa, jefe de la Polic\u00eda Vial de Chivilcoy, el Volkswagen Fox impact\u00f3 de manera lateral con un cami\u00f3n Mercedes Benz 1114, color blanco, que arrastraba un acoplado marca Randon, perteneciente a la empresa Transporte Ciro. Dicho veh\u00edculo era conducido por Nahuel Esteban Fern\u00e1ndez, de 38 a\u00f1os de edad, con domicilio en la ciudad de Chivilcoy, quien result\u00f3 ileso.<\/p>\n\n\n\n<p>Tras ese primer impacto, el autom\u00f3vil gir\u00f3 sobre la calzada y fue colisionado en su lateral derecho por un cami\u00f3n Mercedes Benz Atego 1729, que arrastraba un semirremolque marca Stahl, perteneciente a la empresa Transporte Chiavabat, cargado con chatarra. Esta unidad era conducida por Juan Manuel del Basto, de 50 a\u00f1os, domiciliado en la ciudad de Bragado, quien tambi\u00e9n result\u00f3 ileso.<br>Como consecuencia de la violencia del siniestro, el cami\u00f3n Mercedes Benz 1114 termin\u00f3 su recorrido dentro de un campo lindante sembrado con soja, mientras que el cami\u00f3n de la empresa bragadense y el Volkswagen Fox quedaron detenidos entre la banquina y la cinta asf\u00e1ltica, generando una situaci\u00f3n de extrema complejidad para la circulaci\u00f3n vehicular.<br>En el lugar trabajaron durante varias horas dotaciones de Bomberos Voluntarios de Chivilcoy, dos ambulancias del SAME y personal de la Polic\u00eda Vial de Chivilcoy, bajo la coordinaci\u00f3n del comisario Costa, llevando adelante tareas de rescate, asistencia, control del tr\u00e1nsito y preservaci\u00f3n de la escena hasta el arribo de los peritos, quienes realizaron los trabajos t\u00e9cnicos de rigor para determinar la mec\u00e1nica del hecho.<br>Entrada la noche, y tras las actuaciones correspondientes, luego de varias horas se logr\u00f3 establecer la identidad de las dos personas fallecidas, ambas oriundas de la ciudad de Mercedes, quienes se movilizaban en el autom\u00f3vil Volkswagen Fox.<br>El siniestro se produjo en un tramo de plena recta de la Ruta Nacional N\u00b0 5, la cual permaneci\u00f3 totalmente cortada al tr\u00e1nsito, implement\u00e1ndose desv\u00edos por caminos vecinales de tierra, con la correspondiente se\u00f1alizaci\u00f3n y presencia policial.<br>Este nuevo y tr\u00e1gico episodio volvi\u00f3 a poner en evidencia la peligrosidad de la Ruta Nacional N\u00b0 5, una traza que una vez m\u00e1s se cobr\u00f3 dos nuevas vidas y dej\u00f3 al descubierto la necesidad de extremar las medidas de prevenci\u00f3n, control y concientizaci\u00f3n vial.&nbsp;<br>Mientras avanzaban las investigaciones para determinar con precisi\u00f3n las responsabilidades del hecho, el dolor volvi\u00f3 a hacerse presente sobre el asfalto de una ruta que, con preocupante frecuencia, se transforma en escenario de tragedias irreparables.<\/p>\n\n\n\n<p>Fuente: La Raz\u00f3n de Chivilcoy <\/p>\n\n\n\n<p><\/p>\n","protected":false},"excerpt":{"rendered":"<p>Tr\u00e1gico accidente vial en Ruta Nacional N\u00b0 5. Minutos antes de las 16 hs, en el km 147,500, un Volkswagen &#8230; <a title=\"Dos mercedinos mueren en siniestro en Ruta 5\" class=\"read-more\" href=\"https:\/\/www.hoymercedes.com.ar\/principal\/2026\/01\/27\/dos-mercedinos-mueren-en-siniestro-en-ruta-5\/\" aria-label=\"Leer m\u00e1s sobre Dos mercedinos mueren en siniestro en Ruta 5\">Leer m\u00e1s<\/a><\/p>\n","protected":false},"author":1,"featured_media":191223,"comment_status":"closed","ping_status":"open","sticky":false,"template":"","format":"standard","meta":{"_monsterinsights_skip_tracking":false,"_monsterinsights_sitenote_active":false,"_monsterinsights_sitenote_note":"","_monsterinsights_sitenote_category":0,"jetpack_post_was_ever_published":false,"_jetpack_newsletter_access":"","_jetpack_dont_email_post_to_subs":false,"_jetpack_newsletter_tier_id":0,"_jetpack_memberships_contains_paywalled_content":false,"_jetpack_memberships_contains_paid_content":false,"footnotes":"","jetpack_publicize_message":"","jetpack_publicize_feature_enabled":true,"jetpack_social_post_already_shared":true,"jetpack_social_options":{"image_generator_settings":{"template":"highway","default_image_id":0,"font":"","enabled":false},"version":2},"_wpas_customize_per_network":false},"categories":[8],"tags":[],"class_list":["post-191221","post","type-post","status-publish","format-standard","has-post-thumbnail","hentry","category-sociedad","generate-columns","tablet-grid-50","mobile-grid-100","grid-parent","grid-50"],"jetpack_publicize_connections":[],"jetpack_featured_media_url":"https:\/\/www.hoymercedes.com.ar\/principal\/wp-content\/uploads\/2026\/01\/1000396360.jpg","wps_subtitle":"","jetpack_sharing_enabled":true,"_links":{"self":[{"href":"https:\/\/www.hoymercedes.com.ar\/principal\/wp-json\/wp\/v2\/posts\/191221","targetHints":{"allow":["GET"]}}],"collection":[{"href":"https:\/\/www.hoymercedes.com.ar\/principal\/wp-json\/wp\/v2\/posts"}],"about":[{"href":"https:\/\/www.hoymercedes.com.ar\/principal\/wp-json\/wp\/v2\/types\/post"}],"author":[{"embeddable":true,"href":"https:\/\/www.hoymercedes.com.ar\/principal\/wp-json\/wp\/v2\/users\/1"}],"replies":[{"embeddable":true,"href":"https:\/\/www.hoymercedes.com.ar\/principal\/wp-json\/wp\/v2\/comments?post=191221"}],"version-history":[{"count":5,"href":"https:\/\/www.hoymercedes.com.ar\/principal\/wp-json\/wp\/v2\/posts\/191221\/revisions"}],"predecessor-version":[{"id":191229,"href":"https:\/\/www.hoymercedes.com.ar\/principal\/wp-json\/wp\/v2\/posts\/191221\/revisions\/191229"}],"wp:featuredmedia":[{"embeddable":true,"href":"https:\/\/www.hoymercedes.com.ar\/principal\/wp-json\/wp\/v2\/media\/191223"}],"wp:attachment":[{"href":"https:\/\/www.hoymercedes.com.ar\/principal\/wp-json\/wp\/v2\/media?parent=191221"}],"wp:term":[{"taxonomy":"category","embeddable":true,"href":"https:\/\/www.hoymercedes.com.ar\/principal\/wp-json\/wp\/v2\/categories?post=191221"},{"taxonomy":"post_tag","embeddable":true,"href":"https:\/\/www.hoymercedes.com.ar\/principal\/wp-json\/wp\/v2\/tags?post=191221"}],"curies":[{"name":"wp","href":"https:\/\/api.w.org\/{rel}","templated":true}]}}