{"id":191289,"date":"2026-01-30T09:52:00","date_gmt":"2026-01-30T12:52:00","guid":{"rendered":"https:\/\/www.hoymercedes.com.ar\/principal\/?p=191289"},"modified":"2026-01-27T14:55:17","modified_gmt":"2026-01-27T17:55:17","slug":"teatro-talia-lanza-dos-nuevos-talleres-para-adultos-en-su-agenda-cultural-2026","status":"publish","type":"post","link":"https:\/\/www.hoymercedes.com.ar\/principal\/2026\/01\/30\/teatro-talia-lanza-dos-nuevos-talleres-para-adultos-en-su-agenda-cultural-2026\/","title":{"rendered":"Teatro Tal\u00eda lanza dos nuevos talleres para adultos en su agenda cultural 2026"},"content":{"rendered":"\n<p>El Teatro Tal\u00eda de Mercedes anunci\u00f3 la incorporaci\u00f3n de dos talleres dirigidos a mayores de 18 a\u00f1os como parte de su programaci\u00f3n art\u00edstica de este a\u00f1o, reforzando su rol como un espacio de formaci\u00f3n y encuentro comunitario.<\/p>\n\n\n\n<figure class=\"wp-block-image size-full\"><img loading=\"lazy\" decoding=\"async\" width=\"1024\" height=\"683\" data-attachment-id=\"191290\" data-permalink=\"https:\/\/www.hoymercedes.com.ar\/principal\/2026\/01\/30\/teatro-talia-lanza-dos-nuevos-talleres-para-adultos-en-su-agenda-cultural-2026\/whatsapp-image-2026-01-26-at-23-36-57\/#main\" data-orig-file=\"https:\/\/www.hoymercedes.com.ar\/principal\/wp-content\/uploads\/2026\/01\/WhatsApp-Image-2026-01-26-at-23.36.57.jpeg\" data-orig-size=\"1024,683\" data-comments-opened=\"0\" data-image-meta=\"{&quot;aperture&quot;:&quot;0&quot;,&quot;credit&quot;:&quot;&quot;,&quot;camera&quot;:&quot;&quot;,&quot;caption&quot;:&quot;&quot;,&quot;created_timestamp&quot;:&quot;0&quot;,&quot;copyright&quot;:&quot;&quot;,&quot;focal_length&quot;:&quot;0&quot;,&quot;iso&quot;:&quot;0&quot;,&quot;shutter_speed&quot;:&quot;0&quot;,&quot;title&quot;:&quot;&quot;,&quot;orientation&quot;:&quot;0&quot;}\" data-image-title=\"WhatsApp Image 2026-01-26 at 23.36.57\" data-image-description=\"\" data-image-caption=\"\" data-large-file=\"https:\/\/www.hoymercedes.com.ar\/principal\/wp-content\/uploads\/2026\/01\/WhatsApp-Image-2026-01-26-at-23.36.57.jpeg\" src=\"https:\/\/www.hoymercedes.com.ar\/principal\/wp-content\/uploads\/2026\/01\/WhatsApp-Image-2026-01-26-at-23.36.57.jpeg\" alt=\"\" class=\"wp-image-191290\" srcset=\"https:\/\/www.hoymercedes.com.ar\/principal\/wp-content\/uploads\/2026\/01\/WhatsApp-Image-2026-01-26-at-23.36.57.jpeg 1024w, https:\/\/www.hoymercedes.com.ar\/principal\/wp-content\/uploads\/2026\/01\/WhatsApp-Image-2026-01-26-at-23.36.57-630x420.jpeg 630w, https:\/\/www.hoymercedes.com.ar\/principal\/wp-content\/uploads\/2026\/01\/WhatsApp-Image-2026-01-26-at-23.36.57-150x100.jpeg 150w\" sizes=\"auto, (max-width: 1024px) 100vw, 1024px\" \/><\/figure>\n\n\n\n<p>Desde marzo, quienes est\u00e9n interesados podr\u00e1n participar del Taller de Teatro 2026, coordinado por Jorge Naipauer, que se dictar\u00e1 semanalmente de 19:30 a 21:30 hs. Esta propuesta anual est\u00e1 dise\u00f1ada tanto para quienes ya tienen experiencia en escena como para quienes desean explorar la actuaci\u00f3n por primera vez, trabajando progresivamente desde la expresi\u00f3n corporal hasta la construcci\u00f3n de escenas.<\/p>\n\n\n\n<p>Adem\u00e1s, se sumar\u00e1 el Taller de Juegos Teatrales, a cargo de Stella Siri, que comenzar\u00e1 el lunes 23 de marzo, con clases los lunes de 16:30 a 18:30 hs. Esta actividad se focaliza en la desinhibici\u00f3n, la interacci\u00f3n grupal y el uso del teatro como juego, sin exigir conocimientos previos ni experiencia en artes esc\u00e9nicas.<\/p>\n\n\n\n<p>Las dos iniciativas buscan convertirse en espacios de expresi\u00f3n creativa y socializaci\u00f3n, invitando a la comunidad a vivir el arte esc\u00e9nico como una experiencia compartida que estimula la imaginaci\u00f3n, la confianza y el encuentro con otros participantes.<\/p>\n","protected":false},"excerpt":{"rendered":"<p>El Teatro Tal\u00eda de Mercedes anunci\u00f3 la incorporaci\u00f3n de dos talleres dirigidos a mayores de 18 a\u00f1os como parte de &#8230; <a title=\"Teatro Tal\u00eda lanza dos nuevos talleres para adultos en su agenda cultural 2026\" class=\"read-more\" href=\"https:\/\/www.hoymercedes.com.ar\/principal\/2026\/01\/30\/teatro-talia-lanza-dos-nuevos-talleres-para-adultos-en-su-agenda-cultural-2026\/\" aria-label=\"Leer m\u00e1s sobre Teatro Tal\u00eda lanza dos nuevos talleres para adultos en su agenda cultural 2026\">Leer m\u00e1s<\/a><\/p>\n","protected":false},"author":1,"featured_media":191290,"comment_status":"closed","ping_status":"open","sticky":false,"template":"","format":"standard","meta":{"_monsterinsights_skip_tracking":false,"_monsterinsights_sitenote_active":false,"_monsterinsights_sitenote_note":"","_monsterinsights_sitenote_category":0,"jetpack_post_was_ever_published":false,"_jetpack_newsletter_access":"","_jetpack_dont_email_post_to_subs":false,"_jetpack_newsletter_tier_id":0,"_jetpack_memberships_contains_paywalled_content":false,"_jetpack_memberships_contains_paid_content":false,"footnotes":"","jetpack_publicize_message":"","jetpack_publicize_feature_enabled":true,"jetpack_social_post_already_shared":true,"jetpack_social_options":{"image_generator_settings":{"template":"highway","default_image_id":0,"font":"","enabled":false},"version":2},"_wpas_customize_per_network":false},"categories":[104],"tags":[],"class_list":["post-191289","post","type-post","status-publish","format-standard","has-post-thumbnail","hentry","category-cultura","generate-columns","tablet-grid-50","mobile-grid-100","grid-parent","grid-50"],"jetpack_publicize_connections":[],"jetpack_featured_media_url":"https:\/\/www.hoymercedes.com.ar\/principal\/wp-content\/uploads\/2026\/01\/WhatsApp-Image-2026-01-26-at-23.36.57.jpeg","wps_subtitle":"","jetpack_sharing_enabled":true,"_links":{"self":[{"href":"https:\/\/www.hoymercedes.com.ar\/principal\/wp-json\/wp\/v2\/posts\/191289","targetHints":{"allow":["GET"]}}],"collection":[{"href":"https:\/\/www.hoymercedes.com.ar\/principal\/wp-json\/wp\/v2\/posts"}],"about":[{"href":"https:\/\/www.hoymercedes.com.ar\/principal\/wp-json\/wp\/v2\/types\/post"}],"author":[{"embeddable":true,"href":"https:\/\/www.hoymercedes.com.ar\/principal\/wp-json\/wp\/v2\/users\/1"}],"replies":[{"embeddable":true,"href":"https:\/\/www.hoymercedes.com.ar\/principal\/wp-json\/wp\/v2\/comments?post=191289"}],"version-history":[{"count":1,"href":"https:\/\/www.hoymercedes.com.ar\/principal\/wp-json\/wp\/v2\/posts\/191289\/revisions"}],"predecessor-version":[{"id":191291,"href":"https:\/\/www.hoymercedes.com.ar\/principal\/wp-json\/wp\/v2\/posts\/191289\/revisions\/191291"}],"wp:featuredmedia":[{"embeddable":true,"href":"https:\/\/www.hoymercedes.com.ar\/principal\/wp-json\/wp\/v2\/media\/191290"}],"wp:attachment":[{"href":"https:\/\/www.hoymercedes.com.ar\/principal\/wp-json\/wp\/v2\/media?parent=191289"}],"wp:term":[{"taxonomy":"category","embeddable":true,"href":"https:\/\/www.hoymercedes.com.ar\/principal\/wp-json\/wp\/v2\/categories?post=191289"},{"taxonomy":"post_tag","embeddable":true,"href":"https:\/\/www.hoymercedes.com.ar\/principal\/wp-json\/wp\/v2\/tags?post=191289"}],"curies":[{"name":"wp","href":"https:\/\/api.w.org\/{rel}","templated":true}]}}