{"id":191328,"date":"2026-01-29T16:05:52","date_gmt":"2026-01-29T19:05:52","guid":{"rendered":"https:\/\/www.hoymercedes.com.ar\/principal\/?p=191328"},"modified":"2026-01-28T16:11:36","modified_gmt":"2026-01-28T19:11:36","slug":"argentina-1985-sera-proyectada-en-un-nuevo-ciclo-de-cine-en-mercedes","status":"publish","type":"post","link":"https:\/\/www.hoymercedes.com.ar\/principal\/2026\/01\/29\/argentina-1985-sera-proyectada-en-un-nuevo-ciclo-de-cine-en-mercedes\/","title":{"rendered":"\u201cArgentina, 1985\u201d ser\u00e1 proyectada en un nuevo ciclo de cine en Mercedes"},"content":{"rendered":"\n<p>La Juventud del Partido Obrero de Mercedes anunci\u00f3 que la pel\u00edcula <strong>\u201cArgentina, 1985\u201d<\/strong> formar\u00e1 parte de un ciclo de cine que se desarrolla como antesala del campamento anual de fin de verano.<\/p>\n\n\n\n<figure class=\"wp-block-image size-full\"><img loading=\"lazy\" decoding=\"async\" width=\"680\" height=\"630\" data-attachment-id=\"191329\" data-permalink=\"https:\/\/www.hoymercedes.com.ar\/principal\/2026\/01\/29\/argentina-1985-sera-proyectada-en-un-nuevo-ciclo-de-cine-en-mercedes\/argentina1985-2022\/#main\" data-orig-file=\"https:\/\/www.hoymercedes.com.ar\/principal\/wp-content\/uploads\/2026\/01\/Argentina1985-2022.jpg\" data-orig-size=\"680,630\" data-comments-opened=\"0\" data-image-meta=\"{&quot;aperture&quot;:&quot;0&quot;,&quot;credit&quot;:&quot;&quot;,&quot;camera&quot;:&quot;&quot;,&quot;caption&quot;:&quot;&quot;,&quot;created_timestamp&quot;:&quot;0&quot;,&quot;copyright&quot;:&quot;&quot;,&quot;focal_length&quot;:&quot;0&quot;,&quot;iso&quot;:&quot;0&quot;,&quot;shutter_speed&quot;:&quot;0&quot;,&quot;title&quot;:&quot;&quot;,&quot;orientation&quot;:&quot;0&quot;}\" data-image-title=\"Argentina1985-2022\" data-image-description=\"\" data-image-caption=\"\" data-large-file=\"https:\/\/www.hoymercedes.com.ar\/principal\/wp-content\/uploads\/2026\/01\/Argentina1985-2022.jpg\" src=\"https:\/\/www.hoymercedes.com.ar\/principal\/wp-content\/uploads\/2026\/01\/Argentina1985-2022.jpg\" alt=\"\" class=\"wp-image-191329\" srcset=\"https:\/\/www.hoymercedes.com.ar\/principal\/wp-content\/uploads\/2026\/01\/Argentina1985-2022.jpg 680w, https:\/\/www.hoymercedes.com.ar\/principal\/wp-content\/uploads\/2026\/01\/Argentina1985-2022-630x584.jpg 630w, https:\/\/www.hoymercedes.com.ar\/principal\/wp-content\/uploads\/2026\/01\/Argentina1985-2022-150x139.jpg 150w\" sizes=\"auto, (max-width: 680px) 100vw, 680px\" \/><\/figure>\n\n\n\n<p>La proyecci\u00f3n est\u00e1 programada para <strong>el jueves 29 de enero a partir de las 19:00<\/strong> en la sede del <strong>Club San Jos\u00e9<\/strong>, ubicado en <strong>H\u00e9roes de Malvinas y calle 50<\/strong>.<\/p>\n\n\n\n<p>Este filme, dirigido por <strong>Santiago Mitre<\/strong> y protagonizado por <strong>Ricardo Dar\u00edn<\/strong> en el papel del fiscal <strong>Julio C\u00e9sar Strassera<\/strong> y <strong>Peter Lanzani<\/strong> como su asistente <strong>Luis Moreno Ocampo<\/strong>, fue <strong>nominado al Oscar<\/strong> y retrata el hist\u00f3rico <strong>Juicio a las Juntas<\/strong> que juzg\u00f3 a los m\u00e1ximos responsables de la \u00faltima dictadura militar argentina.<\/p>\n\n\n\n<p>Adem\u00e1s de las actuaciones principales de Dar\u00edn y Lanzani, el largometraje cuenta con un elenco destacado, entre quienes se incluyen <strong>Alejandra Flechner<\/strong> y <strong>Alejandra Pamp\u00edn<\/strong>, entre otros.<\/p>\n\n\n\n<p>La proyecci\u00f3n se complementar\u00e1 con un <strong>debate posterior<\/strong> en el que se analizar\u00e1 el significado del Juicio a las Juntas y su relaci\u00f3n con la memoria, la verdad y la justicia en la actualidad, en particular desde la perspectiva de la juventud y la clase trabajadora. En el espacio tambi\u00e9n se ofrecer\u00e1n <strong>bebidas y snacks a precios accesibles<\/strong> para quienes asistan.<\/p>\n","protected":false},"excerpt":{"rendered":"<p>La Juventud del Partido Obrero de Mercedes anunci\u00f3 que la pel\u00edcula \u201cArgentina, 1985\u201d formar\u00e1 parte de un ciclo de cine &#8230; <a title=\"\u201cArgentina, 1985\u201d ser\u00e1 proyectada en un nuevo ciclo de cine en Mercedes\" class=\"read-more\" href=\"https:\/\/www.hoymercedes.com.ar\/principal\/2026\/01\/29\/argentina-1985-sera-proyectada-en-un-nuevo-ciclo-de-cine-en-mercedes\/\" aria-label=\"Leer m\u00e1s sobre \u201cArgentina, 1985\u201d ser\u00e1 proyectada en un nuevo ciclo de cine en Mercedes\">Leer m\u00e1s<\/a><\/p>\n","protected":false},"author":1,"featured_media":191329,"comment_status":"closed","ping_status":"open","sticky":false,"template":"","format":"standard","meta":{"_monsterinsights_skip_tracking":false,"_monsterinsights_sitenote_active":false,"_monsterinsights_sitenote_note":"","_monsterinsights_sitenote_category":0,"jetpack_post_was_ever_published":false,"_jetpack_newsletter_access":"","_jetpack_dont_email_post_to_subs":false,"_jetpack_newsletter_tier_id":0,"_jetpack_memberships_contains_paywalled_content":false,"_jetpack_memberships_contains_paid_content":false,"footnotes":"","jetpack_publicize_message":"","jetpack_publicize_feature_enabled":true,"jetpack_social_post_already_shared":true,"jetpack_social_options":{"image_generator_settings":{"template":"highway","default_image_id":0,"font":"","enabled":false},"version":2},"_wpas_customize_per_network":false},"categories":[104],"tags":[],"class_list":["post-191328","post","type-post","status-publish","format-standard","has-post-thumbnail","hentry","category-cultura","generate-columns","tablet-grid-50","mobile-grid-100","grid-parent","grid-50"],"jetpack_publicize_connections":[],"jetpack_featured_media_url":"https:\/\/www.hoymercedes.com.ar\/principal\/wp-content\/uploads\/2026\/01\/Argentina1985-2022.jpg","wps_subtitle":"","jetpack_sharing_enabled":true,"_links":{"self":[{"href":"https:\/\/www.hoymercedes.com.ar\/principal\/wp-json\/wp\/v2\/posts\/191328","targetHints":{"allow":["GET"]}}],"collection":[{"href":"https:\/\/www.hoymercedes.com.ar\/principal\/wp-json\/wp\/v2\/posts"}],"about":[{"href":"https:\/\/www.hoymercedes.com.ar\/principal\/wp-json\/wp\/v2\/types\/post"}],"author":[{"embeddable":true,"href":"https:\/\/www.hoymercedes.com.ar\/principal\/wp-json\/wp\/v2\/users\/1"}],"replies":[{"embeddable":true,"href":"https:\/\/www.hoymercedes.com.ar\/principal\/wp-json\/wp\/v2\/comments?post=191328"}],"version-history":[{"count":1,"href":"https:\/\/www.hoymercedes.com.ar\/principal\/wp-json\/wp\/v2\/posts\/191328\/revisions"}],"predecessor-version":[{"id":191330,"href":"https:\/\/www.hoymercedes.com.ar\/principal\/wp-json\/wp\/v2\/posts\/191328\/revisions\/191330"}],"wp:featuredmedia":[{"embeddable":true,"href":"https:\/\/www.hoymercedes.com.ar\/principal\/wp-json\/wp\/v2\/media\/191329"}],"wp:attachment":[{"href":"https:\/\/www.hoymercedes.com.ar\/principal\/wp-json\/wp\/v2\/media?parent=191328"}],"wp:term":[{"taxonomy":"category","embeddable":true,"href":"https:\/\/www.hoymercedes.com.ar\/principal\/wp-json\/wp\/v2\/categories?post=191328"},{"taxonomy":"post_tag","embeddable":true,"href":"https:\/\/www.hoymercedes.com.ar\/principal\/wp-json\/wp\/v2\/tags?post=191328"}],"curies":[{"name":"wp","href":"https:\/\/api.w.org\/{rel}","templated":true}]}}