{"id":191350,"date":"2026-01-30T13:33:00","date_gmt":"2026-01-30T16:33:00","guid":{"rendered":"https:\/\/www.hoymercedes.com.ar\/principal\/?p=191350"},"modified":"2026-01-30T10:43:53","modified_gmt":"2026-01-30T13:43:53","slug":"aventuras-y-suspenso-en-el-cine-mercedes","status":"publish","type":"post","link":"https:\/\/www.hoymercedes.com.ar\/principal\/2026\/01\/30\/aventuras-y-suspenso-en-el-cine-mercedes\/","title":{"rendered":"Aventuras y suspenso en el Cine Mercedes"},"content":{"rendered":"\n<p>Desde el viernes 30 de enero al martes 3 de febrero, se presenta en la pantalla local del Cine Mercedes dos pel\u00edculas. Una familiar y de animaci\u00f3n, en tanto para los m\u00e1s grandes se puede ver un thriller. \u00abEl Gran Premio a Toda Velocidad\u00bb en las funciones de las 18:30 hs, mientras que \u00ab\u00a1Ayuda!\u00bb en la funci\u00f3n de las 20:45 hs.<\/p>\n\n\n<div class=\"wp-block-image\">\n<figure class=\"aligncenter size-full\"><img loading=\"lazy\" decoding=\"async\" width=\"827\" height=\"821\" data-attachment-id=\"191352\" data-permalink=\"https:\/\/www.hoymercedes.com.ar\/principal\/2026\/01\/30\/aventuras-y-suspenso-en-el-cine-mercedes\/gacetilla-cine-mercedes-44-4\/#main\" data-orig-file=\"https:\/\/www.hoymercedes.com.ar\/principal\/wp-content\/uploads\/2026\/01\/Gacetilla-Cine-Mercedes-44.png\" data-orig-size=\"827,821\" data-comments-opened=\"0\" data-image-meta=\"{&quot;aperture&quot;:&quot;0&quot;,&quot;credit&quot;:&quot;&quot;,&quot;camera&quot;:&quot;&quot;,&quot;caption&quot;:&quot;&quot;,&quot;created_timestamp&quot;:&quot;0&quot;,&quot;copyright&quot;:&quot;&quot;,&quot;focal_length&quot;:&quot;0&quot;,&quot;iso&quot;:&quot;0&quot;,&quot;shutter_speed&quot;:&quot;0&quot;,&quot;title&quot;:&quot;&quot;,&quot;orientation&quot;:&quot;0&quot;}\" data-image-title=\"Gacetilla Cine Mercedes (44)\" data-image-description=\"\" data-image-caption=\"\" data-large-file=\"https:\/\/www.hoymercedes.com.ar\/principal\/wp-content\/uploads\/2026\/01\/Gacetilla-Cine-Mercedes-44.png\" src=\"https:\/\/www.hoymercedes.com.ar\/principal\/wp-content\/uploads\/2026\/01\/Gacetilla-Cine-Mercedes-44.png\" alt=\"\" class=\"wp-image-191352\" srcset=\"https:\/\/www.hoymercedes.com.ar\/principal\/wp-content\/uploads\/2026\/01\/Gacetilla-Cine-Mercedes-44.png 827w, https:\/\/www.hoymercedes.com.ar\/principal\/wp-content\/uploads\/2026\/01\/Gacetilla-Cine-Mercedes-44-625x620.png 625w, https:\/\/www.hoymercedes.com.ar\/principal\/wp-content\/uploads\/2026\/01\/Gacetilla-Cine-Mercedes-44-150x150.png 150w\" sizes=\"auto, (max-width: 827px) 100vw, 827px\" \/><\/figure>\n<\/div>\n\n\n<p>Sinopsis \u00abEl Gran Premio a toda velocidad\u00bb: Edda sue\u00f1a con convertirse en piloto de carreras. Inesperadamente, su deseo se hace realidad: \u00a1\u00e9ste pasa de ser un parque de atracciones en decadencia a un circuito de competici\u00f3n! Junto a su \u00eddolo, el piloto Ed, afrontar\u00e1 los desaf\u00edos del Gran Premio de Europa y descubrir\u00e1 un complot para sabotear la carrera. \u00bfConseguir\u00e1n salvar la competici\u00f3n y evitar el cierre del parque?<\/p>\n\n\n\n<p>Sinosis \u00ab\u00a1Ayuda!\u00bb: Despu\u00e9s de que un accidente de avi\u00f3n deje varados en una isla remota a una competente empleada y a su insoportable jefe, ella deber\u00e1 utilizar sus habilidades de supervivencia para mantenerlos a ambos con vida, a pesar de su dif\u00edcil relaci\u00f3n.<br><\/p>\n","protected":false},"excerpt":{"rendered":"<p>Desde el viernes 30 de enero al martes 3 de febrero, se presenta en la pantalla local del Cine Mercedes &#8230; <a title=\"Aventuras y suspenso en el Cine Mercedes\" class=\"read-more\" href=\"https:\/\/www.hoymercedes.com.ar\/principal\/2026\/01\/30\/aventuras-y-suspenso-en-el-cine-mercedes\/\" aria-label=\"Leer m\u00e1s sobre Aventuras y suspenso en el Cine Mercedes\">Leer m\u00e1s<\/a><\/p>\n","protected":false},"author":1,"featured_media":191351,"comment_status":"closed","ping_status":"open","sticky":false,"template":"","format":"standard","meta":{"_monsterinsights_skip_tracking":false,"_monsterinsights_sitenote_active":false,"_monsterinsights_sitenote_note":"","_monsterinsights_sitenote_category":0,"jetpack_post_was_ever_published":false,"_jetpack_newsletter_access":"","_jetpack_dont_email_post_to_subs":false,"_jetpack_newsletter_tier_id":0,"_jetpack_memberships_contains_paywalled_content":false,"_jetpack_memberships_contains_paid_content":false,"footnotes":"","jetpack_publicize_message":"","jetpack_publicize_feature_enabled":true,"jetpack_social_post_already_shared":true,"jetpack_social_options":{"image_generator_settings":{"template":"highway","default_image_id":0,"font":"","enabled":false},"version":2},"_wpas_customize_per_network":false},"categories":[104],"tags":[],"class_list":["post-191350","post","type-post","status-publish","format-standard","has-post-thumbnail","hentry","category-cultura","generate-columns","tablet-grid-50","mobile-grid-100","grid-parent","grid-50"],"jetpack_publicize_connections":[],"jetpack_featured_media_url":"https:\/\/www.hoymercedes.com.ar\/principal\/wp-content\/uploads\/2026\/01\/DISNEY-AYUDA-819x1024-1.jpg","wps_subtitle":"","jetpack_sharing_enabled":true,"_links":{"self":[{"href":"https:\/\/www.hoymercedes.com.ar\/principal\/wp-json\/wp\/v2\/posts\/191350","targetHints":{"allow":["GET"]}}],"collection":[{"href":"https:\/\/www.hoymercedes.com.ar\/principal\/wp-json\/wp\/v2\/posts"}],"about":[{"href":"https:\/\/www.hoymercedes.com.ar\/principal\/wp-json\/wp\/v2\/types\/post"}],"author":[{"embeddable":true,"href":"https:\/\/www.hoymercedes.com.ar\/principal\/wp-json\/wp\/v2\/users\/1"}],"replies":[{"embeddable":true,"href":"https:\/\/www.hoymercedes.com.ar\/principal\/wp-json\/wp\/v2\/comments?post=191350"}],"version-history":[{"count":1,"href":"https:\/\/www.hoymercedes.com.ar\/principal\/wp-json\/wp\/v2\/posts\/191350\/revisions"}],"predecessor-version":[{"id":191353,"href":"https:\/\/www.hoymercedes.com.ar\/principal\/wp-json\/wp\/v2\/posts\/191350\/revisions\/191353"}],"wp:featuredmedia":[{"embeddable":true,"href":"https:\/\/www.hoymercedes.com.ar\/principal\/wp-json\/wp\/v2\/media\/191351"}],"wp:attachment":[{"href":"https:\/\/www.hoymercedes.com.ar\/principal\/wp-json\/wp\/v2\/media?parent=191350"}],"wp:term":[{"taxonomy":"category","embeddable":true,"href":"https:\/\/www.hoymercedes.com.ar\/principal\/wp-json\/wp\/v2\/categories?post=191350"},{"taxonomy":"post_tag","embeddable":true,"href":"https:\/\/www.hoymercedes.com.ar\/principal\/wp-json\/wp\/v2\/tags?post=191350"}],"curies":[{"name":"wp","href":"https:\/\/api.w.org\/{rel}","templated":true}]}}