{"id":191357,"date":"2026-01-31T12:37:00","date_gmt":"2026-01-31T15:37:00","guid":{"rendered":"https:\/\/www.hoymercedes.com.ar\/principal\/?p=191357"},"modified":"2026-01-30T12:50:18","modified_gmt":"2026-01-30T15:50:18","slug":"anticiparon-la-agenda-del-ciclo-pro-arte-mercedes","status":"publish","type":"post","link":"https:\/\/www.hoymercedes.com.ar\/principal\/2026\/01\/31\/anticiparon-la-agenda-del-ciclo-pro-arte-mercedes\/","title":{"rendered":"Anticiparon la agenda del ciclo musical Pro Arte Mercedes"},"content":{"rendered":"\n<p>La temporada 2026 del ciclo de conciertos organizados por el Centro de Egresados del Colegio Nacional \u00abFlorentino Ameghino\u00bb fue anticipada por sus integrantes. El primero de los conciertos de la temporada ser\u00e1 el 28 de febrero con la presentaci\u00f3n de Rafael Gintoli junto a la agrupaci\u00f3n Estaci\u00f3n Buenos Aires (Sexteto de cuerdas y viol\u00edn solista). El cronograma continuar\u00e1 21 de marzo con el pianista Horacio Lavandera. <\/p>\n\n\n<div class=\"wp-block-image\">\n<figure class=\"aligncenter size-full\"><img loading=\"lazy\" decoding=\"async\" width=\"526\" height=\"701\" data-attachment-id=\"191358\" data-permalink=\"https:\/\/www.hoymercedes.com.ar\/principal\/2026\/01\/31\/anticiparon-la-agenda-del-ciclo-pro-arte-mercedes\/image-194\/#main\" data-orig-file=\"https:\/\/www.hoymercedes.com.ar\/principal\/wp-content\/uploads\/2026\/01\/image-5.png\" data-orig-size=\"526,701\" data-comments-opened=\"0\" data-image-meta=\"{&quot;aperture&quot;:&quot;0&quot;,&quot;credit&quot;:&quot;&quot;,&quot;camera&quot;:&quot;&quot;,&quot;caption&quot;:&quot;&quot;,&quot;created_timestamp&quot;:&quot;0&quot;,&quot;copyright&quot;:&quot;&quot;,&quot;focal_length&quot;:&quot;0&quot;,&quot;iso&quot;:&quot;0&quot;,&quot;shutter_speed&quot;:&quot;0&quot;,&quot;title&quot;:&quot;&quot;,&quot;orientation&quot;:&quot;0&quot;}\" data-image-title=\"image\" data-image-description=\"\" data-image-caption=\"\" data-large-file=\"https:\/\/www.hoymercedes.com.ar\/principal\/wp-content\/uploads\/2026\/01\/image-5.png\" src=\"https:\/\/www.hoymercedes.com.ar\/principal\/wp-content\/uploads\/2026\/01\/image-5.png\" alt=\"\" class=\"wp-image-191358\" srcset=\"https:\/\/www.hoymercedes.com.ar\/principal\/wp-content\/uploads\/2026\/01\/image-5.png 526w, https:\/\/www.hoymercedes.com.ar\/principal\/wp-content\/uploads\/2026\/01\/image-5-465x620.png 465w, https:\/\/www.hoymercedes.com.ar\/principal\/wp-content\/uploads\/2026\/01\/image-5-113x150.png 113w\" sizes=\"auto, (max-width: 526px) 100vw, 526px\" \/><\/figure>\n<\/div>\n\n\n<p><strong>Cronograma de presentaciones (Primer Semestre)<\/strong><br>La organizaci\u00f3n ha dise\u00f1ado una agenda que recorre diversas formaciones y estilos instrumentales:<br>* 25 de abril: Nicol\u00e1s Favero (viol\u00edn), Antonio Formaro (piano) y Cuarteto de cuerdas.<br>* 16 de mayo: Federico Mouj\u00e1n (viol\u00edn), Laura Manzano (piano) y Pablo Romero (violoncello).<br>* 30 de mayo: Santiago Kovadloff junto al Tr\u00edo Orfeo.<br>* 13 de junio: Cierre del semestre con el Tr\u00edo Ginastera, compuesto por Marcelo Balat (piano), Xavier Inchausti (viol\u00edn) y Jos\u00e9 Araujo (violoncello).<\/p>\n\n\n<div class=\"wp-block-image\">\n<figure class=\"aligncenter size-full\"><img loading=\"lazy\" decoding=\"async\" width=\"526\" height=\"701\" data-attachment-id=\"191359\" data-permalink=\"https:\/\/www.hoymercedes.com.ar\/principal\/2026\/01\/31\/anticiparon-la-agenda-del-ciclo-pro-arte-mercedes\/image-195\/#main\" data-orig-file=\"https:\/\/www.hoymercedes.com.ar\/principal\/wp-content\/uploads\/2026\/01\/image-6.png\" data-orig-size=\"526,701\" data-comments-opened=\"0\" data-image-meta=\"{&quot;aperture&quot;:&quot;0&quot;,&quot;credit&quot;:&quot;&quot;,&quot;camera&quot;:&quot;&quot;,&quot;caption&quot;:&quot;&quot;,&quot;created_timestamp&quot;:&quot;0&quot;,&quot;copyright&quot;:&quot;&quot;,&quot;focal_length&quot;:&quot;0&quot;,&quot;iso&quot;:&quot;0&quot;,&quot;shutter_speed&quot;:&quot;0&quot;,&quot;title&quot;:&quot;&quot;,&quot;orientation&quot;:&quot;0&quot;}\" data-image-title=\"image\" data-image-description=\"\" data-image-caption=\"\" data-large-file=\"https:\/\/www.hoymercedes.com.ar\/principal\/wp-content\/uploads\/2026\/01\/image-6.png\" src=\"https:\/\/www.hoymercedes.com.ar\/principal\/wp-content\/uploads\/2026\/01\/image-6.png\" alt=\"\" class=\"wp-image-191359\" srcset=\"https:\/\/www.hoymercedes.com.ar\/principal\/wp-content\/uploads\/2026\/01\/image-6.png 526w, https:\/\/www.hoymercedes.com.ar\/principal\/wp-content\/uploads\/2026\/01\/image-6-465x620.png 465w, https:\/\/www.hoymercedes.com.ar\/principal\/wp-content\/uploads\/2026\/01\/image-6-113x150.png 113w\" sizes=\"auto, (max-width: 526px) 100vw, 526px\" \/><\/figure>\n<\/div>","protected":false},"excerpt":{"rendered":"<p>La temporada 2026 del ciclo de conciertos organizados por el Centro de Egresados del Colegio Nacional \u00abFlorentino Ameghino\u00bb fue anticipada &#8230; <a title=\"Anticiparon la agenda del ciclo musical Pro Arte Mercedes\" class=\"read-more\" href=\"https:\/\/www.hoymercedes.com.ar\/principal\/2026\/01\/31\/anticiparon-la-agenda-del-ciclo-pro-arte-mercedes\/\" aria-label=\"Leer m\u00e1s sobre Anticiparon la agenda del ciclo musical Pro Arte Mercedes\">Leer m\u00e1s<\/a><\/p>\n","protected":false},"author":1,"featured_media":147673,"comment_status":"closed","ping_status":"open","sticky":false,"template":"","format":"standard","meta":{"_monsterinsights_skip_tracking":false,"_monsterinsights_sitenote_active":false,"_monsterinsights_sitenote_note":"","_monsterinsights_sitenote_category":0,"jetpack_post_was_ever_published":false,"_jetpack_newsletter_access":"","_jetpack_dont_email_post_to_subs":false,"_jetpack_newsletter_tier_id":0,"_jetpack_memberships_contains_paywalled_content":false,"_jetpack_memberships_contains_paid_content":false,"footnotes":"","jetpack_publicize_message":"","jetpack_publicize_feature_enabled":true,"jetpack_social_post_already_shared":true,"jetpack_social_options":{"image_generator_settings":{"template":"highway","default_image_id":0,"font":"","enabled":false},"version":2},"_wpas_customize_per_network":false},"categories":[8],"tags":[],"class_list":["post-191357","post","type-post","status-publish","format-standard","has-post-thumbnail","hentry","category-sociedad","generate-columns","tablet-grid-50","mobile-grid-100","grid-parent","grid-50"],"jetpack_publicize_connections":[],"jetpack_featured_media_url":"https:\/\/www.hoymercedes.com.ar\/principal\/wp-content\/uploads\/2022\/05\/Fachada-del-Colegio-Nacional.jpg","wps_subtitle":"","jetpack_sharing_enabled":true,"_links":{"self":[{"href":"https:\/\/www.hoymercedes.com.ar\/principal\/wp-json\/wp\/v2\/posts\/191357","targetHints":{"allow":["GET"]}}],"collection":[{"href":"https:\/\/www.hoymercedes.com.ar\/principal\/wp-json\/wp\/v2\/posts"}],"about":[{"href":"https:\/\/www.hoymercedes.com.ar\/principal\/wp-json\/wp\/v2\/types\/post"}],"author":[{"embeddable":true,"href":"https:\/\/www.hoymercedes.com.ar\/principal\/wp-json\/wp\/v2\/users\/1"}],"replies":[{"embeddable":true,"href":"https:\/\/www.hoymercedes.com.ar\/principal\/wp-json\/wp\/v2\/comments?post=191357"}],"version-history":[{"count":2,"href":"https:\/\/www.hoymercedes.com.ar\/principal\/wp-json\/wp\/v2\/posts\/191357\/revisions"}],"predecessor-version":[{"id":191364,"href":"https:\/\/www.hoymercedes.com.ar\/principal\/wp-json\/wp\/v2\/posts\/191357\/revisions\/191364"}],"wp:featuredmedia":[{"embeddable":true,"href":"https:\/\/www.hoymercedes.com.ar\/principal\/wp-json\/wp\/v2\/media\/147673"}],"wp:attachment":[{"href":"https:\/\/www.hoymercedes.com.ar\/principal\/wp-json\/wp\/v2\/media?parent=191357"}],"wp:term":[{"taxonomy":"category","embeddable":true,"href":"https:\/\/www.hoymercedes.com.ar\/principal\/wp-json\/wp\/v2\/categories?post=191357"},{"taxonomy":"post_tag","embeddable":true,"href":"https:\/\/www.hoymercedes.com.ar\/principal\/wp-json\/wp\/v2\/tags?post=191357"}],"curies":[{"name":"wp","href":"https:\/\/api.w.org\/{rel}","templated":true}]}}