{"id":191361,"date":"2026-01-31T16:00:00","date_gmt":"2026-01-31T19:00:00","guid":{"rendered":"https:\/\/www.hoymercedes.com.ar\/principal\/?p=191361"},"modified":"2026-01-31T16:14:00","modified_gmt":"2026-01-31T19:14:00","slug":"chori-perruolo-publica-libro-de-relatos","status":"publish","type":"post","link":"https:\/\/www.hoymercedes.com.ar\/principal\/2026\/01\/31\/chori-perruolo-publica-libro-de-relatos\/","title":{"rendered":"Chori Perruolo publica libro de relatos"},"content":{"rendered":"<div class=\"wp-block-image\">\n<figure class=\"alignleft size-full is-resized\"><img loading=\"lazy\" decoding=\"async\" width=\"720\" height=\"629\" data-attachment-id=\"191362\" data-permalink=\"https:\/\/www.hoymercedes.com.ar\/principal\/2026\/01\/31\/chori-perruolo-publica-libro-de-relatos\/image-196\/#main\" data-orig-file=\"https:\/\/www.hoymercedes.com.ar\/principal\/wp-content\/uploads\/2026\/01\/image-7.png\" data-orig-size=\"720,629\" data-comments-opened=\"0\" data-image-meta=\"{&quot;aperture&quot;:&quot;0&quot;,&quot;credit&quot;:&quot;&quot;,&quot;camera&quot;:&quot;&quot;,&quot;caption&quot;:&quot;&quot;,&quot;created_timestamp&quot;:&quot;0&quot;,&quot;copyright&quot;:&quot;&quot;,&quot;focal_length&quot;:&quot;0&quot;,&quot;iso&quot;:&quot;0&quot;,&quot;shutter_speed&quot;:&quot;0&quot;,&quot;title&quot;:&quot;&quot;,&quot;orientation&quot;:&quot;0&quot;}\" data-image-title=\"image\" data-image-description=\"\" data-image-caption=\"\" data-large-file=\"https:\/\/www.hoymercedes.com.ar\/principal\/wp-content\/uploads\/2026\/01\/image-7.png\" src=\"https:\/\/www.hoymercedes.com.ar\/principal\/wp-content\/uploads\/2026\/01\/image-7.png\" alt=\"\" class=\"wp-image-191362\" style=\"aspect-ratio:1.14470252142591;width:394px;height:auto\" srcset=\"https:\/\/www.hoymercedes.com.ar\/principal\/wp-content\/uploads\/2026\/01\/image-7.png 720w, https:\/\/www.hoymercedes.com.ar\/principal\/wp-content\/uploads\/2026\/01\/image-7-630x550.png 630w, https:\/\/www.hoymercedes.com.ar\/principal\/wp-content\/uploads\/2026\/01\/image-7-150x131.png 150w\" sizes=\"auto, (max-width: 720px) 100vw, 720px\" \/><\/figure>\n<\/div>\n\n\n<p><em><strong>En formato papel, el libro autopublicado, recopila cuentos e historias que Walter Chori Perruolo fue escribiendo a lo largo de los \u00faltimos a\u00f1os. Formado en la m\u00fasica, desde adolescente escribe y muchos de sus amigos y seguidores en redes, lo incentivaron a darle forma final a \u00abDon Quijote, mi mam\u00e1 y las faltas de (h)ortograf\u00eda\u00bb<\/strong><\/em><\/p>\n\n\n\n<p>La llegada de las redes sociales, ayuda a que las personas puedan expresar sus historias, relatos, opiniones, sentimientos, vivencias, etc, se hagan p\u00fablica y puedan recorrer caminos inimaginables para el que pone en palabras y la virtualidad estas expresiones.<\/p>\n\n\n\n<p>Hacer que estas palabras se impriman en un libro en papel es algo tambi\u00e9n dif\u00edcil de imaginar. Sin embargo, este proyecto, Walter \u201cChori\u201d Perruolo, m\u00e1s conocido como m\u00fasico \u2013 guitarrista, cantante y compositor-, pudo hacerlo realidad. \u201cImpulsado por amigos, empec\u00e9 a notar que todav\u00eda hay gente que prefiere leer en papel. No son los m\u00e1s. As\u00ed que hice una edici\u00f3n peque\u00f1a\u201d, explic\u00f3. Es as\u00ed que publicar su propio libro de relatos, algunos de ellos, que supieron ver la luz en las pantallas a trav\u00e9s de las redes sociales, se puede conseguir en Mercedes.<\/p>\n\n\n\n<p>\u201cDebido a que las redes sociales apuestan por el video y desprecian los textos de m\u00e1s de doscientos ochenta caracteres, la idea de editar en papel resurgi\u00f3\u201d, cuenta el Chori que supo tener la necesidad de editar un libro, pero que fue apag\u00e1ndose.<\/p>\n\n\n\n<p>\u201cEscribo cuentos desde los quince a\u00f1os. Lo hice en forma paralela a mi mayor pasi\u00f3n que es componer canciones y hacer m\u00fasica. Quiz\u00e1s mi canal de expresi\u00f3n siempre estuvo satisfecho por el oficio de m\u00fasico en el que entre grupos y en forma solista edit\u00e9 una decena de discos y canciones\u201d, explica Perruolo en el pr\u00f3logo de su libro y agrega que para hacer m\u00fasica se form\u00f3, mientras que a la escritura la fue desarrollando con el tiempo.<\/p>\n\n\n\n<p>\u201cHaciendo un inventario advierto que tengo llevo escrito m\u00e1s de un centenar de cuentos, entre algunas obras de teatro, guiones, novelas (fallidas) y cientos de ensayos mundanos. Cuando decid\u00ed editar este primer libro, la tarea m\u00e1s dif\u00edcil e ingrata, fue tener que elegir cu\u00e1les cuentos editar\u201d, agrega el Chori.<\/p>\n\n\n\n<p>\u201cMis textos los separo en dos grupos: los que son auto-referenciales, que obedecen a la pretensi\u00f3n de hacer literatura sobre mi propia vida; y por otro lado, est\u00e1n los cuentos cuya trama e historia responden -aunque las vivencias son parte de la materia prima- a una construcci\u00f3n ficcional\u201d, anticipa confesando que no dir\u00e1 cu\u00e1l pertenece a cada grupo.<\/p>\n\n\n\n<p>El libro es una producci\u00f3n \u201cmuy independiente\u201d, tanto que el nombre de la editorial es el sobrenombre de su propia hija. El nombre del libro es el t\u00edtulo del primer cuento. Un relato ver\u00eddico que recuerda el mensaje transmitido por la madre del Chori. \u201cEleg\u00ed ese porque lo sent\u00ed el m\u00e1s personal y emocional\u201d, destac\u00f3 Perruolo.<\/p>\n\n\n\n<p>Los interesados en adquirir un ejemplar pueden hacerlo a trav\u00e9s de los siguientes canales habilitados:<br><strong>* Venta directa<\/strong>: Contact\u00e1ndose al tel\u00e9fono 2324-502287.<br><strong>* Punto de venta f\u00edsico<\/strong>: Disponible en Tienda La Catedral, de calle 25 entre 22 y 24.<\/p>\n\n\n\n<figure class=\"wp-block-video\"><video height=\"850\" style=\"aspect-ratio: 478 \/ 850;\" width=\"478\" controls src=\"https:\/\/www.hoymercedes.com.ar\/principal\/wp-content\/uploads\/2026\/01\/WhatsApp-Video-2026-01-24-at-19.37.01.mp4\"><\/video><\/figure>\n","protected":false},"excerpt":{"rendered":"<p>En formato papel, el libro autopublicado, recopila cuentos e historias que Walter Chori Perruolo fue escribiendo a lo largo de &#8230; <a title=\"Chori Perruolo publica libro de relatos\" class=\"read-more\" href=\"https:\/\/www.hoymercedes.com.ar\/principal\/2026\/01\/31\/chori-perruolo-publica-libro-de-relatos\/\" aria-label=\"Leer m\u00e1s sobre Chori Perruolo publica libro de relatos\">Leer m\u00e1s<\/a><\/p>\n","protected":false},"author":1,"featured_media":191362,"comment_status":"closed","ping_status":"open","sticky":false,"template":"","format":"standard","meta":{"_monsterinsights_skip_tracking":false,"_monsterinsights_sitenote_active":false,"_monsterinsights_sitenote_note":"","_monsterinsights_sitenote_category":0,"jetpack_post_was_ever_published":false,"_jetpack_newsletter_access":"","_jetpack_dont_email_post_to_subs":false,"_jetpack_newsletter_tier_id":0,"_jetpack_memberships_contains_paywalled_content":false,"_jetpack_memberships_contains_paid_content":false,"footnotes":"","jetpack_publicize_message":"","jetpack_publicize_feature_enabled":true,"jetpack_social_post_already_shared":true,"jetpack_social_options":{"image_generator_settings":{"template":"highway","default_image_id":0,"font":"","enabled":false},"version":2},"_wpas_customize_per_network":false},"categories":[104],"tags":[],"class_list":["post-191361","post","type-post","status-publish","format-standard","has-post-thumbnail","hentry","category-cultura","generate-columns","tablet-grid-50","mobile-grid-100","grid-parent","grid-50"],"jetpack_publicize_connections":[],"jetpack_featured_media_url":"https:\/\/www.hoymercedes.com.ar\/principal\/wp-content\/uploads\/2026\/01\/image-7.png","wps_subtitle":"","jetpack_sharing_enabled":true,"_links":{"self":[{"href":"https:\/\/www.hoymercedes.com.ar\/principal\/wp-json\/wp\/v2\/posts\/191361","targetHints":{"allow":["GET"]}}],"collection":[{"href":"https:\/\/www.hoymercedes.com.ar\/principal\/wp-json\/wp\/v2\/posts"}],"about":[{"href":"https:\/\/www.hoymercedes.com.ar\/principal\/wp-json\/wp\/v2\/types\/post"}],"author":[{"embeddable":true,"href":"https:\/\/www.hoymercedes.com.ar\/principal\/wp-json\/wp\/v2\/users\/1"}],"replies":[{"embeddable":true,"href":"https:\/\/www.hoymercedes.com.ar\/principal\/wp-json\/wp\/v2\/comments?post=191361"}],"version-history":[{"count":4,"href":"https:\/\/www.hoymercedes.com.ar\/principal\/wp-json\/wp\/v2\/posts\/191361\/revisions"}],"predecessor-version":[{"id":191400,"href":"https:\/\/www.hoymercedes.com.ar\/principal\/wp-json\/wp\/v2\/posts\/191361\/revisions\/191400"}],"wp:featuredmedia":[{"embeddable":true,"href":"https:\/\/www.hoymercedes.com.ar\/principal\/wp-json\/wp\/v2\/media\/191362"}],"wp:attachment":[{"href":"https:\/\/www.hoymercedes.com.ar\/principal\/wp-json\/wp\/v2\/media?parent=191361"}],"wp:term":[{"taxonomy":"category","embeddable":true,"href":"https:\/\/www.hoymercedes.com.ar\/principal\/wp-json\/wp\/v2\/categories?post=191361"},{"taxonomy":"post_tag","embeddable":true,"href":"https:\/\/www.hoymercedes.com.ar\/principal\/wp-json\/wp\/v2\/tags?post=191361"}],"curies":[{"name":"wp","href":"https:\/\/api.w.org\/{rel}","templated":true}]}}