{"id":191372,"date":"2026-01-31T10:55:00","date_gmt":"2026-01-31T13:55:00","guid":{"rendered":"https:\/\/www.hoymercedes.com.ar\/principal\/?p=191372"},"modified":"2026-01-30T20:56:47","modified_gmt":"2026-01-30T23:56:47","slug":"el-municipio-vuelve-a-reclamar-al-gobierno-nacional-por-mantenimiento-ferroviario","status":"publish","type":"post","link":"https:\/\/www.hoymercedes.com.ar\/principal\/2026\/01\/31\/el-municipio-vuelve-a-reclamar-al-gobierno-nacional-por-mantenimiento-ferroviario\/","title":{"rendered":"El municipio vuelve a\u00a0reclamar\u00a0al gobierno nacional por mantenimiento\u00a0ferroviario"},"content":{"rendered":"\n<p>Lo hace despu\u00e9s de enviar durante 2025, y ante el abandono, una serie de cartas y mails que nunca tuvieron respuesta. Por ley, el gobierno municipal tiene prohibido intervenir en bienes de jurisdicci\u00f3n nacional. El lunes 19 de este mes falleci\u00f3 una joven de nuestra ciudad en un accidente en el cruce de avenida 1 con las v\u00edas del Sarmiento.<\/p>\n\n\n\n<figure class=\"wp-block-image size-full\"><img loading=\"lazy\" decoding=\"async\" width=\"620\" height=\"408\" data-attachment-id=\"191373\" data-permalink=\"https:\/\/www.hoymercedes.com.ar\/principal\/2026\/01\/31\/el-municipio-vuelve-a-reclamar-al-gobierno-nacional-por-mantenimiento-ferroviario\/whatsapp-image-2026-01-30-at-20-56-02\/#main\" data-orig-file=\"https:\/\/www.hoymercedes.com.ar\/principal\/wp-content\/uploads\/2026\/01\/WhatsApp-Image-2026-01-30-at-20.56.02.jpeg\" data-orig-size=\"620,408\" data-comments-opened=\"0\" data-image-meta=\"{&quot;aperture&quot;:&quot;0&quot;,&quot;credit&quot;:&quot;&quot;,&quot;camera&quot;:&quot;&quot;,&quot;caption&quot;:&quot;&quot;,&quot;created_timestamp&quot;:&quot;0&quot;,&quot;copyright&quot;:&quot;&quot;,&quot;focal_length&quot;:&quot;0&quot;,&quot;iso&quot;:&quot;0&quot;,&quot;shutter_speed&quot;:&quot;0&quot;,&quot;title&quot;:&quot;&quot;,&quot;orientation&quot;:&quot;0&quot;}\" data-image-title=\"WhatsApp Image 2026-01-30 at 20.56.02\" data-image-description=\"\" data-image-caption=\"\" data-large-file=\"https:\/\/www.hoymercedes.com.ar\/principal\/wp-content\/uploads\/2026\/01\/WhatsApp-Image-2026-01-30-at-20.56.02.jpeg\" src=\"https:\/\/www.hoymercedes.com.ar\/principal\/wp-content\/uploads\/2026\/01\/WhatsApp-Image-2026-01-30-at-20.56.02.jpeg\" alt=\"\" class=\"wp-image-191373\" srcset=\"https:\/\/www.hoymercedes.com.ar\/principal\/wp-content\/uploads\/2026\/01\/WhatsApp-Image-2026-01-30-at-20.56.02.jpeg 620w, https:\/\/www.hoymercedes.com.ar\/principal\/wp-content\/uploads\/2026\/01\/WhatsApp-Image-2026-01-30-at-20.56.02-150x99.jpeg 150w\" sizes=\"auto, (max-width: 620px) 100vw, 620px\" \/><\/figure>\n\n\n\n<p>Despu\u00e9s de una serie de cartas, reclamos y mails que nunca tuvieron respuesta, y tras un nuevo accidente fatal, el municipio volver\u00e1 este lunes a intimar formalmente al gobierno nacional para que efectivice las tareas obligatorias de reparaci\u00f3n y mantenimiento en la infraestructura ferroviaria que existe en el Partido (v\u00edas, trenes, barreras, se\u00f1ales, etc\u00e9tera), correspondiente a las l\u00edneas Sarmiento y San Mart\u00edn.<\/p>\n\n\n\n<p>La intimaci\u00f3n, impulsada por la intendenta interina, Mariana San Mart\u00edn, y enviada a las distintas dependencias que administran los trenes nacionales, lleva la firma del secretario de Gobierno interino, Esteban Buzzalino, quien reclama que \u201cen un plazo perentorio e improrrogable de 72 horas se&nbsp;proceda a realizar las tareas de mantenimiento integral y reparaci\u00f3n de infraestructura ferroviaria en el trayecto urbano de nuestra ciudad correspondiente a las l\u00edneas San Mart\u00edn y Sarmiento\u201d.<\/p>\n\n\n\n<p>Antes de Buzzalino, el municipio present\u00f3 intimaciones firmadas por el intendente, Juani Ustarroz; el secretario de Seguridad, Mat\u00edas Maresca; y el secretario de Obras y Servicios P\u00fablicos, Emanuel P\u00e9rez Carrera; entre otros funcionarios. Tambi\u00e9n lo hizo Nancy Okos, especialista en Seguridad Vial. Todos ellas cayeron en saco roto a pesar de la insistencia y la diversidad: fueron enviadas a los presidentes de Trenes Argentinos Operaciones (Mat\u00edas Galparsoro, reemplazado sucesivamente por Gerardo Bosch\u00edn y hoy Sebasti\u00e1n Giorgetti), Trenes Argentinos Cargas (Alejandro N\u00fa\u00f1ez), Trenes Argentinos Infraestructura (Marcelo Krajzelman, ahora sustituido por Fabi\u00e1n Gonz\u00e1lez luego de un breve paso de Leonardo Comperatore) y Ferrocarriles Argentinos Sociedad del Estado (Luis Federico Canedi, aunque hoy en su lugar ejerce Jos\u00e9 Mar\u00eda Pir\u00e1n).<\/p>\n\n\n\n<p>El escrito presentado por Buzzalino expresa: \u201cEsta intimaci\u00f3n se funda en la persistencia de las siguientes irregularidades, las cuales han sido objeto de reiterados reclamos administrativos previos (&#8230;)&nbsp;sin que hasta el momento hayan sido subsanadas\u201d.<\/p>\n\n\n\n<p>\u201cFalta de mantenimiento de predios y v\u00edas: se exige el corte de pastizales altos, poda preventiva de arbustos y retiro de residuos acumulados. Esta situaci\u00f3n de abandono obstaculiza gravemente la visi\u00f3n de conductores y peatones, incrementando de forma cr\u00edtica el riesgo de accidentes y favoreciendo la inseguridad urbana. Mal funcionamiento de sistemas de seguridad: se intima a la inmediata reparaci\u00f3n y verificaci\u00f3n de los pasos a nivel, debido al deficiente funcionamiento de barreras autom\u00e1ticas, se\u00f1ales ac\u00fasticas y luminosas, sumado a la falta de carteler\u00eda preventiva adecuada\u201d.<\/p>\n\n\n\n<p>\u201cLe recordamos que, seg\u00fan la normativa vigente (Ley 22.647), su organismo es el \u00fanico responsable de la infraestructura ferroviaria y de su entorno inmediato. El estado actual de las trazas constituye una amenaza seria y constante para los habitantes de Mercedes, comprometiendo gravemente el deber de cuidado que pesa sobre su instituci\u00f3n. (Esta) intimaci\u00f3n se realiza bajo apercibimiento de iniciar las acciones legales correspondientes por los da\u00f1os y perjuicios que su negligencia pudiera ocasionar a la comunidad\u201d.<\/p>\n\n\n\n<p>La ley impide la intervenci\u00f3n del municipio en bienes de jurisdicci\u00f3n nacional sin autorizaci\u00f3n. Ante este obst\u00e1culo legal, desde el gobierno local se ha emitido una serie de intimaciones que no tuvieron otra respuesta que un \u201cok recibido\u201d enviado desde el mail de la oficina de Asuntos Legales de la dependencia Trenes Argentinos Cargas.<\/p>\n\n\n\n<p>El lunes 19 de enero, en el cruce de avenida 1&nbsp;con las v\u00edas del Sarmiento y como consecuencia m\u00e1s reciente del abandono decidido por el gobierno nacional, un accidente entre un tren y un autom\u00f3vil le cost\u00f3 la vida a una joven de nuestra ciudad.<\/p>\n","protected":false},"excerpt":{"rendered":"<p>Lo hace despu\u00e9s de enviar durante 2025, y ante el abandono, una serie de cartas y mails que nunca tuvieron &#8230; <a title=\"El municipio vuelve a\u00a0reclamar\u00a0al gobierno nacional por mantenimiento\u00a0ferroviario\" class=\"read-more\" href=\"https:\/\/www.hoymercedes.com.ar\/principal\/2026\/01\/31\/el-municipio-vuelve-a-reclamar-al-gobierno-nacional-por-mantenimiento-ferroviario\/\" aria-label=\"Leer m\u00e1s sobre El municipio vuelve a\u00a0reclamar\u00a0al gobierno nacional por mantenimiento\u00a0ferroviario\">Leer m\u00e1s<\/a><\/p>\n","protected":false},"author":1,"featured_media":191373,"comment_status":"closed","ping_status":"open","sticky":false,"template":"","format":"standard","meta":{"_monsterinsights_skip_tracking":false,"_monsterinsights_sitenote_active":false,"_monsterinsights_sitenote_note":"","_monsterinsights_sitenote_category":0,"jetpack_post_was_ever_published":false,"_jetpack_newsletter_access":"","_jetpack_dont_email_post_to_subs":false,"_jetpack_newsletter_tier_id":0,"_jetpack_memberships_contains_paywalled_content":false,"_jetpack_memberships_contains_paid_content":false,"footnotes":"","jetpack_publicize_message":"","jetpack_publicize_feature_enabled":true,"jetpack_social_post_already_shared":true,"jetpack_social_options":{"image_generator_settings":{"template":"highway","default_image_id":0,"font":"","enabled":false},"version":2},"_wpas_customize_per_network":false},"categories":[8],"tags":[],"class_list":["post-191372","post","type-post","status-publish","format-standard","has-post-thumbnail","hentry","category-sociedad","generate-columns","tablet-grid-50","mobile-grid-100","grid-parent","grid-50"],"jetpack_publicize_connections":[],"jetpack_featured_media_url":"https:\/\/www.hoymercedes.com.ar\/principal\/wp-content\/uploads\/2026\/01\/WhatsApp-Image-2026-01-30-at-20.56.02.jpeg","wps_subtitle":"","jetpack_sharing_enabled":true,"_links":{"self":[{"href":"https:\/\/www.hoymercedes.com.ar\/principal\/wp-json\/wp\/v2\/posts\/191372","targetHints":{"allow":["GET"]}}],"collection":[{"href":"https:\/\/www.hoymercedes.com.ar\/principal\/wp-json\/wp\/v2\/posts"}],"about":[{"href":"https:\/\/www.hoymercedes.com.ar\/principal\/wp-json\/wp\/v2\/types\/post"}],"author":[{"embeddable":true,"href":"https:\/\/www.hoymercedes.com.ar\/principal\/wp-json\/wp\/v2\/users\/1"}],"replies":[{"embeddable":true,"href":"https:\/\/www.hoymercedes.com.ar\/principal\/wp-json\/wp\/v2\/comments?post=191372"}],"version-history":[{"count":1,"href":"https:\/\/www.hoymercedes.com.ar\/principal\/wp-json\/wp\/v2\/posts\/191372\/revisions"}],"predecessor-version":[{"id":191374,"href":"https:\/\/www.hoymercedes.com.ar\/principal\/wp-json\/wp\/v2\/posts\/191372\/revisions\/191374"}],"wp:featuredmedia":[{"embeddable":true,"href":"https:\/\/www.hoymercedes.com.ar\/principal\/wp-json\/wp\/v2\/media\/191373"}],"wp:attachment":[{"href":"https:\/\/www.hoymercedes.com.ar\/principal\/wp-json\/wp\/v2\/media?parent=191372"}],"wp:term":[{"taxonomy":"category","embeddable":true,"href":"https:\/\/www.hoymercedes.com.ar\/principal\/wp-json\/wp\/v2\/categories?post=191372"},{"taxonomy":"post_tag","embeddable":true,"href":"https:\/\/www.hoymercedes.com.ar\/principal\/wp-json\/wp\/v2\/tags?post=191372"}],"curies":[{"name":"wp","href":"https:\/\/api.w.org\/{rel}","templated":true}]}}