{"id":191378,"date":"2026-01-31T12:04:00","date_gmt":"2026-01-31T15:04:00","guid":{"rendered":"https:\/\/www.hoymercedes.com.ar\/principal\/?p=191378"},"modified":"2026-01-30T21:05:49","modified_gmt":"2026-01-31T00:05:49","slug":"extienden-el-plazo-para-pagar-tasas-municipales-en-mercedes-por-un-fallo-tecnico","status":"publish","type":"post","link":"https:\/\/www.hoymercedes.com.ar\/principal\/2026\/01\/31\/extienden-el-plazo-para-pagar-tasas-municipales-en-mercedes-por-un-fallo-tecnico\/","title":{"rendered":"Extienden el plazo para pagar tasas municipales en Mercedes por un fallo t\u00e9cnico"},"content":{"rendered":"\n<p>La <strong>Municipalidad de Mercedes<\/strong> (Provincia de Buenos Aires) anunci\u00f3 que <strong>prorrog\u00f3 el vencimiento de la primera cuota y del pago anual de la Tasa por Servicios Generales (TSG)<\/strong> y de la <strong>Tasa de Red Vial<\/strong> hasta el <strong>mi\u00e9rcoles 4 de febrero inclusive<\/strong>. Esta decisi\u00f3n responde a <strong>un inconveniente t\u00e9cnico en el servidor interno del municipio<\/strong>, que impidi\u00f3 procesar pagos presenciales durante el per\u00edodo originalmente previsto.<\/p>\n\n\n\n<figure class=\"wp-block-image size-full\"><img loading=\"lazy\" decoding=\"async\" width=\"630\" height=\"439\" data-attachment-id=\"61573\" data-permalink=\"https:\/\/www.hoymercedes.com.ar\/principal\/2017\/04\/10\/ate-disconforme-con-la-oferta-para-los-municipales\/10-palacio_municipal\/#main\" data-orig-file=\"https:\/\/www.hoymercedes.com.ar\/principal\/wp-content\/uploads\/2017\/04\/10-palacio_municipal.jpg\" data-orig-size=\"630,439\" data-comments-opened=\"0\" data-image-meta=\"{&quot;aperture&quot;:&quot;3.1&quot;,&quot;credit&quot;:&quot;&quot;,&quot;camera&quot;:&quot;DMC-FH4&quot;,&quot;caption&quot;:&quot;&quot;,&quot;created_timestamp&quot;:&quot;1381984615&quot;,&quot;copyright&quot;:&quot;&quot;,&quot;focal_length&quot;:&quot;5&quot;,&quot;iso&quot;:&quot;100&quot;,&quot;shutter_speed&quot;:&quot;0.005&quot;,&quot;title&quot;:&quot;&quot;,&quot;orientation&quot;:&quot;1&quot;}\" data-image-title=\"10 palacio_municipal\" data-image-description=\"\" data-image-caption=\"\" data-large-file=\"https:\/\/www.hoymercedes.com.ar\/principal\/wp-content\/uploads\/2017\/04\/10-palacio_municipal.jpg\" src=\"https:\/\/www.hoymercedes.com.ar\/principal\/wp-content\/uploads\/2017\/04\/10-palacio_municipal.jpg\" alt=\"\" class=\"wp-image-61573\" srcset=\"https:\/\/www.hoymercedes.com.ar\/principal\/wp-content\/uploads\/2017\/04\/10-palacio_municipal.jpg 630w, https:\/\/www.hoymercedes.com.ar\/principal\/wp-content\/uploads\/2017\/04\/10-palacio_municipal-150x105.jpg 150w\" sizes=\"auto, (max-width: 630px) 100vw, 630px\" \/><\/figure>\n\n\n\n<p>Desde el \u00e1rea de <strong>Hacienda municipal<\/strong> explicaron que, bajo esta extensi\u00f3n, los vecinos pueden efectuar los pagos mediante <strong>el servicio de Tasas Web en el sitio oficial<\/strong> o de forma <strong>presencial en las cajas del Palacio Municipal<\/strong>.<\/p>\n\n\n\n<p>La pr\u00f3rroga no altera los beneficios habituales: quienes paguen dentro del nuevo plazo podr\u00e1n acceder al <strong>15% de descuento por buen cumplimiento<\/strong> y a un <strong>10% adicional si optan por el pago anual anticipado<\/strong>.<\/p>\n\n\n\n<p>El Municipio agradeci\u00f3 la comprensi\u00f3n de los contribuyentes ante esta situaci\u00f3n, calific\u00e1ndola como un imprevisto ajeno a su voluntad.<\/p>\n","protected":false},"excerpt":{"rendered":"<p>La Municipalidad de Mercedes (Provincia de Buenos Aires) anunci\u00f3 que prorrog\u00f3 el vencimiento de la primera cuota y del pago &#8230; <a title=\"Extienden el plazo para pagar tasas municipales en Mercedes por un fallo t\u00e9cnico\" class=\"read-more\" href=\"https:\/\/www.hoymercedes.com.ar\/principal\/2026\/01\/31\/extienden-el-plazo-para-pagar-tasas-municipales-en-mercedes-por-un-fallo-tecnico\/\" aria-label=\"Leer m\u00e1s sobre Extienden el plazo para pagar tasas municipales en Mercedes por un fallo t\u00e9cnico\">Leer m\u00e1s<\/a><\/p>\n","protected":false},"author":1,"featured_media":61573,"comment_status":"closed","ping_status":"open","sticky":false,"template":"","format":"standard","meta":{"_monsterinsights_skip_tracking":false,"_monsterinsights_sitenote_active":false,"_monsterinsights_sitenote_note":"","_monsterinsights_sitenote_category":0,"jetpack_post_was_ever_published":false,"_jetpack_newsletter_access":"","_jetpack_dont_email_post_to_subs":false,"_jetpack_newsletter_tier_id":0,"_jetpack_memberships_contains_paywalled_content":false,"_jetpack_memberships_contains_paid_content":false,"footnotes":"","jetpack_publicize_message":"","jetpack_publicize_feature_enabled":true,"jetpack_social_post_already_shared":true,"jetpack_social_options":{"image_generator_settings":{"template":"highway","default_image_id":0,"font":"","enabled":false},"version":2},"_wpas_customize_per_network":false},"categories":[8],"tags":[],"class_list":["post-191378","post","type-post","status-publish","format-standard","has-post-thumbnail","hentry","category-sociedad","generate-columns","tablet-grid-50","mobile-grid-100","grid-parent","grid-50"],"jetpack_publicize_connections":[],"jetpack_featured_media_url":"https:\/\/www.hoymercedes.com.ar\/principal\/wp-content\/uploads\/2017\/04\/10-palacio_municipal.jpg","wps_subtitle":"","jetpack_sharing_enabled":true,"_links":{"self":[{"href":"https:\/\/www.hoymercedes.com.ar\/principal\/wp-json\/wp\/v2\/posts\/191378","targetHints":{"allow":["GET"]}}],"collection":[{"href":"https:\/\/www.hoymercedes.com.ar\/principal\/wp-json\/wp\/v2\/posts"}],"about":[{"href":"https:\/\/www.hoymercedes.com.ar\/principal\/wp-json\/wp\/v2\/types\/post"}],"author":[{"embeddable":true,"href":"https:\/\/www.hoymercedes.com.ar\/principal\/wp-json\/wp\/v2\/users\/1"}],"replies":[{"embeddable":true,"href":"https:\/\/www.hoymercedes.com.ar\/principal\/wp-json\/wp\/v2\/comments?post=191378"}],"version-history":[{"count":1,"href":"https:\/\/www.hoymercedes.com.ar\/principal\/wp-json\/wp\/v2\/posts\/191378\/revisions"}],"predecessor-version":[{"id":191379,"href":"https:\/\/www.hoymercedes.com.ar\/principal\/wp-json\/wp\/v2\/posts\/191378\/revisions\/191379"}],"wp:featuredmedia":[{"embeddable":true,"href":"https:\/\/www.hoymercedes.com.ar\/principal\/wp-json\/wp\/v2\/media\/61573"}],"wp:attachment":[{"href":"https:\/\/www.hoymercedes.com.ar\/principal\/wp-json\/wp\/v2\/media?parent=191378"}],"wp:term":[{"taxonomy":"category","embeddable":true,"href":"https:\/\/www.hoymercedes.com.ar\/principal\/wp-json\/wp\/v2\/categories?post=191378"},{"taxonomy":"post_tag","embeddable":true,"href":"https:\/\/www.hoymercedes.com.ar\/principal\/wp-json\/wp\/v2\/tags?post=191378"}],"curies":[{"name":"wp","href":"https:\/\/api.w.org\/{rel}","templated":true}]}}