{"id":191395,"date":"2026-02-01T11:34:00","date_gmt":"2026-02-01T14:34:00","guid":{"rendered":"https:\/\/www.hoymercedes.com.ar\/principal\/?p=191395"},"modified":"2026-01-30T21:35:54","modified_gmt":"2026-01-31T00:35:54","slug":"final-feliz-chloe-fue-operada-con-exito-gracias-a-la-solidaridad-de-mercedes","status":"publish","type":"post","link":"https:\/\/www.hoymercedes.com.ar\/principal\/2026\/02\/01\/final-feliz-chloe-fue-operada-con-exito-gracias-a-la-solidaridad-de-mercedes\/","title":{"rendered":"Final feliz: Chloe fue operada con \u00e9xito gracias a la solidaridad de Mercedes"},"content":{"rendered":"\n<p>La historia de <strong>Chloe<\/strong>, una ni\u00f1a de <strong>5 a\u00f1os de Mercedes<\/strong>, tuvo un desenlace esperanzador este <strong>viernes 30 de enero de 2026<\/strong>, luego de que fuera sometida con \u00e9xito a una <strong>operaci\u00f3n ocular que necesitaba con urgencia<\/strong>.<\/p>\n\n\n\n<figure class=\"wp-block-image size-full\"><img loading=\"lazy\" decoding=\"async\" width=\"800\" height=\"600\" data-attachment-id=\"191396\" data-permalink=\"https:\/\/www.hoymercedes.com.ar\/principal\/2026\/02\/01\/final-feliz-chloe-fue-operada-con-exito-gracias-a-la-solidaridad-de-mercedes\/whatsapp-image-2026-01-30-at-21-35-07\/#main\" data-orig-file=\"https:\/\/www.hoymercedes.com.ar\/principal\/wp-content\/uploads\/2026\/01\/WhatsApp-Image-2026-01-30-at-21.35.07.jpeg\" data-orig-size=\"800,600\" data-comments-opened=\"0\" data-image-meta=\"{&quot;aperture&quot;:&quot;0&quot;,&quot;credit&quot;:&quot;&quot;,&quot;camera&quot;:&quot;&quot;,&quot;caption&quot;:&quot;&quot;,&quot;created_timestamp&quot;:&quot;0&quot;,&quot;copyright&quot;:&quot;&quot;,&quot;focal_length&quot;:&quot;0&quot;,&quot;iso&quot;:&quot;0&quot;,&quot;shutter_speed&quot;:&quot;0&quot;,&quot;title&quot;:&quot;&quot;,&quot;orientation&quot;:&quot;0&quot;}\" data-image-title=\"WhatsApp Image 2026-01-30 at 21.35.07\" data-image-description=\"\" data-image-caption=\"\" data-large-file=\"https:\/\/www.hoymercedes.com.ar\/principal\/wp-content\/uploads\/2026\/01\/WhatsApp-Image-2026-01-30-at-21.35.07.jpeg\" src=\"https:\/\/www.hoymercedes.com.ar\/principal\/wp-content\/uploads\/2026\/01\/WhatsApp-Image-2026-01-30-at-21.35.07.jpeg\" alt=\"\" class=\"wp-image-191396\" srcset=\"https:\/\/www.hoymercedes.com.ar\/principal\/wp-content\/uploads\/2026\/01\/WhatsApp-Image-2026-01-30-at-21.35.07.jpeg 800w, https:\/\/www.hoymercedes.com.ar\/principal\/wp-content\/uploads\/2026\/01\/WhatsApp-Image-2026-01-30-at-21.35.07-630x473.jpeg 630w, https:\/\/www.hoymercedes.com.ar\/principal\/wp-content\/uploads\/2026\/01\/WhatsApp-Image-2026-01-30-at-21.35.07-150x113.jpeg 150w\" sizes=\"auto, (max-width: 800px) 100vw, 800px\" \/><\/figure>\n\n\n\n<p>La intervenci\u00f3n, realizada en una <strong>cl\u00ednica privada de la Ciudad de Buenos Aires por el Dr. Nicol\u00e1s Cappa<\/strong>, comenz\u00f3 a las <strong>7:40 a. m.<\/strong> y tras alrededor de una hora de operaci\u00f3n, se confirm\u00f3 que todo hab\u00eda salido bien. Esta cirug\u00eda era imprescindible para corregir un problema visual que, seg\u00fan estimaciones del sistema p\u00fablico de salud, <strong>podr\u00eda haber demorado hasta seis a\u00f1os sin este apoyo<\/strong>.<\/p>\n\n\n\n<p>El logro fue posible <strong>gracias a la enorme solidaridad de los vecinos de Mercedes<\/strong>, que en muy poco tiempo reunieron los <strong>3,5 millones de pesos necesarios para cubrir los gastos de la cirug\u00eda<\/strong>, luego de que la comunidad se movilizara para apoyar a la familia.<\/p>\n\n\n\n<p>La mam\u00e1 de la ni\u00f1a, <strong>Antonella<\/strong>, relat\u00f3 que el transcurso de la jornada estuvo cargado de nervios y emoci\u00f3n, pero celebr\u00f3 el resultado positivo y explic\u00f3 que, si todo contin\u00faa bien, <strong>Chloe podr\u00eda recibir el alta pronto y regresar a Mercedes el domingo, tras un \u00faltimo chequeo m\u00e9dico<\/strong> en Buenos Aires.<\/p>\n\n\n\n<p>Tras la operaci\u00f3n, Chloe deber\u00e1 <strong>guardar reposo y cuidados especiales durante un mes<\/strong> para asegurar su recuperaci\u00f3n total. La familia, emocionada, agradeci\u00f3 p\u00fablicamente a todos los que colaboraron para que la intervenci\u00f3n fuera posible.<\/p>\n","protected":false},"excerpt":{"rendered":"<p>La historia de Chloe, una ni\u00f1a de 5 a\u00f1os de Mercedes, tuvo un desenlace esperanzador este viernes 30 de enero &#8230; <a title=\"Final feliz: Chloe fue operada con \u00e9xito gracias a la solidaridad de Mercedes\" class=\"read-more\" href=\"https:\/\/www.hoymercedes.com.ar\/principal\/2026\/02\/01\/final-feliz-chloe-fue-operada-con-exito-gracias-a-la-solidaridad-de-mercedes\/\" aria-label=\"Leer m\u00e1s sobre Final feliz: Chloe fue operada con \u00e9xito gracias a la solidaridad de Mercedes\">Leer m\u00e1s<\/a><\/p>\n","protected":false},"author":1,"featured_media":191396,"comment_status":"closed","ping_status":"open","sticky":false,"template":"","format":"standard","meta":{"_monsterinsights_skip_tracking":false,"_monsterinsights_sitenote_active":false,"_monsterinsights_sitenote_note":"","_monsterinsights_sitenote_category":0,"jetpack_post_was_ever_published":false,"_jetpack_newsletter_access":"","_jetpack_dont_email_post_to_subs":false,"_jetpack_newsletter_tier_id":0,"_jetpack_memberships_contains_paywalled_content":false,"_jetpack_memberships_contains_paid_content":false,"footnotes":"","jetpack_publicize_message":"","jetpack_publicize_feature_enabled":true,"jetpack_social_post_already_shared":true,"jetpack_social_options":{"image_generator_settings":{"template":"highway","default_image_id":0,"font":"","enabled":false},"version":2},"_wpas_customize_per_network":false},"categories":[8],"tags":[],"class_list":["post-191395","post","type-post","status-publish","format-standard","has-post-thumbnail","hentry","category-sociedad","generate-columns","tablet-grid-50","mobile-grid-100","grid-parent","grid-50"],"jetpack_publicize_connections":[],"jetpack_featured_media_url":"https:\/\/www.hoymercedes.com.ar\/principal\/wp-content\/uploads\/2026\/01\/WhatsApp-Image-2026-01-30-at-21.35.07.jpeg","wps_subtitle":"","jetpack_sharing_enabled":true,"_links":{"self":[{"href":"https:\/\/www.hoymercedes.com.ar\/principal\/wp-json\/wp\/v2\/posts\/191395","targetHints":{"allow":["GET"]}}],"collection":[{"href":"https:\/\/www.hoymercedes.com.ar\/principal\/wp-json\/wp\/v2\/posts"}],"about":[{"href":"https:\/\/www.hoymercedes.com.ar\/principal\/wp-json\/wp\/v2\/types\/post"}],"author":[{"embeddable":true,"href":"https:\/\/www.hoymercedes.com.ar\/principal\/wp-json\/wp\/v2\/users\/1"}],"replies":[{"embeddable":true,"href":"https:\/\/www.hoymercedes.com.ar\/principal\/wp-json\/wp\/v2\/comments?post=191395"}],"version-history":[{"count":1,"href":"https:\/\/www.hoymercedes.com.ar\/principal\/wp-json\/wp\/v2\/posts\/191395\/revisions"}],"predecessor-version":[{"id":191397,"href":"https:\/\/www.hoymercedes.com.ar\/principal\/wp-json\/wp\/v2\/posts\/191395\/revisions\/191397"}],"wp:featuredmedia":[{"embeddable":true,"href":"https:\/\/www.hoymercedes.com.ar\/principal\/wp-json\/wp\/v2\/media\/191396"}],"wp:attachment":[{"href":"https:\/\/www.hoymercedes.com.ar\/principal\/wp-json\/wp\/v2\/media?parent=191395"}],"wp:term":[{"taxonomy":"category","embeddable":true,"href":"https:\/\/www.hoymercedes.com.ar\/principal\/wp-json\/wp\/v2\/categories?post=191395"},{"taxonomy":"post_tag","embeddable":true,"href":"https:\/\/www.hoymercedes.com.ar\/principal\/wp-json\/wp\/v2\/tags?post=191395"}],"curies":[{"name":"wp","href":"https:\/\/api.w.org\/{rel}","templated":true}]}}