{"id":191413,"date":"2026-02-01T19:09:37","date_gmt":"2026-02-01T22:09:37","guid":{"rendered":"https:\/\/www.hoymercedes.com.ar\/principal\/?p=191413"},"modified":"2026-02-01T19:09:39","modified_gmt":"2026-02-01T22:09:39","slug":"club-mercedes-sumo-rodaje-en-amistosos-ante-lujan-pero-cayo-en-ambos-duelos","status":"publish","type":"post","link":"https:\/\/www.hoymercedes.com.ar\/principal\/2026\/02\/01\/club-mercedes-sumo-rodaje-en-amistosos-ante-lujan-pero-cayo-en-ambos-duelos\/","title":{"rendered":"Club Mercedes sum\u00f3 rodaje en amistosos ante Luj\u00e1n pero cay\u00f3 en ambos duelos"},"content":{"rendered":"\n<p>Club Mercedes continu\u00f3 con su preparaci\u00f3n de cara al inicio de la temporada de la Primera C con una doble visita al <em>Club Luj\u00e1n<\/em> en el Estadio 1\u00b0 de Abril, donde disput\u00f3 dos partidos amistosos este s\u00e1bado por la ma\u00f1ana.<\/p>\n\n\n\n<figure class=\"wp-block-image size-full\"><img loading=\"lazy\" decoding=\"async\" width=\"648\" height=\"648\" data-attachment-id=\"191415\" data-permalink=\"https:\/\/www.hoymercedes.com.ar\/principal\/club-mercedes-lujan-amistoso-2\/\" data-orig-file=\"https:\/\/www.hoymercedes.com.ar\/principal\/wp-content\/uploads\/2026\/02\/Club-Mercedes-Lujan-Amistoso-edited.png\" data-orig-size=\"648,648\" data-comments-opened=\"0\" data-image-meta=\"{&quot;aperture&quot;:&quot;0&quot;,&quot;credit&quot;:&quot;&quot;,&quot;camera&quot;:&quot;&quot;,&quot;caption&quot;:&quot;&quot;,&quot;created_timestamp&quot;:&quot;0&quot;,&quot;copyright&quot;:&quot;&quot;,&quot;focal_length&quot;:&quot;0&quot;,&quot;iso&quot;:&quot;0&quot;,&quot;shutter_speed&quot;:&quot;0&quot;,&quot;title&quot;:&quot;&quot;,&quot;orientation&quot;:&quot;0&quot;}\" data-image-title=\"Club Mercedes Lujan Amistoso\" data-image-description=\"\" data-image-caption=\"\" data-large-file=\"https:\/\/www.hoymercedes.com.ar\/principal\/wp-content\/uploads\/2026\/02\/Club-Mercedes-Lujan-Amistoso-edited.png\" src=\"https:\/\/www.hoymercedes.com.ar\/principal\/wp-content\/uploads\/2026\/02\/Club-Mercedes-Lujan-Amistoso-edited.png\" alt=\"\" class=\"wp-image-191415\" srcset=\"https:\/\/www.hoymercedes.com.ar\/principal\/wp-content\/uploads\/2026\/02\/Club-Mercedes-Lujan-Amistoso-edited.png 648w, https:\/\/www.hoymercedes.com.ar\/principal\/wp-content\/uploads\/2026\/02\/Club-Mercedes-Lujan-Amistoso-edited-620x620.png 620w, https:\/\/www.hoymercedes.com.ar\/principal\/wp-content\/uploads\/2026\/02\/Club-Mercedes-Lujan-Amistoso-edited-150x150.png 150w\" sizes=\"auto, (max-width: 648px) 100vw, 648px\" \/><\/figure>\n\n\n\n<p>En el primer encuentro, el equipo local se impuso por <strong>1 a 0 con un gol desde el punto penal<\/strong>, mientras que en el segundo choque el \u201cLujanero\u201d volvi\u00f3 a festejar con una victoria por <strong>2 a 0 ante el conjunto mercedino<\/strong>.<\/p>\n\n\n\n<p>El entrenador Oscar Mena aprovech\u00f3 las pruebas para rotar el plantel y dar minutos a varios jugadores, incluidos juveniles, con el objetivo de ajustar detalles f\u00edsicos y t\u00e1cticos antes del debut oficial.<\/p>\n\n\n\n<p>A pesar de las derrotas, estos ensayos fueron valorados como positivos en el proceso de preparaci\u00f3n, y el equipo volver\u00e1 a los entrenamientos este lunes para seguir afinando su puesta a punto.<\/p>\n","protected":false},"excerpt":{"rendered":"<p>Club Mercedes continu\u00f3 con su preparaci\u00f3n de cara al inicio de la temporada de la Primera C con una doble &#8230; <a title=\"Club Mercedes sum\u00f3 rodaje en amistosos ante Luj\u00e1n pero cay\u00f3 en ambos duelos\" class=\"read-more\" href=\"https:\/\/www.hoymercedes.com.ar\/principal\/2026\/02\/01\/club-mercedes-sumo-rodaje-en-amistosos-ante-lujan-pero-cayo-en-ambos-duelos\/\" aria-label=\"Leer m\u00e1s sobre Club Mercedes sum\u00f3 rodaje en amistosos ante Luj\u00e1n pero cay\u00f3 en ambos duelos\">Leer m\u00e1s<\/a><\/p>\n","protected":false},"author":1,"featured_media":191415,"comment_status":"closed","ping_status":"open","sticky":false,"template":"","format":"standard","meta":{"_monsterinsights_skip_tracking":false,"_monsterinsights_sitenote_active":false,"_monsterinsights_sitenote_note":"","_monsterinsights_sitenote_category":0,"jetpack_post_was_ever_published":false,"_jetpack_newsletter_access":"","_jetpack_dont_email_post_to_subs":false,"_jetpack_newsletter_tier_id":0,"_jetpack_memberships_contains_paywalled_content":false,"_jetpack_memberships_contains_paid_content":false,"footnotes":"","jetpack_publicize_message":"","jetpack_publicize_feature_enabled":true,"jetpack_social_post_already_shared":true,"jetpack_social_options":{"image_generator_settings":{"template":"highway","default_image_id":0,"font":"","enabled":false},"version":2},"_wpas_customize_per_network":false},"categories":[21],"tags":[],"class_list":["post-191413","post","type-post","status-publish","format-standard","has-post-thumbnail","hentry","category-deportes","generate-columns","tablet-grid-50","mobile-grid-100","grid-parent","grid-50"],"jetpack_publicize_connections":[],"jetpack_featured_media_url":"https:\/\/www.hoymercedes.com.ar\/principal\/wp-content\/uploads\/2026\/02\/Club-Mercedes-Lujan-Amistoso-edited.png","wps_subtitle":"","jetpack_sharing_enabled":true,"_links":{"self":[{"href":"https:\/\/www.hoymercedes.com.ar\/principal\/wp-json\/wp\/v2\/posts\/191413","targetHints":{"allow":["GET"]}}],"collection":[{"href":"https:\/\/www.hoymercedes.com.ar\/principal\/wp-json\/wp\/v2\/posts"}],"about":[{"href":"https:\/\/www.hoymercedes.com.ar\/principal\/wp-json\/wp\/v2\/types\/post"}],"author":[{"embeddable":true,"href":"https:\/\/www.hoymercedes.com.ar\/principal\/wp-json\/wp\/v2\/users\/1"}],"replies":[{"embeddable":true,"href":"https:\/\/www.hoymercedes.com.ar\/principal\/wp-json\/wp\/v2\/comments?post=191413"}],"version-history":[{"count":1,"href":"https:\/\/www.hoymercedes.com.ar\/principal\/wp-json\/wp\/v2\/posts\/191413\/revisions"}],"predecessor-version":[{"id":191416,"href":"https:\/\/www.hoymercedes.com.ar\/principal\/wp-json\/wp\/v2\/posts\/191413\/revisions\/191416"}],"wp:featuredmedia":[{"embeddable":true,"href":"https:\/\/www.hoymercedes.com.ar\/principal\/wp-json\/wp\/v2\/media\/191415"}],"wp:attachment":[{"href":"https:\/\/www.hoymercedes.com.ar\/principal\/wp-json\/wp\/v2\/media?parent=191413"}],"wp:term":[{"taxonomy":"category","embeddable":true,"href":"https:\/\/www.hoymercedes.com.ar\/principal\/wp-json\/wp\/v2\/categories?post=191413"},{"taxonomy":"post_tag","embeddable":true,"href":"https:\/\/www.hoymercedes.com.ar\/principal\/wp-json\/wp\/v2\/tags?post=191413"}],"curies":[{"name":"wp","href":"https:\/\/api.w.org\/{rel}","templated":true}]}}